{"id":997,"date":"2026-01-24T12:46:24","date_gmt":"2026-01-24T12:46:24","guid":{"rendered":"https:\/\/lifevery.biz.ua\/?p=997"},"modified":"2026-01-24T12:46:24","modified_gmt":"2026-01-24T12:46:24","slug":"siostra-tomasza-jakubiaka-przerwala-milczenie-w-dzien-wszystkich-swietych-jej-slowa-lamia-serce","status":"publish","type":"post","link":"https:\/\/lifevery.biz.ua\/?p=997","title":{"rendered":"Siostra Tomasza Jakubiaka przerwa\u0142a milczenie w Dzie\u0144 Wszystkich \u015awi\u0119tych. Jej s\u0142owa \u0142ami\u0105 serce"},"content":{"rendered":"\n<p>Cho\u0107 Katarzyna Zieli\u0144ska od lat jest obecna w show-biznesie, konsekwentnie trzyma swoje \u017cycie prywatne z dala od medialnego zgie\u0142ku. Rzadko dzieli si\u0119 zdj\u0119ciami swoich syn\u00f3w, a je\u015bli ju\u017c to robi, zawsze dba o ich prywatno\u015b\u0107. Z aktork\u0105 kojarzymy u\u015bmiech, pogod\u0119 ducha i dystans do siebie, ale s\u0105 tematy, kt\u00f3re otwieraj\u0105 w niej zupe\u0142nie inn\u0105, pe\u0142n\u0105 emocji stron\u0119. Jednym z nich jest pami\u0119\u0107 o zmar\u0142ej mamie.<\/p>\n\n\n\n<p>W lipcu 2021 roku fani Zieli\u0144skiej po raz pierwszy dowiedzieli si\u0119 o wielkiej tragedii w jej \u017cyciu \u2013 odej\u015bciu ukochanej matki. Aktorka nie nag\u0142a\u015bnia\u0142a wtedy tego wydarzenia, nie udziela\u0142a wywiad\u00f3w, nie opowiada\u0142a o swoim b\u00f3lu. Dopiero po czasie w jej mediach spo\u0142eczno\u015bciowych pojawi\u0142 si\u0119 wpis, kt\u00f3ry do dzi\u015b porusza:<\/p>\n\n\n\n<p>Od ponad tygodnia niebo ma kolor twoich oczu. Jest jeszcze bardziej niebieskie. Jest pi\u0119kne. Szukamy ci\u0119 z&nbsp;Heniem i&nbsp;Alesiem na ka\u017cdej chmurce. To takie trudne, mamo \u2013 napisa\u0142a w\u00f3wczas.<\/p>\n\n\n\n<p>Od tamtej pory Dzie\u0144 Wszystkich \u015awi\u0119tych sta\u0142 si\u0119 dla Katarzyny Zieli\u0144skiej momentem szczeg\u00f3lnej refleksji. W tym roku aktorka postanowi\u0142a uczci\u0107 pami\u0119\u0107 swojej mamy w wyj\u0105tkowy spos\u00f3b \u2013 zamie\u015bci\u0142a w sieci nagranie, w kt\u00f3rym odtwarza taniec rodzicielki z fili\u017cank\u0105 w d\u0142oni. To symboliczny gest \u2013 prosty, ciep\u0142y i bardzo osobisty. W opisie doda\u0142a s\u0142owa, kt\u00f3re oddaj\u0105 ca\u0142\u0105 t\u0119sknot\u0119, jak\u0105 w sobie nosi:<\/p>\n\n\n\n<p>Mami. T\u0119skni\u0119. Codziennie dzwoni\u0119 tam do Nieba\u2026 Patrzaj z g\u00f3ry! Widzisz? \u2013 napisa\u0142a.<\/p>\n\n\n\n<p>W relacji na Instagramie Zieli\u0144ska otworzy\u0142a si\u0119 jeszcze bardziej, dziel\u0105c si\u0119 swoimi uczuciami wobec 1 listopada \u2013 dnia, kt\u00f3ry dla wielu Polak\u00f3w jest \u015bwi\u0119tem zadumy, ale dla niej ma zupe\u0142nie inny wymiar.<\/p>\n\n\n\n<p>Mami, jako\u015b nie lubi\u0119 tego dnia, za bardzo mi oczy \u0142zawi\u0105. Nie lubi\u0119 tych zniczy, tego t\u0142umu, tych setek oczu. Wol\u0119 spok\u00f3j i&nbsp;b\u0142\u0119kitne niebo albo deszcz i&nbsp;kawk\u0119 sam na sam z&nbsp;Tob\u0105&nbsp;jak zwykle. Wtedy lepiej, pro\u015bciej, zwyczajniej z&nbsp;Tob\u0105. Wiem to tak na luzie, jak lubi\u0142a\u015b. Jutro zadzwoni\u0119 my\u015blami, patrz z&nbsp;g\u00f3ry&nbsp;\u2013&nbsp;czytamy.<\/p>\n\n\n\n<p>Jej s\u0142owa trafi\u0142y do tysi\u0119cy obserwator\u00f3w, kt\u00f3rzy w komentarzach podzielili si\u0119 w\u0142asnymi historiami i emocjami. Wielu z nich przyzna\u0142o, \u017ce 1 listopada r\u00f3wnie\u017c nie jest dla nich \u0142atwym dniem. To moment, w kt\u00f3rym wspomnienia wracaj\u0105 z ogromn\u0105 si\u0142\u0105, a t\u0142umne wizyty na cmentarzach tylko pot\u0119guj\u0105 smutek. Wsp\u00f3lne prze\u017cywanie tej t\u0119sknoty w sieci sprawi\u0142o, \u017ce post Zieli\u0144skiej sta\u0142 si\u0119 czym\u015b wi\u0119cej ni\u017c wpisem \u2013 by\u0142 wsp\u00f3ln\u0105 rozmow\u0105 o stracie, kt\u00f3ra \u0142\u0105czy ludzi ponad podzia\u0142ami.<\/p>\n\n\n\n<p>Ja te\u017c t\u0119skni\u0119 za moj\u0105 ukochan\u0105 mam\u0105, ju\u017c 40 lat, czas bez niej up\u0142ywa, a t\u0119sknota nie mija; T\u0119sknoty za mam\u0105 si\u0119 nie da opisa\u0107; Ja te\u017c nie mam ju\u017c mamy \u2013 pisa\u0142y obserwatorki.<\/p>\n\n\n\n<p>Dla aktorki pami\u0119\u0107 o mamie to nie tylko odwiedzanie grobu, ale codzienne my\u015blenie, wspominanie i wdzi\u0119czno\u015b\u0107 za wsp\u00f3lnie sp\u0119dzone chwile. Ka\u017cdy wpis, ka\u017cde zdj\u0119cie, ka\u017cda historia to spos\u00f3b, by zatrzyma\u0107 tamten u\u015bmiech, gest, s\u0142owo. To forma obecno\u015bci, kt\u00f3rej nie przerywa nawet \u015bmier\u0107.<\/p>\n\n\n\n<p>\u201eCodziennie dzwoni\u0119 tam do Nieba\u2026\u201d \u2013 napisa\u0142a Zieli\u0144ska. W tych kilku s\u0142owach zamkn\u0119\u0142a wszystko \u2013 t\u0119sknot\u0119, wiar\u0119 i potrzeb\u0119 blisko\u015bci, kt\u00f3rej nie da si\u0119 zaspokoi\u0107 w \u017caden inny spos\u00f3b.<\/p>\n\n\n\n<p>POLECAMY: Martyna Wojciechowska wspomina ojca w Dniu Wszystkich \u015awi\u0119tych. \u201eTatku, dzi\u0119kuj\u0119 Ci za wszystko\u201d<\/p>\n\n\n\n<p>Dla wielu os\u00f3b 1 listopada to dzie\u0144 wyj\u0105tkowy \u2013 g\u0142\u0119boko zakorzeniony w polskiej tradycji i emocjach. To wtedy miliony ludzi wyruszaj\u0105 w drog\u0119, by odwiedzi\u0107 groby swoich bliskich. Polskie cmentarze roz\u015bwietlaj\u0105 si\u0119 tysi\u0105cami zniczy, tworz\u0105c niepowtarzalny pejza\u017c \u015bwiat\u0142a, zadumy i ciszy. W powietrzu unosi si\u0119 zapach wosku, dym z pal\u0105cych si\u0119 lampion\u00f3w i cicha rozmowa tych, kt\u00f3rzy przyszli odda\u0107 ho\u0142d tym, kt\u00f3rych ju\u017c z nimi nie ma. Znicze, kwiaty, modlitwa \u2013 to symbole pami\u0119ci, kt\u00f3re od pokole\u0144 wpisuj\u0105 si\u0119 w rytm naszego listopadowego krajobrazu.<\/p>\n\n\n\n<p>Ale jak pokazuje przyk\u0142ad Katarzyny Zieli\u0144skiej, ka\u017cdy z nas prze\u017cywa ten dzie\u0144 na sw\u00f3j spos\u00f3b. Dla jednych to chwila skupienia na cmentarzu, wsp\u00f3lne odwiedzanie grob\u00f3w i rozmowy przy marmurowych nagrobkach. Dla innych \u2013 cichy moment w domu, przy kubku gor\u0105cej kawy, gdy w ciszy mo\u017cna przywo\u0142a\u0107 wspomnienia, kt\u00f3re nie mieszcz\u0105 si\u0119 w t\u0142umie i zgie\u0142ku. Bo pami\u0119\u0107 nie potrzebuje t\u0142um\u00f3w \u2013 wystarczy jedno wspomnienie, jedna my\u015bl, jedno \u201et\u0119skni\u0119\u201d.<\/p>\n\n\n\n<p>Coraz wi\u0119cej os\u00f3b otwarcie przyznaje, \u017ce nie przepada za t\u0142umami, korkami i po\u015bpiechem, kt\u00f3re towarzysz\u0105 Wszystkim \u015awi\u0119tym. To dzie\u0144, w kt\u00f3rym drogi zapychaj\u0105 si\u0119 autami, a na cmentarzach trudno znale\u017a\u0107 chwil\u0119 spokoju. Dlatego wielu Polak\u00f3w decyduje si\u0119 odwiedza\u0107 groby wcze\u015bniej lub kilka dni p\u00f3\u017aniej, gdy mo\u017cna zatrzyma\u0107 si\u0119 w ciszy, bez presji i po\u015bpiechu. W ko\u0144cu pami\u0119\u0107 o zmar\u0142ych nie ogranicza si\u0119 do jednego dnia w roku.<\/p>\n\n\n\n<p>Mo\u017cna j\u0105 piel\u0119gnowa\u0107 ka\u017cdego dnia \u2013 w drobnych gestach, wspomnieniach i rozmowach. W zapachu perfum, kt\u00f3ry przypomina mam\u0119. W melodii, kt\u00f3r\u0105 nuci\u0142 tata. W rodzinnych zdj\u0119ciach, kt\u00f3re przegl\u0105damy wieczorem, albo w cichym u\u015bmiechu, kt\u00f3ry pojawia si\u0119 wtedy, gdy kto\u015b z naszych bliskich przychodzi nam na my\u015bl. Dla wielu to w\u0142a\u015bnie te codzienne momenty staj\u0105 si\u0119 prawdziwym ho\u0142dem \u2013 bardziej osobistym ni\u017c najbardziej okaza\u0142y znicz.<\/p>\n\n\n\n<p>Bo pami\u0119\u0107 nie jest obowi\u0105zkiem, lecz wyborem. A mi\u0142o\u015b\u0107 do tych, kt\u00f3rzy odeszli, nie ko\u0144czy si\u0119 na cmentarzu \u2013 trwa w nas, dop\u00f3ki o nich m\u00f3wimy, dop\u00f3ki ich wspominamy i dop\u00f3ki uczymy innych, \u017ce warto pami\u0119ta\u0107.<\/p>\n\n\n\n<p>ZOBACZ R\u00d3WNIE\u017b: Tak dzi\u015b wygl\u0105da gr\u00f3b Soni Szklanowskiej. Mama pokaza\u0142a zdj\u0119cie, kt\u00f3re chwyta za serce<\/p>\n\n\n\n<p>Jakie Wy macie podej\u015bcie do \u015awi\u0119ta Zmar\u0142ych? Dajcie zna\u0107 w komentarzu pod artyku\u0142em oraz na Instagramie, Facebooku i TikToku!<\/p>\n","protected":false},"excerpt":{"rendered":"Cho\u0107 Katarzyna Zieli\u0144ska od lat jest obecna w show-biznesie, konsekwentnie trzyma swoje \u017cycie prywatne z dala od medialnego zgie\u0142ku. Rzadko dzieli si\u0119 zdj\u0119ciami \n<a class=\"moretag\" href=\"https:\/\/lifevery.biz.ua\/?p=997\"> [...]<\/a>","protected":false},"author":1,"featured_media":998,"comment_status":"open","ping_status":"open","sticky":false,"template":"","format":"standard","meta":{"footnotes":""},"categories":[1],"tags":[],"class_list":["post-997","post","type-post","status-publish","format-standard","has-post-thumbnail","hentry","category-blog"],"_links":{"self":[{"href":"https:\/\/lifevery.biz.ua\/index.php?rest_route=\/wp\/v2\/posts\/997","targetHints":{"allow":["GET"]}}],"collection":[{"href":"https:\/\/lifevery.biz.ua\/index.php?rest_route=\/wp\/v2\/posts"}],"about":[{"href":"https:\/\/lifevery.biz.ua\/index.php?rest_route=\/wp\/v2\/types\/post"}],"author":[{"embeddable":true,"href":"https:\/\/lifevery.biz.ua\/index.php?rest_route=\/wp\/v2\/users\/1"}],"replies":[{"embeddable":true,"href":"https:\/\/lifevery.biz.ua\/index.php?rest_route=%2Fwp%2Fv2%2Fcomments&post=997"}],"version-history":[{"count":1,"href":"https:\/\/lifevery.biz.ua\/index.php?rest_route=\/wp\/v2\/posts\/997\/revisions"}],"predecessor-version":[{"id":999,"href":"https:\/\/lifevery.biz.ua\/index.php?rest_route=\/wp\/v2\/posts\/997\/revisions\/999"}],"wp:featuredmedia":[{"embeddable":true,"href":"https:\/\/lifevery.biz.ua\/index.php?rest_route=\/wp\/v2\/media\/998"}],"wp:attachment":[{"href":"https:\/\/lifevery.biz.ua\/index.php?rest_route=%2Fwp%2Fv2%2Fmedia&parent=997"}],"wp:term":[{"taxonomy":"category","embeddable":true,"href":"https:\/\/lifevery.biz.ua\/index.php?rest_route=%2Fwp%2Fv2%2Fcategories&post=997"},{"taxonomy":"post_tag","embeddable":true,"href":"https:\/\/lifevery.biz.ua\/index.php?rest_route=%2Fwp%2Fv2%2Ftags&post=997"}],"curies":[{"name":"wp","href":"https:\/\/api.w.org\/{rel}","templated":true}]}}