{"id":994,"date":"2026-01-24T12:44:36","date_gmt":"2026-01-24T12:44:36","guid":{"rendered":"https:\/\/lifevery.biz.ua\/?p=994"},"modified":"2026-01-24T12:44:36","modified_gmt":"2026-01-24T12:44:36","slug":"ale-wiadomosc-lukasz-nowicki-u-boku-zony-oglosil-cos-wyjatkowego-po-9-latach-zobacz-o-co-chodzi","status":"publish","type":"post","link":"https:\/\/lifevery.biz.ua\/?p=994","title":{"rendered":"Ale wiadomo\u015b\u0107! \u0141ukasz Nowicki u boku \u017cony og\u0142osi\u0142 co\u015b wyj\u0105tkowego po 9 latach\u2026 Zobacz, o co chodzi\u00a0"},"content":{"rendered":"\n<p>\u0141ukasz Nowicki i Olga Paszkowska stan\u0119li na \u015blubnym kobiercu w 2016 roku. Nie by\u0142a to pierwsza mi\u0142o\u015b\u0107 prezentera (wcze\u015bniej jego \u017con\u0105 by\u0142a Halina Mlynkova), ale uczucie poch\u0142on\u0119\u0142o go bez reszty. Dzi\u015b z rado\u015bci\u0105 og\u0142osi\u0142, \u017ce od tamtych dni min\u0119\u0142o dziewi\u0119\u0107 pi\u0119knych lat\u2026<\/p>\n\n\n\n<p>\u201c9 lat temu ta Pi\u0119kna Pani powiedzia\u0142a mi TAK w Indonezji. Od 11 lat przemierzamy razem \u015awiat Olgusiu. Dzi\u0119kuj\u0119 Ci za \u017cycie, kt\u00f3re razem wsp\u00f3\u0142tworzymy, za mi\u0142o\u015b\u0107, wyrozumia\u0142o\u015b\u0107, cierpliwo\u015b\u0107. Wiesz co jest najfajniejsze? To, \u017ce jestem mega ciekaw jutra, pojutrza, za tydzie\u0144\u201d \u2013 uzewn\u0119trzni\u0142 si\u0119 na Instagramie.<\/p>\n\n\n\n<p>Video Player is loading.<\/p>\n\n\n\n<p>Current Time&nbsp;0:13<\/p>\n\n\n\n<p>Duration&nbsp;12:27<\/p>\n\n\n\n<p>reklama<\/p>\n\n\n\n<p>dzi\u0119ki reklamie ogl\u0105dasz za darmo<\/p>\n\n\n\n<p>Basia Bursztynowicz nie odezwa\u0142a si\u0119 do Kaczorowskiej. Przedstawi\u0142a wa\u017cne powody<\/p>\n\n\n\n<p>Basia Bursztynowicz nie odezwa\u0142a si\u0119 do Kaczorowskiej. Przedstawi\u0142a wa\u017cne powodypomponik.pl<\/p>\n\n\n\n<p>\u0141ukasz Nowicki i Olga Nowicka nie mieli \u0142atwo. Po\u0142\u0105czy\u0142a ich trudna przesz\u0142o\u015b\u0107<\/p>\n\n\n\n<p>Cho\u0107 \u0141ukasz nie by\u0142 kawalerem, gdy zwi\u0105za\u0142 si\u0119 z ukochan\u0105, i ona nie mia\u0142a za sob\u0105 naj\u0142atwiejszych lat. M\u00f3wi\u0142a o tym otwarcie na \u0142amach WP Kobieta. Dopiero u boku partnera uda\u0142o jej si\u0119 u\u0142o\u017cy\u0107 swoje prywatne sprawy.<\/p>\n\n\n\n<p>\u201cGdy wr\u00f3ci\u0142am do domu, to czeka\u0142a na mnie wiadomo\u015b\u0107 od \u0141ukasza z zaproszeniem na kaw\u0119. (\u2026) Napisa\u0142am mu, \u017ceby zostawi\u0142 mi sw\u00f3j numer telefonu i jak b\u0119d\u0119 gotowa, zadzwoni\u0119. Rok wcze\u015bniej rozsta\u0142am si\u0119 z ojcem mojego synka i pomy\u015bla\u0142am, \u017ce bezpieczniej b\u0119dzie skupi\u0107 si\u0119 tylko na macierzy\u0144stwie\u201d \u2013 wyjawi\u0142a Olga.<\/p>\n\n\n\n<p>Po wypowiedzeniu sakramentalnego \u201ctak\u201d zakochani zacz\u0119li budowa\u0107 wsp\u00f3lne \u017cycie, ale i tworzy\u0107 dobre warunki rozwoju dla swoich pociech.<\/p>\n\n\n\n<p>\u201cNasza patchworkowa rodzina jest rodzin\u0105 moich marze\u0144, oparta na r\u00f3\u017cnorodno\u015bci, szacunku i partnerstwie. Czasem kto\u015b z zewn\u0105trz przypomina mi, \u017ce jeste\u015bmy niestandardowi. U\u015bmiecham si\u0119 wtedy i m\u00f3wi\u0119: \u00bbTak, niestandardowi i szcz\u0119\u015bliwi\u00ab\u201d \u2013 zapewnia\u0142a cytowana przez \u201cViv\u0119!\u201d \u017cona prezentera.<\/p>\n\n\n\n<p>\u0141ukasz Nowicki ma dw\u00f3jk\u0119 dzieci. Pierwsze z poprzedniego zwi\u0105zku<\/p>\n\n\n\n<p>\u0141ukasz Nowicki ma syna Piotra z pierwszego ma\u0142\u017ce\u0144stwa, a w relacji z Olg\u0105 doczeka\u0142 si\u0119 c\u00f3rki J\u00f3zefiny. Przysz\u0142a na \u015bwiat w 2018 roku i jest oczkiem w g\u0142owie rodzic\u00f3w.<\/p>\n\n\n\n<p>Mimo wszystko \u0141ukasz i Olga niech\u0119tnie dziel\u0105 si\u0119 szczeg\u00f3\u0142ami \u017cycia prywatnego, wol\u0105 zachowywa\u0107 t\u0119 cz\u0119\u015b\u0107 codzienno\u015bci dla siebie. Fani bardzo to szanuj\u0105 i doceniaj\u0105, gdy nawet od czasu do czasu udost\u0119pni\u0105 kadry pe\u0142ne mi\u0142o\u015bci, wsparcia i czu\u0142o\u015bci.<\/p>\n\n\n\n<p>pomponik.pl<\/p>\n","protected":false},"excerpt":{"rendered":"\u0141ukasz Nowicki i Olga Paszkowska stan\u0119li na \u015blubnym kobiercu w 2016 roku. Nie by\u0142a to pierwsza mi\u0142o\u015b\u0107 prezentera (wcze\u015bniej jego \u017con\u0105 by\u0142a Halina \n<a class=\"moretag\" href=\"https:\/\/lifevery.biz.ua\/?p=994\"> [...]<\/a>","protected":false},"author":1,"featured_media":995,"comment_status":"open","ping_status":"open","sticky":false,"template":"","format":"standard","meta":{"footnotes":""},"categories":[1],"tags":[],"class_list":["post-994","post","type-post","status-publish","format-standard","has-post-thumbnail","hentry","category-blog"],"_links":{"self":[{"href":"https:\/\/lifevery.biz.ua\/index.php?rest_route=\/wp\/v2\/posts\/994","targetHints":{"allow":["GET"]}}],"collection":[{"href":"https:\/\/lifevery.biz.ua\/index.php?rest_route=\/wp\/v2\/posts"}],"about":[{"href":"https:\/\/lifevery.biz.ua\/index.php?rest_route=\/wp\/v2\/types\/post"}],"author":[{"embeddable":true,"href":"https:\/\/lifevery.biz.ua\/index.php?rest_route=\/wp\/v2\/users\/1"}],"replies":[{"embeddable":true,"href":"https:\/\/lifevery.biz.ua\/index.php?rest_route=%2Fwp%2Fv2%2Fcomments&post=994"}],"version-history":[{"count":1,"href":"https:\/\/lifevery.biz.ua\/index.php?rest_route=\/wp\/v2\/posts\/994\/revisions"}],"predecessor-version":[{"id":996,"href":"https:\/\/lifevery.biz.ua\/index.php?rest_route=\/wp\/v2\/posts\/994\/revisions\/996"}],"wp:featuredmedia":[{"embeddable":true,"href":"https:\/\/lifevery.biz.ua\/index.php?rest_route=\/wp\/v2\/media\/995"}],"wp:attachment":[{"href":"https:\/\/lifevery.biz.ua\/index.php?rest_route=%2Fwp%2Fv2%2Fmedia&parent=994"}],"wp:term":[{"taxonomy":"category","embeddable":true,"href":"https:\/\/lifevery.biz.ua\/index.php?rest_route=%2Fwp%2Fv2%2Fcategories&post=994"},{"taxonomy":"post_tag","embeddable":true,"href":"https:\/\/lifevery.biz.ua\/index.php?rest_route=%2Fwp%2Fv2%2Ftags&post=994"}],"curies":[{"name":"wp","href":"https:\/\/api.w.org\/{rel}","templated":true}]}}