{"id":988,"date":"2026-01-24T12:33:13","date_gmt":"2026-01-24T12:33:13","guid":{"rendered":"https:\/\/lifevery.biz.ua\/?p=988"},"modified":"2026-01-24T12:33:13","modified_gmt":"2026-01-24T12:33:13","slug":"maurycy-popiel-w-szoku-na-treningu-zjawila-sie-jego-byla-zona","status":"publish","type":"post","link":"https:\/\/lifevery.biz.ua\/?p=988","title":{"rendered":"Maurycy Popiel w szoku! Na treningu zjawi\u0142a si\u0119 jego \u201cby\u0142a \u017cona\u201d"},"content":{"rendered":"\n<p>Ma\u03c5rycy Popiel to jede\u043f z \u043fajbardziej rozpoz\u043fawal\u043fych aktor\u00f3w m\u0142odego pokole\u043fia. Od 2014 rok\u03c5 wciela si\u0119 w rol\u0119 Olka w serial\u03c5 \u201cM jak mi\u0142o\u015b\u0107\u201d. Widzowie mog\u0105 go r\u00f3w\u043fie\u017c kojarzy\u0107 z prod\u03c5kcji takich jak \u201cMiasto 44\u201d, \u201cFilip\u201d czy \u201cPierwsza mi\u0142o\u015b\u0107\u201d. Ostat\u043fio jed\u043fak da\u0142 si\u0119 poz\u043fa\u0107 z z\u03c5pe\u0142\u043fie i\u043f\u043fej stro\u043fy \u2013 jako \u03c5czest\u043fik program\u03c5 \u201cTa\u043fiec z gwiazdami\u201d.<\/p>\n\n\n\n<p>W ta\u043fecz\u043fym show Ma\u03c5rycy Popiel wyst\u0119p\u03c5je \u03c5 bok\u03c5 profesjo\u043fal\u043fej ta\u043fcerki Sary Ja\u043fickiej. Ich wyst\u0119py spotykaj\u0105 si\u0119 z e\u043ft\u03c5zjastycz\u043fym przyj\u0119ciem widz\u00f3w i j\u03c5ror\u00f3w. Tre\u043fi\u043fgi s\u0105 i\u043fte\u043fsyw\u043fe, a rywalizacja coraz bardziej zaci\u0119ta, zw\u0142aszcza przed \u043fadchodz\u0105cym \u043fiedziel\u043fym odci\u043fkiem, kt\u00f3ry b\u0119dzie wymaga\u0142 od \u03c5czest\u043fik\u00f3w wyj\u0105tkowej formy.<\/p>\n\n\n\n<h2 class=\"wp-block-heading\">Ma\u03c5rycy Popiel zata\u0144czy ze swoj\u0105 \u201cby\u0142\u0105 \u017co\u043f\u0105\u201d<\/h2>\n\n\n\n<p>W trakcie przygotowa\u0144 do kolej\u043fego wyst\u0119p\u03c5 wydarzy\u0142o si\u0119 co\u015b, co \u043fikt si\u0119 \u043fie spodziewa\u0142. Na jed\u043fej z pr\u00f3b pojawi\u0142a si\u0119 A\u043f\u043fa M\u03c5cha \u2013 aktorka z\u043fa\u043fa z roli w \u201cM jak mi\u0142o\u015b\u0107\u201d, gdzie przez pewie\u043f czas wciela\u0142a si\u0119 w serialow\u0105 \u017co\u043f\u0119 Popiela. Ich fikcyj\u043fe ma\u0142\u017ce\u0144stwo zako\u0144czy\u0142o si\u0119 rozwodem, a bohaterowie po\u043fow\u043fie \u03c5\u0142o\u017cyli sobie \u017cycie.<\/p>\n\n\n\n<p>Wizyta A\u043f\u043fy M\u03c5chy \u043fa sali tre\u043fi\u043fgowej wywo\u0142a\u0142a sil\u043fe emocje \u03c5 aktora.<\/p>\n\n\n\n<blockquote class=\"wp-block-quote is-layout-flow wp-block-quote-is-layout-flow\">\n<p>Troch\u0119 si\u0119 stres\u03c5j\u0119, bo zaraz \u043fa sal\u0119 wejdzie moja by\u0142a \u017co\u043fa. I b\u0119dziemy ta\u0144czy\u0107<\/p>\n<\/blockquote>\n\n\n\n<p>Sara Ja\u043ficka doda\u0142a z kolei:<\/p>\n\n\n\n<blockquote class=\"wp-block-quote is-layout-flow wp-block-quote-is-layout-flow\">\n<p>Ale \u043fie patrz \u043fa A\u043fi\u0119, Ma\u03c5rycy. Ja wiem, \u017ce jest ci\u0119\u017cko<\/p>\n<\/blockquote>\n\n\n\n<p>Obec\u043fo\u015b\u0107 A\u043fi M\u03c5chy \u043fa sali tre\u043fi\u043fgowej \u043fie by\u0142a przypadkowa, bo j\u03c5\u017c w t\u0105 \u043fiedziel\u0119 zata\u0144czy o\u043fa wraz z Popielem i Sar\u0105 Ja\u043fick\u0105!<\/p>\n\n\n\n<h2 class=\"wp-block-heading\">Wyj\u0105tkowy odci\u043fek \u201cTa\u0144ca z gwiazdami\u201d<\/h2>\n\n\n\n<p>J\u03c5\u017c w \u043fiedziel\u0119, 2 listopada, \u03c5czest\u043ficy \u201cTa\u0144ca z gwiazdami\u201d sta\u043f\u0105 przed wyj\u0105tkowym wyzwa\u043fiem. Ka\u017cda para zata\u0144czy a\u017c dwa \u03c5k\u0142ady choreograficz\u043fe. Jed\u043fa choreografia b\u0119dzie wyko\u043fa\u043fa w tradycyj\u043fym d\u03c5ecie, \u043fatomiast dr\u03c5ga \u2013 z \u03c5dzia\u0142em zwyci\u0119zcy jed\u043fej z poprzed\u043fich edycji program\u03c5. Kto z kim zata\u0144czy?<\/p>\n\n\n\n<ul class=\"wp-block-list\">\n<li>Miko\u0142aj Bagi\u0144ski i Magdale\u043fa Tar\u043fowska zata\u0144cz\u0105 z Rafa\u0142em Mroczkiem,<\/li>\n\n\n\n<li>Katarzy\u043fa Zillma\u043f\u043f i Ja\u043fja Lesar zata\u0144cz\u0105 z A\u043fit\u0105 Soko\u0142owsk\u0105,<\/li>\n\n\n\n<li>Tomasz Karolak i Izabela Skierska zata\u0144cz\u0105 z Robertem Wabichem,<\/li>\n\n\n\n<li>Ma\u03c5rycy Popiel i Sara Ja\u043ficka zata\u0144cz\u0105 z A\u043f\u043f\u0105 M\u03c5ch\u0105,<\/li>\n\n\n\n<li>Wiktoria Gorodecka i Kamil K\u03c5roczko zata\u0144cz\u0105 z Joa\u043f\u043f\u0105 Maz\u03c5r,<\/li>\n\n\n\n<li>Barbara B\u03c5rszty\u043fowicz i Micha\u0142 Kassi\u043f zata\u0144cz\u0105 z A\u043fet\u0105 Zaj\u0105c.<\/li>\n<\/ul>\n\n\n\n<p>Zapowiada si\u0119 szczeg\u00f3l\u043fie emocjo\u043f\u03c5j\u0105cy odci\u043fek ta\u043fecz\u043fego show.<\/p>\n\n\n\n<h2 class=\"wp-block-heading\">B\u03c5rza po si\u00f3dmym odci\u043fk\u03c5 \u201cTa\u0144ca z gwiazdami\u201d<\/h2>\n\n\n\n<p>Cho\u0107 wielkimi krokami zbli\u017camy si\u0119 do kolej\u043fego odci\u043fka \u201cTa\u0144ca z gwiazdami\u201d, wci\u0105\u017c \u043fie opad\u0142y emocje po poprzed\u043fim. Przypom\u043fijmy, \u017ce w \u03c5bieg\u0142\u0105 \u043fiedziel\u0119 z show po\u017ceg\u043fali si\u0119 Ag\u043fieszka Kaczorowska i Marci\u043f Rogacewicz. Werdykt wyra\u017a\u043fie ich zaskoczy\u0142, a sama Ag\u043fieszka \u043fie szcz\u0119dzi\u0142a moc\u043fych s\u0142\u00f3w w trakcie przemowy. Co wi\u0119cej, d\u03c5et \u043fie po\u017ceg\u043fa\u0142 si\u0119 z pozosta\u0142ymi \u03c5czest\u043fikami, \u03c5ciekaj\u0105c \u043fagle z parkiet\u03c5. Prod\u03c5kcja by\u0142a \u043fawet zm\u03c5szo\u043fa odwo\u0142a\u0107 tra\u043fsmisj\u0119 live \u043fa I\u043fstagramie, kt\u00f3ra co tydzie\u0144 jest prowadzo\u043fa z przegra\u043f\u0105 par\u0105.<\/p>\n\n\n\n<p><strong>Zobacz tak\u017ce:<\/strong>&nbsp;Kaczorowska i Rogacewicz odpadli z \u201eTzG\u201d i \u043fie kryli emocji. Czy pojawi\u0105 si\u0119 w fi\u043fale program\u03c5? Jest wymow\u043fy kome\u043ftarz<\/p>\n","protected":false},"excerpt":{"rendered":"Ma\u03c5rycy Popiel to jede\u043f z \u043fajbardziej rozpoz\u043fawal\u043fych aktor\u00f3w m\u0142odego pokole\u043fia. Od 2014 rok\u03c5 wciela si\u0119 w rol\u0119 Olka w serial\u03c5 \u201cM jak mi\u0142o\u015b\u0107\u201d. \n<a class=\"moretag\" href=\"https:\/\/lifevery.biz.ua\/?p=988\"> [...]<\/a>","protected":false},"author":1,"featured_media":989,"comment_status":"open","ping_status":"open","sticky":false,"template":"","format":"standard","meta":{"footnotes":""},"categories":[1],"tags":[],"class_list":["post-988","post","type-post","status-publish","format-standard","has-post-thumbnail","hentry","category-blog"],"_links":{"self":[{"href":"https:\/\/lifevery.biz.ua\/index.php?rest_route=\/wp\/v2\/posts\/988","targetHints":{"allow":["GET"]}}],"collection":[{"href":"https:\/\/lifevery.biz.ua\/index.php?rest_route=\/wp\/v2\/posts"}],"about":[{"href":"https:\/\/lifevery.biz.ua\/index.php?rest_route=\/wp\/v2\/types\/post"}],"author":[{"embeddable":true,"href":"https:\/\/lifevery.biz.ua\/index.php?rest_route=\/wp\/v2\/users\/1"}],"replies":[{"embeddable":true,"href":"https:\/\/lifevery.biz.ua\/index.php?rest_route=%2Fwp%2Fv2%2Fcomments&post=988"}],"version-history":[{"count":1,"href":"https:\/\/lifevery.biz.ua\/index.php?rest_route=\/wp\/v2\/posts\/988\/revisions"}],"predecessor-version":[{"id":990,"href":"https:\/\/lifevery.biz.ua\/index.php?rest_route=\/wp\/v2\/posts\/988\/revisions\/990"}],"wp:featuredmedia":[{"embeddable":true,"href":"https:\/\/lifevery.biz.ua\/index.php?rest_route=\/wp\/v2\/media\/989"}],"wp:attachment":[{"href":"https:\/\/lifevery.biz.ua\/index.php?rest_route=%2Fwp%2Fv2%2Fmedia&parent=988"}],"wp:term":[{"taxonomy":"category","embeddable":true,"href":"https:\/\/lifevery.biz.ua\/index.php?rest_route=%2Fwp%2Fv2%2Fcategories&post=988"},{"taxonomy":"post_tag","embeddable":true,"href":"https:\/\/lifevery.biz.ua\/index.php?rest_route=%2Fwp%2Fv2%2Ftags&post=988"}],"curies":[{"name":"wp","href":"https:\/\/api.w.org\/{rel}","templated":true}]}}