{"id":97,"date":"2026-01-15T20:40:11","date_gmt":"2026-01-15T20:40:11","guid":{"rendered":"https:\/\/lifevery.biz.ua\/?p=97"},"modified":"2026-01-15T20:40:11","modified_gmt":"2026-01-15T20:40:11","slug":"nie-zyje-ceniony-lokalny-polityk-polskie-miasto-pograzone-w-zalobie","status":"publish","type":"post","link":"https:\/\/lifevery.biz.ua\/?p=97","title":{"rendered":"Nie \u017cyje ceniony lokalny polityk. Polskie miasto pogr\u0105\u017cone w \u017ca\u0142obie"},"content":{"rendered":"\n<p>Ca\u0142a okolica m\u00f3wi dzi\u015b jednym g\u0142osem \u2013 z niedowierzaniem i b\u00f3lem. Wiadomo\u015b\u0107 o nag\u0142ej \u015bmierci Mateusza Kolonki poruszy\u0142a nie tylko Gilowice, ale ca\u0142y region. To historia o cz\u0142owieku, kt\u00f3ry by\u0142 blisko ludzi i dla ludzi dzia\u0142a\u0142 do samego ko\u0144ca.<\/p>\n\n\n\n<p>\u015amier\u0107 Mateusza Kolonki wstrz\u0105sn\u0119\u0142a Gilowicami i okolic\u0105<br>Kim by\u0142 Mateusz Kolonko? Radny gminy i dzia\u0142acz sportowy<br>Wzruszaj\u0105ce po\u017cegnania po \u015bmierci Mateusza Kolonki<br>\u015amier\u0107 Mateusza Kolonki wstrz\u0105sn\u0119\u0142a Gilowicami i okolic\u0105<br>W Gilowicach panuje atmosfera g\u0142\u0119bokiej \u017ca\u0142oby po \u015bmierci Mateusza Kolonki \u2013 samorz\u0105dowca, dzia\u0142acza sportowego oraz osoby od lat aktywnie zaanga\u017cowanej w \u017cycie lokalnej spo\u0142eczno\u015bci. Informacja o jego odej\u015bciu szybko rozesz\u0142a si\u0119 w\u015br\u00f3d mieszka\u0144c\u00f3w i zosta\u0142a podj\u0119ta przez lokalne media. Z r\u00f3\u017cnych \u015brodowisk nap\u0142ywaj\u0105 wyrazy wsp\u00f3\u0142czucia i kondolencje \u2013 zar\u00f3wno ze strony przedstawicieli samorz\u0105du, jak i os\u00f3b zwi\u0105zanych ze sportem oraz jego miejscem pracy. W wielu wypowiedziach powtarza si\u0119 podkre\u015blenie, \u017ce by\u0142 postaci\u0105 powszechnie znan\u0105 i rozpoznawaln\u0105, a jego dzia\u0142alno\u015b\u0107 mia\u0142a realny wp\u0142yw na codzienne funkcjonowanie gminy.<\/p>\n\n\n\n<p>Mateusz Kolonko zmar\u0142 w wieku 37 lat, a 18 lutego obchodzi\u0142by 38. urodziny. Przez lata konsekwentnie anga\u017cowa\u0142 si\u0119 w sprawy publiczne i spo\u0142eczne, skupiaj\u0105c swoj\u0105 aktywno\u015b\u0107 na dzia\u0142aniach na rzecz Gilowic i ich mieszka\u0144c\u00f3w. Jak podkre\u015blaj\u0105 osoby, kt\u00f3re mia\u0142y okazj\u0119 z nim wsp\u00f3\u0142pracowa\u0107, by\u0142 obecny tam, gdzie potrzebna by\u0142a inicjatywa, zaanga\u017cowanie i gotowo\u015b\u0107 do dzia\u0142ania.&nbsp;<\/p>\n\n\n\n<p>\u2013 Z ogromnym smutkiem i niedowierzaniem przyj\u0119li\u015bmy wiadomo\u015b\u0107 o \u015bmierci naszego kolegi Mateusza Kolonko \u2013 Pi\u0142karza, cz\u0142onka zarz\u0105du LKS Beskid Gilowice-Rychwa\u0142d. \u0141\u0105czymy si\u0119 w smutku i b\u00f3lu z rodzin\u0105. Wyrazy g\u0142\u0119bokiego \u017calu i wsp\u00f3\u0142czucia sk\u0142adaj\u0105: Zarz\u0105d i pi\u0142karze Beskid Gilowice-Rychwa\u0142d \u2013 czytamy w serwisie tuzywiec.pl.<\/p>\n\n\n\n<p>Jego \u015bmier\u0107 jest dla wielu os\u00f3b nie tylko osobist\u0105 strat\u0105, ale tak\u017ce bolesnym ubytkiem dla lokalnej wsp\u00f3lnoty, kt\u00f3ra straci\u0142a jednego ze swoich aktywnych i oddanych cz\u0142onk\u00f3w.<\/p>\n\n\n\n<p>Kim by\u0142 Mateusz Kolonko? Radny gminy i dzia\u0142acz sportowy<br>Mateusz Kolonko pe\u0142ni\u0142 funkcj\u0119 radnego gminy Gilowice i by\u0142 aktywnie zaanga\u017cowany w bie\u017c\u0105ce prace samorz\u0105du. Uczestniczy\u0142 w dzia\u0142aniach podejmowanych na rzecz lokalnej spo\u0142eczno\u015bci, wsp\u00f3\u0142tworz\u0105c inicjatywy istotne dla mieszka\u0144c\u00f3w gminy. Informacj\u0119 o jego \u015bmierci przekaza\u0142 m.in. lokalny serwis informacyjny, kt\u00f3ry zwr\u00f3ci\u0142 uwag\u0119 na skal\u0119 straty, z jak\u0105 musia\u0142a zmierzy\u0107 si\u0119 gmina. W opublikowanym komunikacie podkre\u015blono, \u017ce jego odej\u015bcie zosta\u0142o przyj\u0119te z g\u0142\u0119bokim \u017calem przez ca\u0142\u0105 spo\u0142eczno\u015b\u0107 Gilowic. Przypomniano r\u00f3wnie\u017c, \u017ce zmar\u0142 w wieku 37 lat, b\u0119d\u0105c nie tylko radnym, ale tak\u017ce samorz\u0105dowcem i wieloletnim dzia\u0142aczem sportowym, silnie zwi\u0105zanym z \u017cyciem lokalnym.<\/p>\n\n\n\n<p>\u2013 Jego przedwczesne odej\u015bcie pozostawi\u0142o g\u0142\u0119boki smutek w\u015br\u00f3d mieszka\u0144c\u00f3w, samorz\u0105dowc\u00f3w i \u015brodowiska sportowego. Pami\u0119\u0107 o Jego pracy, zaanga\u017cowaniu i postawie pe\u0142nej oddania pozostanie trwa\u0142\u0105 cz\u0119\u015bci\u0105 historii Gminy Gilowice \u2013 pisze serwis tuzywiec.pl.<\/p>\n\n\n\n<p>Jego aktywno\u015b\u0107 wykracza\u0142a poza zakres formalnych obowi\u0105zk\u00f3w wynikaj\u0105cych z pe\u0142nionej funkcji. Kolonko by\u0142 osob\u0105 powszechnie znan\u0105 i cenion\u0105 w \u015brodowisku lokalnym, a jego zaanga\u017cowanie mia\u0142o charakter d\u0142ugofalowy i konsekwentny.<br><\/p>\n\n\n\n<p>Wzruszaj\u0105ce po\u017cegnania po \u015bmierci Mateusza Kolonki<br>Szczeg\u00f3lnie emocjonalne po\u017cegnanie opublikowa\u0142 klub LKS Beskid Gilowice-Rychwa\u0142d, z kt\u00f3rym Mateusz Kolonko by\u0142 zwi\u0105zany przez wiele lat. Klub, za\u0142o\u017cony w 1951 roku i wyst\u0119puj\u0105cy obecnie w A-klasie, pogr\u0105\u017cy\u0142 si\u0119 w \u017ca\u0142obie. Zmieniono wygl\u0105d oficjalnego profilu, podkre\u015blaj\u0105c strat\u0119, jaka dotkn\u0119\u0142a ca\u0142\u0105 sportow\u0105 spo\u0142eczno\u015b\u0107.<\/p>\n\n\n\n<p>Kolonko by\u0142 r\u00f3wnie\u017c pracownikiem lokalnej firmy RE\/MAX Invest, kt\u00f3ra tak\u017ce opublikowa\u0142a osobiste i pe\u0142ne emocji po\u017cegnanie. Przedstawiciele firmy podkre\u015blili jego charakter i relacje z innymi lud\u017ami.<\/p>\n\n\n\n<p>\u2013 Z g\u0142\u0119bokim smutkiem i niedowierzaniem przyj\u0119li\u015bmy wiadomo\u015b\u0107 o \u015bmierci naszego kolegi, Mateusza Kolonko. Mateusz pozostanie w naszej pami\u0119ci jako cz\u0142owiek niezwykle \u017cyczliwy, pomocny, zawsze gotowy wesprze\u0107 innych. Jego wyj\u0105tkowa dobro\u0107 i uczynno\u015b\u0107 pozostan\u0105 w naszych sercach. Rodzinie oraz najbli\u017cszym Mateusza sk\u0142adamy najszczersze wyrazy wsp\u00f3\u0142czucia w tym trudnym czasie \u2013 napisa\u0142a firma RE\/MAX Invest na portalu Facebook.<\/p>\n\n\n\n<p>Te s\u0142owa pokazuj\u0105, jak szeroki by\u0142 wp\u0142yw Mateusza Kolonki \u2013 od samorz\u0105du, przez sport, po codzienn\u0105 prac\u0119 i relacje mi\u0119dzyludzkie. Dla wielu by\u0142 kim\u015b wi\u0119cej ni\u017c radnym czy dzia\u0142aczem. By\u0142 po prostu jednym z nich.<br><\/p>\n","protected":false},"excerpt":{"rendered":"Ca\u0142a okolica m\u00f3wi dzi\u015b jednym g\u0142osem \u2013 z niedowierzaniem i b\u00f3lem. Wiadomo\u015b\u0107 o nag\u0142ej \u015bmierci Mateusza Kolonki poruszy\u0142a nie tylko Gilowice, ale ca\u0142y \n<a class=\"moretag\" href=\"https:\/\/lifevery.biz.ua\/?p=97\"> [...]<\/a>","protected":false},"author":1,"featured_media":98,"comment_status":"open","ping_status":"open","sticky":false,"template":"","format":"standard","meta":{"footnotes":""},"categories":[1],"tags":[],"class_list":["post-97","post","type-post","status-publish","format-standard","has-post-thumbnail","hentry","category-blog"],"_links":{"self":[{"href":"https:\/\/lifevery.biz.ua\/index.php?rest_route=\/wp\/v2\/posts\/97","targetHints":{"allow":["GET"]}}],"collection":[{"href":"https:\/\/lifevery.biz.ua\/index.php?rest_route=\/wp\/v2\/posts"}],"about":[{"href":"https:\/\/lifevery.biz.ua\/index.php?rest_route=\/wp\/v2\/types\/post"}],"author":[{"embeddable":true,"href":"https:\/\/lifevery.biz.ua\/index.php?rest_route=\/wp\/v2\/users\/1"}],"replies":[{"embeddable":true,"href":"https:\/\/lifevery.biz.ua\/index.php?rest_route=%2Fwp%2Fv2%2Fcomments&post=97"}],"version-history":[{"count":1,"href":"https:\/\/lifevery.biz.ua\/index.php?rest_route=\/wp\/v2\/posts\/97\/revisions"}],"predecessor-version":[{"id":99,"href":"https:\/\/lifevery.biz.ua\/index.php?rest_route=\/wp\/v2\/posts\/97\/revisions\/99"}],"wp:featuredmedia":[{"embeddable":true,"href":"https:\/\/lifevery.biz.ua\/index.php?rest_route=\/wp\/v2\/media\/98"}],"wp:attachment":[{"href":"https:\/\/lifevery.biz.ua\/index.php?rest_route=%2Fwp%2Fv2%2Fmedia&parent=97"}],"wp:term":[{"taxonomy":"category","embeddable":true,"href":"https:\/\/lifevery.biz.ua\/index.php?rest_route=%2Fwp%2Fv2%2Fcategories&post=97"},{"taxonomy":"post_tag","embeddable":true,"href":"https:\/\/lifevery.biz.ua\/index.php?rest_route=%2Fwp%2Fv2%2Ftags&post=97"}],"curies":[{"name":"wp","href":"https:\/\/api.w.org\/{rel}","templated":true}]}}