{"id":9331,"date":"2026-04-15T18:46:51","date_gmt":"2026-04-15T18:46:51","guid":{"rendered":"https:\/\/lifevery.biz.ua\/?p=9331"},"modified":"2026-04-15T18:46:51","modified_gmt":"2026-04-15T18:46:51","slug":"slaska-policja-oglasza-czarny-alert-drogowy-doszlo-do-tragicznego-wypadku","status":"publish","type":"post","link":"https:\/\/lifevery.biz.ua\/?p=9331","title":{"rendered":"\u015al\u0105ska policja og\u0142asza czarny alert drogowy. Dosz\u0142o do tragicznego wypadku"},"content":{"rendered":"\n<p>W czwartek wieczorem na jednej z dr\u00f3g w wojew\u00f3dztwie \u015bl\u0105skim dosz\u0142o do tragicznego wypadku. Po tym zdarzeniu policja og\u0142osi\u0142a tzw. Czarny Alert Drogowy \u2013 specjalny komunikat publikowany przez s\u0142u\u017cby po \u015bmiertelnych wypadkach, kt\u00f3ry ma zwr\u00f3ci\u0107 uwag\u0119 kierowc\u00f3w na tragiczne skutki nieodpowiedzialnej jazdy i sk\u0142oni\u0107 do wi\u0119kszej ostro\u017cno\u015bci na drogach. Funkcjonariusze przekazali tak\u017ce najnowsze informacje w sprawie okoliczno\u015bci zdarzenia.<\/p>\n\n\n\n<p>Tragiczny wypadek w czwartkowy wiecz\u00f3r. Nie \u017cyje jedna osoba<br>Policja og\u0142osi\u0142a czarny alert drogowy<br>Co grozi sprawcy?<br>Policja apeluje<br>Tragiczny wypadek w czwartkowy wiecz\u00f3r. Nie \u017cyje jedna osoba<br>Do zdarzenia dosz\u0142o w czwartek 12 marca oko\u0142o godziny 20:35 na ulicy Myszkowskiej w miejscowo\u015bci Stara Huta. Jak informuje policja, 21-letni kierowca opla z nieustalonych dot\u0105d przyczyn zjecha\u0142 z jezdni.&nbsp;<\/p>\n\n\n\n<p>Samoch\u00f3d uderzy\u0142 w przydro\u017cne drzewo, po czym dachowa\u0142. W poje\u017adzie podr\u00f3\u017cowa\u0142y dwie osoby, a w wyniku odniesionych obra\u017ce\u0144 \u015bmier\u0107 na miejscu poni\u00f3s\u0142 33-letni pasa\u017cer.<br><\/p>\n\n\n\n<p>Policja og\u0142osi\u0142a czarny alert drogowy<br>Policja og\u0142osi\u0142a Czarny Alert Drogowy po tragicznym wypadku, do kt\u00f3rego dosz\u0142o w czwartek wieczorem, 12 marca, w Starej Hucie w powiecie myszkowskim w wojew\u00f3dztwie \u015bl\u0105skim. Czarny Alert Drogowy to specjalny komunikat publikowany przez policj\u0119 w mediach i internecie po \u015bmiertelnych wypadkach, kt\u00f3rego celem jest zwr\u00f3cenie uwagi kierowc\u00f3w na skutki niebezpiecznej jazdy oraz apel o wi\u0119ksz\u0105 ostro\u017cno\u015b\u0107 na drogach<br><\/p>\n\n\n\n<p>Co grozi sprawcy?<br>21-letni kierowca samochodu zosta\u0142 przetransportowany do szpitala. Na miejscu zdarzenia pracowa\u0142y s\u0142u\u017cby ratunkowe, w tym policja oraz ratownicy medyczni.<\/p>\n\n\n\n<p>Droga w rejonie wypadku by\u0142a cz\u0119\u015bciowo zablokowana, a policjanci kierowali ruch na wyznaczone objazdy, aby umo\u017cliwi\u0107 s\u0142u\u017cbom prowadzenie dzia\u0142a\u0144 i zabezpieczenie miejsca zdarzenia.<\/p>\n\n\n\n<p>Badanie wykaza\u0142o, \u017ce m\u0119\u017cczyzna mia\u0142 w organizmie oko\u0142o 1 promila alkoholu. Nietrze\u017awy kierowca zosta\u0142 zatrzymany i jeszcze dzi\u015b ma us\u0142ysze\u0107 zarzuty. \u015aledczy z Komendy Powiatowej Policji w Myszkowie zapowiadaj\u0105 r\u00f3wnie\u017c z\u0142o\u017cenie wniosku do Prokuratury Rejonowej w Myszkowie o zastosowanie wobec niego tymczasowego aresztowania.<\/p>\n\n\n\n<p>Za spowodowanie \u015bmiertelnego wypadku drogowego pod wp\u0142ywem alkoholu grozi kara od 5 do 20 lat pozbawienia wolno\u015bci.<\/p>\n\n\n\n<p>Policja apeluje<br>Policja apeluje do kierowc\u00f3w o rozwag\u0119 i odpowiedzialno\u015b\u0107 na drodze. Funkcjonariusze podkre\u015blaj\u0105, \u017ce prowadzenie pojazdu pod wp\u0142ywem alkoholu stanowi powa\u017cne zagro\u017cenie dla \u017cycia i zdrowia zar\u00f3wno kierowcy, jak i innych uczestnik\u00f3w ruchu drogowego.<\/p>\n\n\n\n<ul class=\"wp-block-list\">\n<li>Je\u015bli spo\u017cywa\u0142e\u015b alkohol, nie wsiadaj za kierownic\u0119. Skorzystaj z innego \u015brodka transportu albo popro\u015b o pomoc trze\u017awego kierowc\u0119. Rozs\u0105dek na drodze mo\u017ce uratowa\u0107 ludzkie \u017cycie &#8211; przypominaj\u0105 policjanci.<br><\/li>\n<\/ul>\n","protected":false},"excerpt":{"rendered":"W czwartek wieczorem na jednej z dr\u00f3g w wojew\u00f3dztwie \u015bl\u0105skim dosz\u0142o do tragicznego wypadku. Po tym zdarzeniu policja og\u0142osi\u0142a tzw. Czarny Alert Drogowy \n<a class=\"moretag\" href=\"https:\/\/lifevery.biz.ua\/?p=9331\"> [...]<\/a>","protected":false},"author":1,"featured_media":9332,"comment_status":"open","ping_status":"open","sticky":false,"template":"","format":"standard","meta":{"footnotes":""},"categories":[1],"tags":[],"class_list":["post-9331","post","type-post","status-publish","format-standard","has-post-thumbnail","hentry","category-blog"],"_links":{"self":[{"href":"https:\/\/lifevery.biz.ua\/index.php?rest_route=\/wp\/v2\/posts\/9331","targetHints":{"allow":["GET"]}}],"collection":[{"href":"https:\/\/lifevery.biz.ua\/index.php?rest_route=\/wp\/v2\/posts"}],"about":[{"href":"https:\/\/lifevery.biz.ua\/index.php?rest_route=\/wp\/v2\/types\/post"}],"author":[{"embeddable":true,"href":"https:\/\/lifevery.biz.ua\/index.php?rest_route=\/wp\/v2\/users\/1"}],"replies":[{"embeddable":true,"href":"https:\/\/lifevery.biz.ua\/index.php?rest_route=%2Fwp%2Fv2%2Fcomments&post=9331"}],"version-history":[{"count":1,"href":"https:\/\/lifevery.biz.ua\/index.php?rest_route=\/wp\/v2\/posts\/9331\/revisions"}],"predecessor-version":[{"id":9333,"href":"https:\/\/lifevery.biz.ua\/index.php?rest_route=\/wp\/v2\/posts\/9331\/revisions\/9333"}],"wp:featuredmedia":[{"embeddable":true,"href":"https:\/\/lifevery.biz.ua\/index.php?rest_route=\/wp\/v2\/media\/9332"}],"wp:attachment":[{"href":"https:\/\/lifevery.biz.ua\/index.php?rest_route=%2Fwp%2Fv2%2Fmedia&parent=9331"}],"wp:term":[{"taxonomy":"category","embeddable":true,"href":"https:\/\/lifevery.biz.ua\/index.php?rest_route=%2Fwp%2Fv2%2Fcategories&post=9331"},{"taxonomy":"post_tag","embeddable":true,"href":"https:\/\/lifevery.biz.ua\/index.php?rest_route=%2Fwp%2Fv2%2Ftags&post=9331"}],"curies":[{"name":"wp","href":"https:\/\/api.w.org\/{rel}","templated":true}]}}