{"id":9291,"date":"2026-04-15T11:02:43","date_gmt":"2026-04-15T11:02:43","guid":{"rendered":"https:\/\/lifevery.biz.ua\/?p=9291"},"modified":"2026-04-15T11:02:43","modified_gmt":"2026-04-15T11:02:43","slug":"nie-zyje-polski-trener-byl-w-sztabie-na-igrzyskach-olimpijskich","status":"publish","type":"post","link":"https:\/\/lifevery.biz.ua\/?p=9291","title":{"rendered":"Nie \u017cyje polski trener. By\u0142 w sztabie na igrzyskach olimpijskich"},"content":{"rendered":"\n<p>W ostatnich kilku godzinach ca\u0142\u0105 Polsk\u0119 obieg\u0142y zatrwa\u017caj\u0105ce wie\u015bci. Odszed\u0142 trener, kt\u00f3ry zapisa\u0142 si\u0119 na sta\u0142e w historii naszego rodzimego sportu. Mia\u0142 okazj\u0119 pracowa\u0107 zar\u00f3wno przy szkolnych zawodach, jak i przy zmaganiach swoich podopiecznych na igrzyskach olimpijskich. Spod jego skrzyde\u0142 wyr\u00f3s\u0142 rekordzista Polski. Teraz, jego odej\u015bcie op\u0142akuje ca\u0142e sportowe \u015brodowisko w naszym kraju.<\/p>\n\n\n\n<p>Nie \u017cyje polski trener. Mia\u0142 75 lat<br>Polski sport okry\u0142 si\u0119 \u017ca\u0142ob\u0105. Odszed\u0142 w\u0142a\u015bnie uznany trener, kt\u00f3ry praktycznie ca\u0142e swoje \u017cycie odda\u0142 szkoleniu m\u0142odych adept\u00f3w jednej dyscypliny. Spod jego skrzyde\u0142 wyr\u00f3s\u0142 nawet rekordzista Polski. Pocz\u0105tkowo jednak sam uprawia\u0142 p\u0142ywanie, a ze swojej pasji nie zrezygnowa\u0142 a\u017c do ko\u0144ca \u017cycia.<\/p>\n\n\n\n<p>Polski Zwi\u0105zek P\u0142ywacki przekaza\u0142 9 stycznia po po\u0142udniu dramatyczne informacje. Jak czytamy na pocz\u0105tku komunikatu, \u015bwi\u0119tej pami\u0119ci szkoleniowiec mia\u0142 na koncie sukcesy na arenie krajowej oraz mi\u0119dzynarodowej, a spod jego skrzyde\u0142 wysz\u0142o kilku \u015bwietnych zawodnik\u00f3w. Mowa chocia\u017cby o: Zuzannie Oliwie, Andrzeju Dubielu, Joannie Go\u0142\u0119biowskiej, Julianie Soboniu, Karolinie Jurczyk, Dominice Sztanderze czy Pawle Juraszku.&nbsp;<\/p>\n\n\n\n<p>Ze sportem zwi\u0105zany by\u0142 od 1956 roku, a wi\u0119c od 7. roku \u017cycia. Dzi\u015b jednak op\u0142akujemy \u015bmier\u0107 trenera, kt\u00f3ry prze\u017cy\u0142 75 lat.<\/p>\n\n\n\n<p>Polski sport op\u0142akuje \u015bmier\u0107 utytu\u0142owanego trenera<br>Oficjalny komunikat ws. \u015bmierci trenera p\u0142ywak\u00f3w opublikowa\u0142 Polski Zwi\u0105zek P\u0142ywacki. We wst\u0119pie mo\u017cemy przeczyta\u0107, \u017ce chodzi o Andrzeja Wojtala.<\/p>\n\n\n\n<p>Z wielk\u0105 przykro\u015bci\u0105 przyj\u0119li\u015bmy informacj\u0119 o \u015bmierci Andrzeja Wojtala &#8211; znakomitego trenera i wychowawcy wielu utytu\u0142owanych p\u0142ywak\u00f3w maj\u0105cych na swoim koncie sukcesy na arenie krajowej oraz mi\u0119dzynarodowej &#8211; napisano w komunikacie na oficjalnej stronie internetowej zwi\u0105zku.<\/p>\n\n\n\n<p>Tak naprawd\u0119, ca\u0142e swoje sportowe \u017cycie zwi\u0105za\u0142 z miastem Dzier\u017coni\u00f3w. Najpierw, jako zawodnik trenowa\u0142 w MKP Dzier\u017coni\u00f3w i Czarnych Wroc\u0142aw, a nast\u0119pnie zosta\u0142 dyrektorem O\u015brodka Sportu i Rekreacji w Dzier\u017coniowie i Pieszycach. By\u0142 tak\u017ce trenerem w Miejskim Klubie Sportowym \u201cDziewi\u0105tka\u201d Dzier\u017coni\u00f3w.<\/p>\n\n\n\n<p>W pi\u0119knych s\u0142owach Andrzeja Wojtala po\u017cegna\u0142 portal swimportal.pl na Facebooku:<\/p>\n\n\n\n<p>Nie \u017cyje Andrzej Wojtal. S\u0142\u00f3w brak, aby opisa\u0107 jak wspania\u0142ym by\u0142 cz\u0142owiekiem, pedagogiem i trenerem.<br>Od 1956 roku nieprzerwanie dzia\u0142a\u0142 w sporcie. Na tym jedynym w swoim rodzaju basenie w Dzier\u017coniowie przez lata tworzy\u0142 histori\u0119 p\u0142ywania i prawdziwego sensu tego sportu : pomocy m\u0142odym ludziom w realizacji ich marze\u0144. Tysi\u0105ce wychowank\u00f3w, zawodnik\u00f3w i rekord\u00f3w \u017cyciowych. Szkolne zawody, krajowe mistrzostwa, wielkie olimipiady. Ka\u017cdy tak samo wa\u017cny i tak samo istotny. Bez wyj\u0105tku. Cicho, cichutko jest na Dzier\u017cniowskim basenie.\u00a0<br>Trenerze Andrzeju, do zobaczenia &#8211; czytamy.<br><\/p>\n","protected":false},"excerpt":{"rendered":"W ostatnich kilku godzinach ca\u0142\u0105 Polsk\u0119 obieg\u0142y zatrwa\u017caj\u0105ce wie\u015bci. Odszed\u0142 trener, kt\u00f3ry zapisa\u0142 si\u0119 na sta\u0142e w historii naszego rodzimego sportu. Mia\u0142 okazj\u0119 \n<a class=\"moretag\" href=\"https:\/\/lifevery.biz.ua\/?p=9291\"> [...]<\/a>","protected":false},"author":1,"featured_media":9292,"comment_status":"open","ping_status":"open","sticky":false,"template":"","format":"standard","meta":{"footnotes":""},"categories":[1],"tags":[],"class_list":["post-9291","post","type-post","status-publish","format-standard","has-post-thumbnail","hentry","category-blog"],"_links":{"self":[{"href":"https:\/\/lifevery.biz.ua\/index.php?rest_route=\/wp\/v2\/posts\/9291","targetHints":{"allow":["GET"]}}],"collection":[{"href":"https:\/\/lifevery.biz.ua\/index.php?rest_route=\/wp\/v2\/posts"}],"about":[{"href":"https:\/\/lifevery.biz.ua\/index.php?rest_route=\/wp\/v2\/types\/post"}],"author":[{"embeddable":true,"href":"https:\/\/lifevery.biz.ua\/index.php?rest_route=\/wp\/v2\/users\/1"}],"replies":[{"embeddable":true,"href":"https:\/\/lifevery.biz.ua\/index.php?rest_route=%2Fwp%2Fv2%2Fcomments&post=9291"}],"version-history":[{"count":1,"href":"https:\/\/lifevery.biz.ua\/index.php?rest_route=\/wp\/v2\/posts\/9291\/revisions"}],"predecessor-version":[{"id":9293,"href":"https:\/\/lifevery.biz.ua\/index.php?rest_route=\/wp\/v2\/posts\/9291\/revisions\/9293"}],"wp:featuredmedia":[{"embeddable":true,"href":"https:\/\/lifevery.biz.ua\/index.php?rest_route=\/wp\/v2\/media\/9292"}],"wp:attachment":[{"href":"https:\/\/lifevery.biz.ua\/index.php?rest_route=%2Fwp%2Fv2%2Fmedia&parent=9291"}],"wp:term":[{"taxonomy":"category","embeddable":true,"href":"https:\/\/lifevery.biz.ua\/index.php?rest_route=%2Fwp%2Fv2%2Fcategories&post=9291"},{"taxonomy":"post_tag","embeddable":true,"href":"https:\/\/lifevery.biz.ua\/index.php?rest_route=%2Fwp%2Fv2%2Ftags&post=9291"}],"curies":[{"name":"wp","href":"https:\/\/api.w.org\/{rel}","templated":true}]}}