{"id":9282,"date":"2026-04-15T05:55:07","date_gmt":"2026-04-15T05:55:07","guid":{"rendered":"https:\/\/lifevery.biz.ua\/?p=9282"},"modified":"2026-04-15T05:55:07","modified_gmt":"2026-04-15T05:55:07","slug":"20-latek-trafil-do-szpitala-4-dni-potem-juz-nie-zyl-sa-kolejne-zarzuty-2","status":"publish","type":"post","link":"https:\/\/lifevery.biz.ua\/?p=9282","title":{"rendered":"20-latek trafi\u0142 do szpitala. 4 dni potem ju\u017c nie \u017cy\u0142. S\u0105 kolejne zarzuty"},"content":{"rendered":"\n<p>Nag\u0142a \u015bmier\u0107 m\u0142odego pacjenta, wcze\u015bniejsza pr\u00f3ba samob\u00f3jcza i kolejne decyzje \u015bledczych \u2013 sprawa sprzed kilku lat zn\u00f3w nabiera tempa. Lista os\u00f3b z zarzutami w\u0142a\u015bnie si\u0119 wyd\u0142u\u017cy\u0142a, a prokuratura ujawnia nowe ustalenia. To, co wydarzy\u0142o si\u0119 w jednym z kieleckich o\u015brodk\u00f3w, wci\u0105\u017c budzi powa\u017cne w\u0105tpliwo\u015bci i rodzi kolejne pytania.<\/p>\n\n\n\n<p>Nowe ustalenia \u015bledczych w sprawie \u015bmierci pacjenta<br>Zarzuty wobec piel\u0119gniarki i lekarzy<br>\u015amier\u0107 20-latka i kluczowe dowody w sprawie<br>Nowe ustalenia \u015bledczych w sprawie \u015bmierci pacjenta<br>Post\u0119powanie dotycz\u0105ce \u015bmierci 20-letniego pacjenta Centrum Zdrowia Psychicznego w Kielcach wkroczy\u0142o w kolejny etap. Do grona podejrzanych do\u0142\u0105czy\u0142a piel\u0119gniarka, kt\u00f3ra \u2013 wed\u0142ug ustale\u0144 prokuratury \u2013 mog\u0142a nie dope\u0142ni\u0107 swoich obowi\u0105zk\u00f3w w trakcie opieki nad m\u0142odym m\u0119\u017cczyzn\u0105. To ju\u017c si\u00f3dma osoba, wobec kt\u00f3rej sformu\u0142owano zarzuty w tej sprawie, co pokazuje skal\u0119 prowadzonego post\u0119powania i jego z\u0142o\u017cono\u015b\u0107.<\/p>\n\n\n\n<p>Jak wynika z informacji przekazanych przez \u015bledczych, kobieta mia\u0142a obowi\u0105zek regularnego monitorowania stanu pacjenta. Kontrola ta powinna odbywa\u0107 si\u0119 co 15 minut, jednak \u2013 wed\u0142ug prokuratury \u2013 w kluczowym momencie nie zosta\u0142a przeprowadzona. To w\u0142a\u015bnie ten element ma mie\u0107 istotne znaczenie dla przebiegu ca\u0142ego zdarzenia, kt\u00f3re zako\u0144czy\u0142o si\u0119 tragicznie.<\/p>\n\n\n\n<p>Rzecznik Prokuratury Okr\u0119gowej w Kielcach, Daniel Prokopowicz, odni\u00f3s\u0142 si\u0119 do postawy podejrzanej podczas przes\u0142uchania. M\u00f3wi\u0142, \u017ce podejrzana nie przyzna\u0142a si\u0119 do winy i odm\u00f3wi\u0142a sk\u0142adania zezna\u0144.<br><\/p>\n\n\n\n<p>\u015amier\u0107 20-latka i kluczowe dowody w sprawie<br>Sprawa dotyczy wydarze\u0144 z lipca 2021 roku. To wtedy do Centrum Zdrowia Psychicznego przy ulicy Kusoci\u0144skiego w Kielcach trafi\u0142 20-letni Wiktor, mieszkaniec Konieczna w powiecie w\u0142oszczowskim. Kilka dni po przyj\u0119ciu, 25 lipca, jego rodzina zosta\u0142a poinformowana przez szpital o pr\u00f3bie samob\u00f3jczej, do kt\u00f3rej mia\u0142o doj\u015b\u0107 w izolatce.<\/p>\n\n\n\n<p>Po tym zdarzeniu m\u0142ody m\u0119\u017cczyzna zosta\u0142 przewieziony do Wojew\u00f3dzkiego Szpitala Zespolonego w Kielcach. Mimo podj\u0119tego leczenia, jego \u017cycia nie uda\u0142o si\u0119 uratowa\u0107 \u2013 zmar\u0142 29 lipca. Pocz\u0105tkowo sprawa zosta\u0142a umorzona przez Prokuratur\u0119 Rejonow\u0105 Kielce-Wsch\u00f3d, jednak decyzja ta nie zako\u0144czy\u0142a ca\u0142ej historii.<\/p>\n\n\n\n<p>Po za\u017caleniu z\u0142o\u017conym przez ojca zmar\u0142ego, s\u0105d zdecydowa\u0142 o ponownym zbadaniu sprawy. W efekcie post\u0119powanie przej\u0119\u0142a Prokuratura Rejonowa w Sandomierzu. Prze\u0142omowym momentem okaza\u0142a si\u0119 opinia bieg\u0142ych z Katedry i Zak\u0142adu Medycyny S\u0105dowej Uniwersytetu Jagiello\u0144skiego, kt\u00f3ra trafi\u0142a do \u015bledczych w ubieg\u0142ym roku i sta\u0142a si\u0119 podstaw\u0105 do formu\u0142owania kolejnych zarzut\u00f3w.<\/p>\n\n\n\n<p>R\u00f3wnolegle prowadzone jest jeszcze jedno post\u0119powanie, dotycz\u0105ce zapisu z monitoringu szpitalnego. Zgodnie z procedurami nagrania powinny by\u0107 przechowywane przez rok, jednak w tym przypadku materia\u0142 znikn\u0105\u0142 wcze\u015bniej. Prokuratura ustala, kto odpowiada za jego brak, cho\u0107 do tej pory w tym w\u0105tku nikt nie us\u0142ysza\u0142 zarzut\u00f3w.<\/p>\n\n\n\n<p><\/p>\n","protected":false},"excerpt":{"rendered":"Nag\u0142a \u015bmier\u0107 m\u0142odego pacjenta, wcze\u015bniejsza pr\u00f3ba samob\u00f3jcza i kolejne decyzje \u015bledczych \u2013 sprawa sprzed kilku lat zn\u00f3w nabiera tempa. Lista os\u00f3b z zarzutami \n<a class=\"moretag\" href=\"https:\/\/lifevery.biz.ua\/?p=9282\"> [...]<\/a>","protected":false},"author":1,"featured_media":9283,"comment_status":"open","ping_status":"open","sticky":false,"template":"","format":"standard","meta":{"footnotes":""},"categories":[1],"tags":[],"class_list":["post-9282","post","type-post","status-publish","format-standard","has-post-thumbnail","hentry","category-blog"],"_links":{"self":[{"href":"https:\/\/lifevery.biz.ua\/index.php?rest_route=\/wp\/v2\/posts\/9282","targetHints":{"allow":["GET"]}}],"collection":[{"href":"https:\/\/lifevery.biz.ua\/index.php?rest_route=\/wp\/v2\/posts"}],"about":[{"href":"https:\/\/lifevery.biz.ua\/index.php?rest_route=\/wp\/v2\/types\/post"}],"author":[{"embeddable":true,"href":"https:\/\/lifevery.biz.ua\/index.php?rest_route=\/wp\/v2\/users\/1"}],"replies":[{"embeddable":true,"href":"https:\/\/lifevery.biz.ua\/index.php?rest_route=%2Fwp%2Fv2%2Fcomments&post=9282"}],"version-history":[{"count":1,"href":"https:\/\/lifevery.biz.ua\/index.php?rest_route=\/wp\/v2\/posts\/9282\/revisions"}],"predecessor-version":[{"id":9284,"href":"https:\/\/lifevery.biz.ua\/index.php?rest_route=\/wp\/v2\/posts\/9282\/revisions\/9284"}],"wp:featuredmedia":[{"embeddable":true,"href":"https:\/\/lifevery.biz.ua\/index.php?rest_route=\/wp\/v2\/media\/9283"}],"wp:attachment":[{"href":"https:\/\/lifevery.biz.ua\/index.php?rest_route=%2Fwp%2Fv2%2Fmedia&parent=9282"}],"wp:term":[{"taxonomy":"category","embeddable":true,"href":"https:\/\/lifevery.biz.ua\/index.php?rest_route=%2Fwp%2Fv2%2Fcategories&post=9282"},{"taxonomy":"post_tag","embeddable":true,"href":"https:\/\/lifevery.biz.ua\/index.php?rest_route=%2Fwp%2Fv2%2Ftags&post=9282"}],"curies":[{"name":"wp","href":"https:\/\/api.w.org\/{rel}","templated":true}]}}