{"id":9187,"date":"2026-04-14T09:50:00","date_gmt":"2026-04-14T09:50:00","guid":{"rendered":"https:\/\/lifevery.biz.ua\/?p=9187"},"modified":"2026-04-14T09:50:00","modified_gmt":"2026-04-14T09:50:00","slug":"nie-zyje-jadwiga-jankowska-cieslak-miala-74-lata-swiat-polskiego-kina-w-zalobie","status":"publish","type":"post","link":"https:\/\/lifevery.biz.ua\/?p=9187","title":{"rendered":"Nie \u017cyje Jadwiga Jankowska-Cie\u015blak. Mia\u0142a 74 lata. \u015awiat polskiego kina w \u017ca\u0142obie"},"content":{"rendered":"\n<p>Mistrzyni sceny, gwiazda kina dramatycznego i jedna z najbardziej utalentowanych aktorek swojego pokolenia nie \u017cyje. Przykr\u0105 informacj\u0119 o \u015bmierci poda\u0142a Polska Agencja Prasowa. W obliczu tego wydarzenia, s\u0142owa, kt\u00f3re artystka wypowiedzia\u0142a w ostatnim du\u017cym wywiadzie, \u015bciskaj\u0105 serce.<\/p>\n\n\n\n<p>Zmar\u0142a pierwsza polska aktorka nagrodzona Z\u0142ot\u0105 Palm\u0105 w Cannes<br>To niezwykle poruszaj\u0105cy dzie\u0144 dla mi\u0142o\u015bnik\u00f3w polskiego kina. W wieku 74 lat zmar\u0142a Jadwiga Jankowska-Cie\u015blak \u2013 wybitna aktorka, kt\u00f3ra zapisa\u0142a si\u0119 w historii, zdobywaj\u0105c Z\u0142ot\u0105 Palm\u0119 na festiwalu w Cannes. Presti\u017cowe wyr\u00f3\u017cnienie uchodzi za jedn\u0105 z najwa\u017cniejszych nagr\u00f3d w bran\u017cy filmowej \u2013 wagi temu wydarzeniu dodawa\u0142 fakt, \u017ce aktorka by\u0142a pierwsz\u0105 Polk\u0105 docenion\u0105 przez kapitu\u0142\u0119 konkursu.<\/p>\n\n\n\n<p>Komunikat o jej \u015bmierci przekaza\u0142a PAP, a za ni\u0105 agencja aktorska Malawski. \u201cSzanowni Pa\u0144stwo, z ogromnym \u017calem i smutkiem informujemy, \u017ce odesz\u0142a Jadwiga Jankowska &#8211; Cie\u015blak\u201d \u2013 napisa\u0142a agencja.<\/p>\n\n\n\n<p>Wielka, wybitna Aktorka i wspania\u0142y Cz\u0142owiek. Nasza wsp\u00f3\u0142praca by\u0142a ogromnym zaszczytem. Wielki \u017cal\u2026 \u2013podkre\u015blono.<br><\/p>\n\n\n\n<p>Kariera Jadwigi Jankowskiej-Cie\u015blak<br>\u201cOd wielu lat nie cierpi\u0119 na nadmiar propozycji, ale te\u017c nigdy nie mia\u0142am parcia na szk\u0142o\u201d \u2013 t\u0142umaczy\u0142a aktorka w rozmowie z Dawidem Dudko. W latach 70., 80. i 90. mia\u0142a jednak status gwiazdy polskiego kina i teatru.<\/p>\n\n\n\n<p>Urodzi\u0142a si\u0119 i dorasta\u0142a w Gda\u0144sku. Jej ojcem by\u0142 Kazimierz Jankowski, genera\u0142 brygady ludowego Wojska Polskiego. Po jego awansie jako 11 letnia dziewczyna przenios\u0142a si\u0119 z rodzin\u0105 do Warszawy. Tam pokocha\u0142a teatr. Od samego pocz\u0105tku wiedzia\u0142a, \u017ce osi\u0105gnie sukces w aktorstwie. Pytana o to przez dziennikarza \u201cPolityki\u201d, stwierdzi\u0142a, \u017ce tylko wielkie cele maj\u0105 sens.<\/p>\n\n\n\n<p>Nie lubi\u0119 \u0142atwizny. Sama sobie zawy\u017cam poprzeczk\u0119. Taka si\u0119 wzi\u0119\u0142am. Zawsze chcia\u0142am zdobywa\u0107 szczyty. Tylko wtedy \u017cycie ma jak\u0105\u015b warto\u015b\u0107 \u2013 powtarza\u0142a.<\/p>\n\n\n\n<p>Po maturze rozpocz\u0119\u0142a nauk\u0119 w Pa\u0144stwowej Wy\u017cszej Szkole Teatralnej w Warszawie, kt\u00f3r\u0105 uko\u0144czy\u0142a w 1972 roku. Pierwsz\u0105 tytu\u0142ow\u0105 rol\u0119 w spektaklu teatralnym zagra\u0142a ju\u017c rok p\u00f3\u017aniej \u2013 wyst\u0105pi\u0142a w\u00f3wczas w sztuce Jeana Giraudoux Elektra[9] w re\u017c. Kazimierza Dejmka.<\/p>\n\n\n\n<p>Dekady kariery teatralnej przynios\u0142y jej do\u015bwiadczenia na licznych scenach w Polsce, a tak\u017ce pozwoli\u0142y sta\u0107 si\u0119 pedagogiem kolejnych pokole\u0144 adept\u00f3w tej trudnej sztuki.&nbsp;<\/p>\n\n\n\n<p>Na ekranie debiutowa\u0142a jeszcze podczas studi\u00f3w. Popularno\u015b\u0107 jednak przynios\u0142a jej dopiero pierwsza rola kinowa w filmie \u201cTrzeba zabi\u0107 t\u0119 mi\u0142o\u015b\u0107\u201d, re\u017c. Janusza Morgensterna.<\/p>\n\n\n\n<p>Dzi\u015b do najwi\u0119kszych dzie\u0142 w dorobku aktorskim Jadwigi Jankowskiej-Cie\u015blak zalicza si\u0119 filmy takie jak: \u201cInne spojrzenie\u201d, \u201cRysa\u201d, \u201cTrzeba zabi\u0107 t\u0119 mi\u0142o\u015b\u0107\u201d, \u201c300 mil do nieba\u201d i \u201cTatarak\u201d.<\/p>\n\n\n\n<p>Prywatnie by\u0142a \u017con\u0105 wybitnego aktora, Piotra Cie\u015blaka. Ukochany Jadwigi Jankowskiej-Cie\u015blak zmar\u0142 w 2015 roku.<\/p>\n\n\n\n<p>Czytaj tak\u017ce: Nie \u017cyje ceniony biskup. \u017ba\u0142oba w polskiej diecezji, tragiczne wie\u015bci obieg\u0142y ca\u0142y kraj<br><\/p>\n","protected":false},"excerpt":{"rendered":"Mistrzyni sceny, gwiazda kina dramatycznego i jedna z najbardziej utalentowanych aktorek swojego pokolenia nie \u017cyje. Przykr\u0105 informacj\u0119 o \u015bmierci poda\u0142a Polska Agencja Prasowa. \n<a class=\"moretag\" href=\"https:\/\/lifevery.biz.ua\/?p=9187\"> [...]<\/a>","protected":false},"author":1,"featured_media":9188,"comment_status":"open","ping_status":"open","sticky":false,"template":"","format":"standard","meta":{"footnotes":""},"categories":[1],"tags":[],"class_list":["post-9187","post","type-post","status-publish","format-standard","has-post-thumbnail","hentry","category-blog"],"_links":{"self":[{"href":"https:\/\/lifevery.biz.ua\/index.php?rest_route=\/wp\/v2\/posts\/9187","targetHints":{"allow":["GET"]}}],"collection":[{"href":"https:\/\/lifevery.biz.ua\/index.php?rest_route=\/wp\/v2\/posts"}],"about":[{"href":"https:\/\/lifevery.biz.ua\/index.php?rest_route=\/wp\/v2\/types\/post"}],"author":[{"embeddable":true,"href":"https:\/\/lifevery.biz.ua\/index.php?rest_route=\/wp\/v2\/users\/1"}],"replies":[{"embeddable":true,"href":"https:\/\/lifevery.biz.ua\/index.php?rest_route=%2Fwp%2Fv2%2Fcomments&post=9187"}],"version-history":[{"count":1,"href":"https:\/\/lifevery.biz.ua\/index.php?rest_route=\/wp\/v2\/posts\/9187\/revisions"}],"predecessor-version":[{"id":9189,"href":"https:\/\/lifevery.biz.ua\/index.php?rest_route=\/wp\/v2\/posts\/9187\/revisions\/9189"}],"wp:featuredmedia":[{"embeddable":true,"href":"https:\/\/lifevery.biz.ua\/index.php?rest_route=\/wp\/v2\/media\/9188"}],"wp:attachment":[{"href":"https:\/\/lifevery.biz.ua\/index.php?rest_route=%2Fwp%2Fv2%2Fmedia&parent=9187"}],"wp:term":[{"taxonomy":"category","embeddable":true,"href":"https:\/\/lifevery.biz.ua\/index.php?rest_route=%2Fwp%2Fv2%2Fcategories&post=9187"},{"taxonomy":"post_tag","embeddable":true,"href":"https:\/\/lifevery.biz.ua\/index.php?rest_route=%2Fwp%2Fv2%2Ftags&post=9187"}],"curies":[{"name":"wp","href":"https:\/\/api.w.org\/{rel}","templated":true}]}}