{"id":9146,"date":"2026-04-13T19:01:09","date_gmt":"2026-04-13T19:01:09","guid":{"rendered":"https:\/\/lifevery.biz.ua\/?p=9146"},"modified":"2026-04-13T19:01:09","modified_gmt":"2026-04-13T19:01:09","slug":"tragiczny-wypadek-na-s2-nie-zyje-5-osob-wiadomo-kim-byly-ofiary-2","status":"publish","type":"post","link":"https:\/\/lifevery.biz.ua\/?p=9146","title":{"rendered":"Tragiczny wypadek na S2, nie \u017cyje 5 os\u00f3b. Wiadomo, kim by\u0142y ofiary"},"content":{"rendered":"\n<p>W nocy dosz\u0142o do tragicznego wypadku na trasie S2. Kieruj\u0105cy busem wjecha\u0142 w ty\u0142 ci\u0119\u017car\u00f3wki stoj\u0105cej na pasie awaryjnym. W wyniku zderzenia zgin\u0119\u0142o 5 os\u00f3b, a trzy zosta\u0142y ranne. Trwa ustalanie przyczyn wypadku, a teraz pojawi\u0142a si\u0119 potencjalna przyczyna tragedii.<\/p>\n\n\n\n<p>Tragedia na S2. Koszmarny wypadek, nie \u017cyje 5 os\u00f3b<br>W nocy z \u015brody na czwartek dosz\u0142o do tragicznego wypadku na trasie S2 w okolicach miejscowo\u015bci Konotopa w wojew\u00f3dztwie mazowieckim. Bus oznakowany logo firmy kurierskiej InPost z impetem uderzy\u0142 w ty\u0142 ci\u0119\u017car\u00f3wki stoj\u0105cej na pasie awaryjnym. W wyniku tego potwornego zderzenia \u017cycie straci\u0142o pi\u0119\u0107 os\u00f3b \u2013 trzy kobiety i dw\u00f3ch m\u0119\u017cczyzn podr\u00f3\u017cuj\u0105cych busem. Trzy kolejne osoby \u2013 dwie kobiety w wieku 46 i 66 lat oraz 53-letni kierowca \u2013 zosta\u0142y przetransportowane do szpitala w ci\u0119\u017ckim stanie.<\/p>\n\n\n\n<p><\/p>\n\n\n\n<p>Do wypadku dosz\u0142o oko\u0142o godziny 2:00 w nocy. Ci\u0119\u017car\u00f3wka, kt\u00f3r\u0105 kierowa\u0142 70-letni m\u0119\u017cczyzna, by\u0142a zaparkowana na skraju jezdni. Nie wiadomo jeszcze, dlaczego bus \u2013 prowadzony przez 53-letniego obywatela Litwy \u2013 nie zd\u0105\u017cy\u0142 wyhamowa\u0107 i uderzy\u0142 w ty\u0142 naczepy. Obaj kierowcy byli trze\u017awi.<\/p>\n\n\n\n<p>Busem kierowa\u0142 53-letni obywatel Litwy. Pojazdem ci\u0119\u017carowym kierowa\u0142 70-letni m\u0119\u017cczyzna obywatel Polski. Obaj kierowcy byli trze\u017awi &#8211; powiedzia\u0142a dla Faktu podinsp. Ewelina Gromek-O\u0107wieja, oficer prasowa Komendy Powiatowej Policji dla powiatu warszawskiego zachodniego.<\/p>\n\n\n\n<p>Na miejscu od razu rozpocz\u0119to dzia\u0142ania ratunkowe, jednak dla pi\u0119ciu os\u00f3b nie by\u0142o ju\u017c ratunku. W poje\u017adzie podr\u00f3\u017cowa\u0142o osiem os\u00f3b \u2013 trzech m\u0119\u017cczyzn i pi\u0119\u0107 kobiet. Na miejscu pracowali tak\u017ce biegli z zakresu rekonstrukcji wypadk\u00f3w drogowych, kt\u00f3rzy maj\u0105 pom\u00f3c ustali\u0107 dok\u0142adny przebieg i przyczyny tragedii.<br><\/p>\n\n\n\n<p>Tragedia na S2. Bus nie nale\u017ca\u0142 do InPostu<br>Cho\u0107 pojazd, kt\u00f3ry w nocy zderzy\u0142 si\u0119 z ci\u0119\u017car\u00f3wk\u0105 na trasie S8 w okolicach Konotopy, nosi\u0142 barwy oraz logo firmy kurierskiej InPost, jak si\u0119 p\u00f3\u017aniej okaza\u0142o, nie by\u0142 ju\u017c cz\u0119\u015bci\u0105 aktywnej floty tej firmy. Nad ranem przedstawiciele InPost wydali oficjalne o\u015bwiadczenie, w kt\u00f3rym wyrazili g\u0142\u0119boki \u017cal z powodu tragedii oraz z\u0142o\u017cyli kondolencje rodzinom ofiar. Jednocze\u015bnie zaznaczyli, \u017ce pojazd, mimo charakterystycznego oznakowania, nie by\u0142 ju\u017c obj\u0119ty wsp\u00f3\u0142prac\u0105 z firm\u0105 \u2013 umowa z jego operatorem zosta\u0142a zako\u0144czona w 2022 roku.<\/p>\n\n\n\n<p>Sk\u0142adamy kondolencje i wyrazy wsp\u00f3\u0142czucia rodzinom ofiar dzisiejszego wypadku. Samoch\u00f3d, kt\u00f3ry uczestniczy\u0142 w dniu 15 maja 2025 roku, w pobli\u017cu miejscowo\u015bci Konotopa pod Warszaw\u0105 w wypadku komunikacyjnym, nie jest w \u017caden spos\u00f3b zwi\u0105zany z InPost. Pilnie pracujemy nad ustaleniem, dlaczego &#8211; mimo obowi\u0105zuj\u0105cych um\u00f3w &#8211; okleina nie zosta\u0142a zdj\u0119ta z samochodu w momencie zako\u0144czenia wsp\u00f3\u0142pracy w roku 2022 &#8211; poinformowa\u0142 Wojciech K\u0105dzio\u0142ka, rzecznik prasowy firmy InPost.<\/p>\n\n\n\n<p>Jak podkre\u015blono w komunikacie, nie jest jasne, dlaczego mimo up\u0142ywu czasu auto wci\u0105\u017c nosi\u0142o identyfikacj\u0119 wizualn\u0105 InPostu. Firma zadeklarowa\u0142a pe\u0142n\u0105 gotowo\u015b\u0107 do wsp\u00f3\u0142pracy ze \u015bledczymi, by wyja\u015bni\u0107 wszystkie okoliczno\u015bci wypadku i rozwia\u0107 ewentualne w\u0105tpliwo\u015bci co do przynale\u017cno\u015bci pojazdu. Jak ustali\u0142a prokuratura, podr\u00f3\u017cuj\u0105cy busem byli w\u0142a\u015bcicielami r\u00f3\u017cnych stoisk handlowych i jechali po zaopatrzenie.<\/p>\n\n\n\n<p>Ustalili\u015bmy, \u017ce osoby te jecha\u0142y z Pomorza, z okolic Gdyni i Gda\u0144ska, w kierunku Tuszyna. Byli to w\u0142a\u015bciciele r\u00f3\u017cnych stoisk handlowych, jechali po zaopatrzenie &#8211; powiedzia\u0142 prokurator Skiba, cytowany przez Fakt.<\/p>\n\n\n\n<p>Tymczasem \u00a0\u015bledczy przekazali pierwsze, wst\u0119pne ustalenia dotycz\u0105ce mo\u017cliwych przyczyn zdarzenia. Jedna poszlaka wskazuje na potencjaln\u0105 przyczyn\u0119 wypadku.<br><\/p>\n","protected":false},"excerpt":{"rendered":"W nocy dosz\u0142o do tragicznego wypadku na trasie S2. Kieruj\u0105cy busem wjecha\u0142 w ty\u0142 ci\u0119\u017car\u00f3wki stoj\u0105cej na pasie awaryjnym. W wyniku zderzenia zgin\u0119\u0142o \n<a class=\"moretag\" href=\"https:\/\/lifevery.biz.ua\/?p=9146\"> [...]<\/a>","protected":false},"author":1,"featured_media":9147,"comment_status":"open","ping_status":"open","sticky":false,"template":"","format":"standard","meta":{"footnotes":""},"categories":[1],"tags":[],"class_list":["post-9146","post","type-post","status-publish","format-standard","has-post-thumbnail","hentry","category-blog"],"_links":{"self":[{"href":"https:\/\/lifevery.biz.ua\/index.php?rest_route=\/wp\/v2\/posts\/9146","targetHints":{"allow":["GET"]}}],"collection":[{"href":"https:\/\/lifevery.biz.ua\/index.php?rest_route=\/wp\/v2\/posts"}],"about":[{"href":"https:\/\/lifevery.biz.ua\/index.php?rest_route=\/wp\/v2\/types\/post"}],"author":[{"embeddable":true,"href":"https:\/\/lifevery.biz.ua\/index.php?rest_route=\/wp\/v2\/users\/1"}],"replies":[{"embeddable":true,"href":"https:\/\/lifevery.biz.ua\/index.php?rest_route=%2Fwp%2Fv2%2Fcomments&post=9146"}],"version-history":[{"count":1,"href":"https:\/\/lifevery.biz.ua\/index.php?rest_route=\/wp\/v2\/posts\/9146\/revisions"}],"predecessor-version":[{"id":9148,"href":"https:\/\/lifevery.biz.ua\/index.php?rest_route=\/wp\/v2\/posts\/9146\/revisions\/9148"}],"wp:featuredmedia":[{"embeddable":true,"href":"https:\/\/lifevery.biz.ua\/index.php?rest_route=\/wp\/v2\/media\/9147"}],"wp:attachment":[{"href":"https:\/\/lifevery.biz.ua\/index.php?rest_route=%2Fwp%2Fv2%2Fmedia&parent=9146"}],"wp:term":[{"taxonomy":"category","embeddable":true,"href":"https:\/\/lifevery.biz.ua\/index.php?rest_route=%2Fwp%2Fv2%2Fcategories&post=9146"},{"taxonomy":"post_tag","embeddable":true,"href":"https:\/\/lifevery.biz.ua\/index.php?rest_route=%2Fwp%2Fv2%2Ftags&post=9146"}],"curies":[{"name":"wp","href":"https:\/\/api.w.org\/{rel}","templated":true}]}}