{"id":9098,"date":"2026-04-13T09:46:15","date_gmt":"2026-04-13T09:46:15","guid":{"rendered":"https:\/\/lifevery.biz.ua\/?p=9098"},"modified":"2026-04-13T09:46:15","modified_gmt":"2026-04-13T09:46:15","slug":"podejrzany-o-zabojstwo-mai-moze-nie-trafic-do-polski-zlozono-skarge-na-decyzje-sadu-3","status":"publish","type":"post","link":"https:\/\/lifevery.biz.ua\/?p=9098","title":{"rendered":"Podejrzany o zab\u00f3jstwo Mai mo\u017ce nie trafi\u0107 do Polski. Z\u0142o\u017cono skarg\u0119 na decyzj\u0119 s\u0105du"},"content":{"rendered":"\n<p>Obrona 17-letniego Bartosza G., podejrzanego o brutalne zab\u00f3jstwo 16-letniej Mai z M\u0142awy, z\u0142o\u017cy\u0142a za\u017calenie na decyzj\u0119 greckiego s\u0105du o jego wydaniu Polsce. Sprawa budzi ogromne emocje zar\u00f3wno w kraju, jak i za granic\u0105. Na ostateczne rozstrzygni\u0119cie ekstradycji trzeba b\u0119dzie jednak poczeka\u0107.<\/p>\n\n\n\n<p>Za\u017calenie z\u0142o\u017cone, decyzja w r\u0119kach greckiego s\u0105du wy\u017cszej instancji<br>Jak poinformowa\u0142a Prokuratura Okr\u0119gowa w P\u0142ocku, obrona Bartosza G. formalnie zaskar\u017cy\u0142a postanowienie greckiego s\u0105du pierwszej instancji, kt\u00f3ry zgodzi\u0142 si\u0119 na przekazanie 17-latka stronie polskiej.&nbsp;<\/p>\n\n\n\n<p>Oznacza to, \u017ce spraw\u0105 zajmie si\u0119 s\u0105d wy\u017cszej instancji, a jego decyzja ma zapa\u015b\u0107 na prze\u0142omie czerwca i lipca. M\u0142ody m\u0119\u017cczyzna, zatrzymany w Grecji na podstawie Europejskiego Nakazu Aresztowania, obecnie przebywa w szpitalu, gdzie trafi\u0142 po pr\u00f3bie samob\u00f3jczej pod koniec maja.&nbsp;<\/p>\n\n\n\n<p>Z informacji przekazanych przez stron\u0119 greck\u0105 wynika, \u017ce jego stan si\u0119 poprawi\u0142. Zosta\u0142 przeniesiony z oddzia\u0142u intensywnej terapii na zwyk\u0142y oddzia\u0142. W czasie oczekiwania na decyzj\u0119 s\u0105du, Bartosz G. pozostaje formalnie aresztowany.<\/p>\n\n\n\n<p>Makabryczne okoliczno\u015bci zbrodni i \u015bledztwo w toku<br>Do zbrodni dosz\u0142o 23 kwietnia, gdy 16-letnia Maja wysz\u0142a z domu, by spotka\u0107 si\u0119 z koleg\u0105 mieszkaj\u0105cym w pobli\u017cu. Wed\u0142ug ustale\u0144 \u015bledztwa, to w\u0142a\u015bnie wtedy mia\u0142o doj\u015b\u0107 do zab\u00f3jstwa, jej cia\u0142o odnaleziono dopiero 1 maja, ukryte w zaro\u015blach nieopodal zak\u0142adu stolarskiego nale\u017c\u0105cego do rodziny podejrzanego.<\/p>\n\n\n\n<p>Sekcja zw\u0142ok wykaza\u0142a rozleg\u0142e obra\u017cenia g\u0142owy, kt\u00f3re by\u0142y prawdopodobn\u0105 przyczyn\u0105 zgonu. \u015aledczy podkre\u015blaj\u0105, \u017ce sprawa traktowana jest jako zab\u00f3jstwo ze szczeg\u00f3lnym okrucie\u0144stwem, co ma kluczowe znaczenie dla kwalifikacji czynu.&nbsp;<\/p>\n\n\n\n<p>Z uwagi na wiek podejrzanego, 17 lat \u2013 nie grozi mu kara do\u017cywotniego pozbawienia wolno\u015bci, lecz od 15 do 30 lat wi\u0119zienia. Prokuratura ca\u0142y czas czeka na pe\u0142n\u0105 opini\u0119 bieg\u0142ych po sekcji zw\u0142ok, kt\u00f3ra trwa\u0142a ponad pi\u0119\u0107 godzin i zako\u0144czy\u0142a si\u0119 pobraniem licznych pr\u00f3bek do bada\u0144.<br><\/p>\n\n\n\n<p>Ekstradycja budzi kontrowersje<br>Bartosz G. zosta\u0142 zatrzymany na pocz\u0105tku maja w miejscowo\u015bci Katerini, gdzie przebywa\u0142 w ramach wymiany szkolnej. Ju\u017c podczas pierwszego przes\u0142uchania przed s\u0105dem w Salonikach wyrazi\u0142 sprzeciw wobec ekstradycji do Polski, t\u0142umacz\u0105c to rzekomymi gro\u017abami kierowanymi wobec niego i jego rodziny.<\/p>\n\n\n\n<p>Greckie media donosi\u0142y o dramatycznych okoliczno\u015bciach zbrodni, powo\u0142uj\u0105c si\u0119 na tre\u015b\u0107 Europejskiego Nakazu Aresztowania \u2013 wed\u0142ug tych doniesie\u0144, 17-latek mia\u0142 zaci\u0105gn\u0105\u0107 Maj\u0119 do warsztatu, brutalnie j\u0105 pobi\u0107 i obla\u0107 substancj\u0105 chemiczn\u0105.&nbsp;<\/p>\n\n\n\n<p>Prokuratura nie odnosi si\u0119 jednak do tych informacji, wskazuj\u0105c na konieczno\u015b\u0107 zachowania tajemnicy \u015bledztwa. Obecnie Bartosz G. przebywa w specjalnym o\u015brodku dla nieletnich w Grecji, gdzie podejmowano wobec niego dzia\u0142ania zabezpieczaj\u0105ce po pr\u00f3bie samob\u00f3jczej.<br><\/p>\n","protected":false},"excerpt":{"rendered":"Obrona 17-letniego Bartosza G., podejrzanego o brutalne zab\u00f3jstwo 16-letniej Mai z M\u0142awy, z\u0142o\u017cy\u0142a za\u017calenie na decyzj\u0119 greckiego s\u0105du o jego wydaniu Polsce. Sprawa \n<a class=\"moretag\" href=\"https:\/\/lifevery.biz.ua\/?p=9098\"> [...]<\/a>","protected":false},"author":1,"featured_media":9099,"comment_status":"open","ping_status":"open","sticky":false,"template":"","format":"standard","meta":{"footnotes":""},"categories":[1],"tags":[],"class_list":["post-9098","post","type-post","status-publish","format-standard","has-post-thumbnail","hentry","category-blog"],"_links":{"self":[{"href":"https:\/\/lifevery.biz.ua\/index.php?rest_route=\/wp\/v2\/posts\/9098","targetHints":{"allow":["GET"]}}],"collection":[{"href":"https:\/\/lifevery.biz.ua\/index.php?rest_route=\/wp\/v2\/posts"}],"about":[{"href":"https:\/\/lifevery.biz.ua\/index.php?rest_route=\/wp\/v2\/types\/post"}],"author":[{"embeddable":true,"href":"https:\/\/lifevery.biz.ua\/index.php?rest_route=\/wp\/v2\/users\/1"}],"replies":[{"embeddable":true,"href":"https:\/\/lifevery.biz.ua\/index.php?rest_route=%2Fwp%2Fv2%2Fcomments&post=9098"}],"version-history":[{"count":1,"href":"https:\/\/lifevery.biz.ua\/index.php?rest_route=\/wp\/v2\/posts\/9098\/revisions"}],"predecessor-version":[{"id":9100,"href":"https:\/\/lifevery.biz.ua\/index.php?rest_route=\/wp\/v2\/posts\/9098\/revisions\/9100"}],"wp:featuredmedia":[{"embeddable":true,"href":"https:\/\/lifevery.biz.ua\/index.php?rest_route=\/wp\/v2\/media\/9099"}],"wp:attachment":[{"href":"https:\/\/lifevery.biz.ua\/index.php?rest_route=%2Fwp%2Fv2%2Fmedia&parent=9098"}],"wp:term":[{"taxonomy":"category","embeddable":true,"href":"https:\/\/lifevery.biz.ua\/index.php?rest_route=%2Fwp%2Fv2%2Fcategories&post=9098"},{"taxonomy":"post_tag","embeddable":true,"href":"https:\/\/lifevery.biz.ua\/index.php?rest_route=%2Fwp%2Fv2%2Ftags&post=9098"}],"curies":[{"name":"wp","href":"https:\/\/api.w.org\/{rel}","templated":true}]}}