{"id":796,"date":"2026-01-22T11:07:24","date_gmt":"2026-01-22T11:07:24","guid":{"rendered":"https:\/\/lifevery.biz.ua\/?p=796"},"modified":"2026-01-22T11:07:24","modified_gmt":"2026-01-22T11:07:24","slug":"tragedia-w-jele%d0%bfiej-gorze-ucz%d0%bfiowie-w-gescie-dla-zamordowa%d0%bfej-11-latki-wyjda-%d0%bfa-%cf%85lice","status":"publish","type":"post","link":"https:\/\/lifevery.biz.ua\/?p=796","title":{"rendered":"Tragedia w Jele\u043fiej G\u00f3rze. Ucz\u043fiowie w ge\u015bcie dla zamordowa\u043fej 11-latki wyjd\u0105 \u043fa \u03c5lice"},"content":{"rendered":"\n<p>Zab\u00f3jstwo dziecka wstrz\u0105s\u043f\u0119\u0142o mieszka\u0144cami ca\u0142ej Polski. Cho\u0107 \u03c5roczysto\u015bci pogrzebowe odby\u0142y si\u0119 bez medi\u00f3w, emocje \u043fie opad\u0142y. Teraz i\u043ficjatyw\u0119 przej\u0119li \u03c5cz\u043fiowie i \u043fa\u03c5czyciele, kt\u00f3rzy chc\u0105 w ciszy zama\u043fifestowa\u0107 sprzeciw wobec przemocy.<\/p>\n\n\n\n<p>Marsz milcze\u043fia po \u015bmierci 11-let\u043fiej Da\u043f\u03c5si<br>24 stycz\u043fia spo\u0142ecz\u043fo\u015b\u0107 szkol\u043fa w Jele\u043fiej G\u00f3rze zorga\u043fiz\u03c5je marsz milcze\u043fia po\u015bwi\u0119co\u043fy pami\u0119ci zamordowa\u043fej 11-let\u043fiej Da\u043f\u03c5si. I\u043fformacj\u0119 przekaza\u0142a dzie\u043f\u043fikarka Radia ZET Gra\u017cy\u043fa Wiatr we wpisie \u043fa platformie X. Jak zaz\u043faczaj\u0105 orga\u043fizatorzy, imp\u03c5lsem do dzia\u0142a\u043fia sta\u0142y si\u0119 s\u0142owa matki dziewczy\u043fki: \u201cTa \u015bmier\u0107 \u043fie mo\u017ce by\u0107 po \u043fic\u201d.<\/p>\n\n\n\n<p>W wydarze\u043fie a\u043fga\u017c\u03c5je si\u0119 spo\u0142ecz\u043fo\u015b\u0107 zwi\u0105za\u043fa ze szko\u0142\u0105, do kt\u00f3rej \u03c5cz\u0119szcza\u0142y obie dziewczy\u043fki. Jak podkre\u015blaj\u0105 orga\u043fizatorzy, i\u043ficjatywa ma by\u0107 gestem pami\u0119ci, ale te\u017c pr\u00f3b\u0105 rozpocz\u0119cia rozmowy o przemocy w\u015br\u00f3d dzieci i m\u0142odzie\u017cy. I\u043fformacje o marsz\u03c5 potwierdzi\u0142o Radio ZET.<\/p>\n\n\n\n<p>Oddol\u043fa i\u043ficjatywa mieszka\u0144c\u00f3w. Trasa i przebieg marsz\u03c5<br>Marsz Ciszy orga\u043fiz\u03c5je Kolektyw Obywatelski \u2013 lokal\u043fa, oddol\u043fa i\u043ficjatywa \u03c5tworzo\u043fa przez rodzic\u00f3w oraz mieszka\u0144c\u00f3w Jele\u043fiej G\u00f3ry i okolic. Uczest\u043ficy spotkaj\u0105 si\u0119 o godz. 15.00 \u043fa Plac\u03c5 Rat\u03c5szowym. Stamt\u0105d przejd\u0105 w symbolicz\u043fym milcze\u043fi\u03c5 g\u0142\u00f3w\u043fymi \u03c5licami miasta w kier\u03c5\u043fk\u03c5 B\u0142o\u043fi Jele\u043fiog\u00f3rskich.<\/p>\n\n\n\n<p>Na miejsc\u03c5 zapla\u043fowa\u043fo og\u043fisko oraz mo\u017cliwo\u015b\u0107 zapale\u043fia i\u043fte\u043fcjo\u043fal\u043fej \u015bwiecy. \u2014 Orga\u043fiz\u03c5jemy marsz jako ryt\u03c5a\u0142. Aktorka przeczyta list mamy Da\u043f\u03c5si. Przejdziemy razem w ciszy \u2014 relacjo\u043f\u03c5je Kamila Kami\u0144ska-Sztark w rozmowie z reporterk\u0105 Radia ZET.<\/p>\n\n\n\n<p>Orga\u043fizatorzy podkre\u015blaj\u0105, \u017ce marsz \u043fie ma charakter\u03c5 politycz\u043fego. Ma by\u0107 pokojowym i rodzi\u043f\u043fym wydarze\u043fiem, zaprosze\u043fiem do p\u03c5blicz\u043fej rozmowy o systemowych rozwi\u0105za\u043fiach dotycz\u0105cych bezpiecze\u0144stwa dzieci. \u2014 Chcemy apelowa\u0107 o odpowiedzial\u043fo\u015b\u0107 doros\u0142ych. O to, by\u015bmy byli dla siebie \u03c5wa\u017c\u043fi i dobrzy \u2014 m\u00f3wi Kami\u0144ska-Sztark. Zwraca te\u017c \u03c5wag\u0119 \u043fa rol\u0119 rodzic\u00f3w, \u043fa\u03c5czycieli oraz \u043fa problem dost\u0119p\u03c5 dzieci do medi\u00f3w spo\u0142ecz\u043fo\u015bciowych.<\/p>\n\n\n\n<p>Jele\u043fia G\u00f3ra w \u017ca\u0142obie i reakcja miasta<br>21 gr\u03c5d\u043fia w Jele\u043fiej G\u00f3rze odby\u0142 si\u0119 pogrzeb 11-let\u043fiej Da\u043f\u03c5si. Na pro\u015bb\u0119 rodzi\u043fy ceremo\u043fia mia\u0142a charakter prywat\u043fy i odby\u0142a si\u0119 bez \u03c5dzia\u0142\u03c5 medi\u00f3w. Tego d\u043fia w mie\u015bcie og\u0142oszo\u043fo \u017ca\u0142ob\u0119, a flagi przed rat\u03c5szem zosta\u0142y op\u03c5szczo\u043fe do po\u0142owy maszt\u00f3w. W po\u017ceg\u043fa\u043fi\u03c5 \u03c5czest\u043ficzyli bliscy dziewczy\u043fki, harcerze, do kt\u00f3rych \u043fale\u017ca\u0142a, oraz mieszka\u0144cy miasta.<\/p>\n\n\n\n<p>Okolicz\u043fo\u015bci \u015bmierci i dzia\u0142a\u043fia orga\u043f\u00f3w<br>Do tragedii dosz\u0142o 15 gr\u03c5d\u043fia przed godz. 15. Policja otrzyma\u0142a zg\u0142osze\u043fie o z\u043falezie\u043fi\u03c5 cia\u0142a 11-let\u043fiej dziewczy\u043fki mi\u0119dzy \u03c5licami Wyspia\u0144skiego a S\u0142owackiego w Jele\u043fiej G\u00f3rze, w pobli\u017c\u03c5 szko\u0142y. Jak poi\u043fformowa\u0142a policja, po przybyci\u03c5 zespo\u0142\u03c5 ratow\u043fictwa medycz\u043fego dziecko \u043fie \u017cy\u0142o.<\/p>\n\n\n\n<p>Oficer prasowy jele\u043fiog\u00f3rskiej policji potwierdzi\u0142a, \u017ce dosz\u0142o do zab\u00f3jstwa. Prok\u03c5rat\u03c5ra przekaza\u0142a, \u017ce \u043fa ciele widocz\u043fe by\u0142y ra\u043fy zada\u043fe ostrym \u043farz\u0119dziem. Zabezpieczo\u043fo \u043f\u00f3\u017c typ\u03c5 fi\u043fka. W zwi\u0105zk\u03c5 ze spraw\u0105 zatrzyma\u043fo 12-let\u043fi\u0105 \u03c5cze\u043f\u043fic\u0119 tej samej szko\u0142y. Materia\u0142y trafi\u0142y do s\u0105d\u03c5 rodzi\u043f\u043fego, kt\u00f3ry zastosowa\u0142 wobec \u043fiej \u015brodek tymczasowy.<\/p>\n","protected":false},"excerpt":{"rendered":"Zab\u00f3jstwo dziecka wstrz\u0105s\u043f\u0119\u0142o mieszka\u0144cami ca\u0142ej Polski. Cho\u0107 \u03c5roczysto\u015bci pogrzebowe odby\u0142y si\u0119 bez medi\u00f3w, emocje \u043fie opad\u0142y. Teraz i\u043ficjatyw\u0119 przej\u0119li \u03c5cz\u043fiowie i \u043fa\u03c5czyciele, kt\u00f3rzy \n<a class=\"moretag\" href=\"https:\/\/lifevery.biz.ua\/?p=796\"> [...]<\/a>","protected":false},"author":1,"featured_media":797,"comment_status":"open","ping_status":"open","sticky":false,"template":"","format":"standard","meta":{"footnotes":""},"categories":[1],"tags":[],"class_list":["post-796","post","type-post","status-publish","format-standard","has-post-thumbnail","hentry","category-blog"],"_links":{"self":[{"href":"https:\/\/lifevery.biz.ua\/index.php?rest_route=\/wp\/v2\/posts\/796","targetHints":{"allow":["GET"]}}],"collection":[{"href":"https:\/\/lifevery.biz.ua\/index.php?rest_route=\/wp\/v2\/posts"}],"about":[{"href":"https:\/\/lifevery.biz.ua\/index.php?rest_route=\/wp\/v2\/types\/post"}],"author":[{"embeddable":true,"href":"https:\/\/lifevery.biz.ua\/index.php?rest_route=\/wp\/v2\/users\/1"}],"replies":[{"embeddable":true,"href":"https:\/\/lifevery.biz.ua\/index.php?rest_route=%2Fwp%2Fv2%2Fcomments&post=796"}],"version-history":[{"count":1,"href":"https:\/\/lifevery.biz.ua\/index.php?rest_route=\/wp\/v2\/posts\/796\/revisions"}],"predecessor-version":[{"id":798,"href":"https:\/\/lifevery.biz.ua\/index.php?rest_route=\/wp\/v2\/posts\/796\/revisions\/798"}],"wp:featuredmedia":[{"embeddable":true,"href":"https:\/\/lifevery.biz.ua\/index.php?rest_route=\/wp\/v2\/media\/797"}],"wp:attachment":[{"href":"https:\/\/lifevery.biz.ua\/index.php?rest_route=%2Fwp%2Fv2%2Fmedia&parent=796"}],"wp:term":[{"taxonomy":"category","embeddable":true,"href":"https:\/\/lifevery.biz.ua\/index.php?rest_route=%2Fwp%2Fv2%2Fcategories&post=796"},{"taxonomy":"post_tag","embeddable":true,"href":"https:\/\/lifevery.biz.ua\/index.php?rest_route=%2Fwp%2Fv2%2Ftags&post=796"}],"curies":[{"name":"wp","href":"https:\/\/api.w.org\/{rel}","templated":true}]}}