{"id":7887,"date":"2026-04-05T11:10:10","date_gmt":"2026-04-05T11:10:10","guid":{"rendered":"https:\/\/lifevery.biz.ua\/?p=7887"},"modified":"2026-04-05T11:10:10","modified_gmt":"2026-04-05T11:10:10","slug":"nawrocki-wlasnie-podjal-decyzje-to-bedzie-mialo-wplyw-na-cale-panstwo","status":"publish","type":"post","link":"https:\/\/lifevery.biz.ua\/?p=7887","title":{"rendered":"Nawrocki w\u0142a\u015bnie podj\u0105\u0142 decyzj\u0119. To b\u0119dzie mia\u0142o wp\u0142yw na ca\u0142e pa\u0144stwo"},"content":{"rendered":"\n<p>W sobot\u0119, 8 listopada, prezydent Karol Nawrocki podj\u0105\u0142 decyzje, kt\u00f3re \u2013 jak ostrzegaj\u0105 eksperci \u2013 mog\u0105 mie\u0107 daleko id\u0105ce skutki dla funkcjonowania pa\u0144stwa. W Pa\u0142acu Prezydenckim odby\u0142o si\u0119 wr\u0119czenie nominacji generalskich i oficerskich dla przedstawicieli wojska, policji, stra\u017cy granicznej oraz stra\u017cy po\u017carnej. Cho\u0107 uroczysto\u015b\u0107 mia\u0142a charakter ceremonialny, w tle narasta\u0142y napi\u0119cia mi\u0119dzy prezydentem a rz\u0105dem.<\/p>\n\n\n\n<p>Czytaj te\u017c: Czarno-bia\u0142e zdj\u0119cie na profilu Daniela Martyniuka. Wielkie poruszenie w sieci<br>Nominacje prezydenta Karola Nawrockiego<br>Jak poinformowa\u0142o Biuro Bezpiecze\u0144stwa Narodowego, \u201ePrezydent Rzeczypospolitej Polskiej Karol Nawrocki postanowieniami z dnia 8 listopada 2025 r. mianowa\u0142 na stopnie generalskie jedenastu oficer\u00f3w Wojska Polskiego, oficera Policji, oficera Stra\u017cy Granicznej oraz oficera Pa\u0144stwowej Stra\u017cy Po\u017carnej.\u201d<\/p>\n\n\n\n<p>To moment, kt\u00f3ry w opinii wielu komentator\u00f3w mo\u017ce sta\u0107 si\u0119 symbolem nowego uk\u0142adu si\u0142 w s\u0142u\u017cbach i armii.<\/p>\n\n\n\n<p>Na wniosek ministra obrony narodowej, stopie\u0144 genera\u0142a dywizji otrzymali m.in.:<\/p>\n\n\n\n<p>gen. bryg. Krzysztof Knut \u2013 dow\u00f3dca 8 Dywizji Piechoty Armii Krajowej,<\/p>\n\n\n\n<p>gen. bryg. Artur Kuptel \u2013 szef Agencji Uzbrojenia,<\/p>\n\n\n\n<p>gen. bryg. Micha\u0142 Przemys\u0142aw Sprengel \u2013 radca koordynator w Biurze Ministra Obrony Narodowej,<\/p>\n\n\n\n<p>gen. bryg. Krzysztof Zdzis\u0142aw Sta\u0144czyk \u2013 dow\u00f3dca Wojsk Obrony Terytorialnej,<\/p>\n\n\n\n<p>gen. bryg. Grzegorz Stanis\u0142aw \u015alusarz \u2013 dow\u00f3dca Centrum Operacji Powietrznych.<\/p>\n\n\n\n<p>Na stopie\u0144 wiceadmira\u0142a Wojska Polskiego awansowany zosta\u0142 kontradmira\u0142 Piotr Nie\u0107, zast\u0119pca dow\u00f3dcy operacyjnego rodzaj\u00f3w si\u0142 zbrojnych.<br>Z kolei stopie\u0144 genera\u0142a brygady otrzymali m.in. p\u0142k Mieczys\u0142aw Gurgielewicz, p\u0142k Mariusz Sebastian Ochalski, p\u0142k Jaros\u0142aw Rybak, p\u0142k Marcin Przemys\u0142aw Siudzi\u0144ski oraz p\u0142k Krzysztof Pawe\u0142 Zwoli\u0144ski.<\/p>\n\n\n\n<p>Na wniosek ministra spraw wewn\u0119trznych i administracji stopie\u0144 nadinspektora policji otrzyma\u0142 insp. Artur Bednarek, komendant wojew\u00f3dzki w Krakowie.<br>Pu\u0142kownik SG Daniel Wojtaszkiewicz zosta\u0142 mianowany genera\u0142em brygady Stra\u017cy Granicznej, a starszy brygadier Jacek Niew\u0119g\u0142owski \u2013 nadbrygadierem Pa\u0144stwowej Stra\u017cy Po\u017carnej.<\/p>\n\n\n\n<p>Polityczny sp\u00f3r o nominacje<br>Decyzje prezydenta zapad\u0142y w atmosferze narastaj\u0105cego konfliktu mi\u0119dzy Pa\u0142acem Prezydenckim a rz\u0105dem Donalda Tuska. Dzie\u0144 wcze\u015bniej premier publicznie oskar\u017cy\u0142 Karola Nawrockiego o zablokowanie nominacji 136 przysz\u0142ych oficer\u00f3w s\u0142u\u017cb specjalnych.<\/p>\n\n\n\n<p>zobacz tak\u017ce:Nie \u017cyje wielka, polska legenda. Dramatyczne wie\u015bci obieg\u0142y Polsk\u0119<br>\u201eTo dalszy ci\u0105g wojny prezydenta z polskim rz\u0105dem\u201d \u2013 powiedzia\u0142 Tusk.<\/p>\n\n\n\n<p>Prezydent zareagowa\u0142 ostro i b\u0142yskawicznie. W nagraniu opublikowanym w serwisie X odni\u00f3s\u0142 si\u0119 bezpo\u015brednio do s\u0142\u00f3w premiera:<\/p>\n\n\n\n<p>\u201e\u017beby by\u0107 premierem, nie wystarczy wrzucanie post\u00f3w na X; trzeba jeszcze umie\u0107 rz\u0105dzi\u0107 i stawia\u0107 pa\u0144stwo ponad partyjne interesy. Pan premier w swoim stylu sk\u0142ama\u0142 i nie wyja\u015bni\u0142, co wydarzy\u0142o si\u0119 naprawd\u0119.\u201d<\/p>\n\n\n\n<p>Nawrocki doda\u0142 r\u00f3wnie\u017c, \u017ce premier mia\u0142 uniemo\u017cliwi\u0107 mu kontakt z szefami s\u0142u\u017cb specjalnych.<\/p>\n\n\n\n<p>\u201eDonald Tusk podj\u0105\u0142 decyzj\u0119, \u017ce szefowie s\u0142u\u017cb specjalnych maj\u0105 zakaz spotykania si\u0119 z prezydentem RP. Odwo\u0142ano cztery moje spotkania z szefami s\u0142u\u017cb \u2014 to w\u0142a\u015bnie na nich mia\u0142y zosta\u0107 om\u00f3wione kluczowe kwestie dla bezpiecze\u0144stwa Polski.\u201d<\/p>\n\n\n\n<p>Premier Tusk odpowiedzia\u0142 kr\u00f3tko, ale stanowczo:<\/p>\n\n\n\n<p>\u201eWola\u0142bym, \u017ceby nie mija\u0142 si\u0119 z prawd\u0105 i \u017ceby zna\u0142 konstytucj\u0119, swoje kompetencje i kompetencje rz\u0105du. Reakcja prezydenta nie ma \u017cadnego uzasadnienia.\u201d<\/p>\n\n\n\n<p>Jak doda\u0142, prezydent ma zapewnione konstytucyjne formy wsp\u00f3\u0142pracy z rz\u0105dem, ale nie mo\u017ce \u201ewzywa\u0107 ministr\u00f3w ani urz\u0119dnik\u00f3w pa\u0144stwowych, kt\u00f3rzy s\u0105 podlegli Radzie Ministr\u00f3w\u201d.<\/p>\n\n\n\n<p>Eksperci ostrzegaj\u0105 przed napi\u0119ciami instytucjonalnymi<br>Politolodzy i komentatorzy nie maj\u0105 w\u0105tpliwo\u015bci \u2013 sp\u00f3r o nominacje nie jest jedynie kwesti\u0105 personaln\u0105, lecz kolejnym przejawem narastaj\u0105cego napi\u0119cia mi\u0119dzy w\u0142adz\u0105 wykonawcz\u0105 a prezydenck\u0105.<br>Zdaniem wielu z nich, konflikt o kompetencje mo\u017ce w najbli\u017cszych tygodniach utrudni\u0107 koordynacj\u0119 dzia\u0142a\u0144 s\u0142u\u017cb i wojska, a tak\u017ce pog\u0142\u0119bi\u0107 polityczne podzia\u0142y w pa\u0144stwie.<\/p>\n\n\n\n<p>Na razie ani premier, ani prezydent nie zapowiadaj\u0105 deeskalacji. Wszystko wskazuje na to, \u017ce relacje mi\u0119dzy Belwederem a Kancelari\u0105 Premiera znalaz\u0142y si\u0119 w najtrudniejszym punkcie od pocz\u0105tku kadencji Karola Nawrockiego.<\/p>\n","protected":false},"excerpt":{"rendered":"W sobot\u0119, 8 listopada, prezydent Karol Nawrocki podj\u0105\u0142 decyzje, kt\u00f3re \u2013 jak ostrzegaj\u0105 eksperci \u2013 mog\u0105 mie\u0107 daleko id\u0105ce skutki dla funkcjonowania pa\u0144stwa. \n<a class=\"moretag\" href=\"https:\/\/lifevery.biz.ua\/?p=7887\"> [...]<\/a>","protected":false},"author":1,"featured_media":7888,"comment_status":"open","ping_status":"open","sticky":false,"template":"","format":"standard","meta":{"footnotes":""},"categories":[1],"tags":[],"class_list":["post-7887","post","type-post","status-publish","format-standard","has-post-thumbnail","hentry","category-blog"],"_links":{"self":[{"href":"https:\/\/lifevery.biz.ua\/index.php?rest_route=\/wp\/v2\/posts\/7887","targetHints":{"allow":["GET"]}}],"collection":[{"href":"https:\/\/lifevery.biz.ua\/index.php?rest_route=\/wp\/v2\/posts"}],"about":[{"href":"https:\/\/lifevery.biz.ua\/index.php?rest_route=\/wp\/v2\/types\/post"}],"author":[{"embeddable":true,"href":"https:\/\/lifevery.biz.ua\/index.php?rest_route=\/wp\/v2\/users\/1"}],"replies":[{"embeddable":true,"href":"https:\/\/lifevery.biz.ua\/index.php?rest_route=%2Fwp%2Fv2%2Fcomments&post=7887"}],"version-history":[{"count":1,"href":"https:\/\/lifevery.biz.ua\/index.php?rest_route=\/wp\/v2\/posts\/7887\/revisions"}],"predecessor-version":[{"id":7889,"href":"https:\/\/lifevery.biz.ua\/index.php?rest_route=\/wp\/v2\/posts\/7887\/revisions\/7889"}],"wp:featuredmedia":[{"embeddable":true,"href":"https:\/\/lifevery.biz.ua\/index.php?rest_route=\/wp\/v2\/media\/7888"}],"wp:attachment":[{"href":"https:\/\/lifevery.biz.ua\/index.php?rest_route=%2Fwp%2Fv2%2Fmedia&parent=7887"}],"wp:term":[{"taxonomy":"category","embeddable":true,"href":"https:\/\/lifevery.biz.ua\/index.php?rest_route=%2Fwp%2Fv2%2Fcategories&post=7887"},{"taxonomy":"post_tag","embeddable":true,"href":"https:\/\/lifevery.biz.ua\/index.php?rest_route=%2Fwp%2Fv2%2Ftags&post=7887"}],"curies":[{"name":"wp","href":"https:\/\/api.w.org\/{rel}","templated":true}]}}