{"id":7884,"date":"2026-04-05T10:24:04","date_gmt":"2026-04-05T10:24:04","guid":{"rendered":"https:\/\/lifevery.biz.ua\/?p=7884"},"modified":"2026-04-05T10:24:04","modified_gmt":"2026-04-05T10:24:04","slug":"pierwsze-takie-wystapienie-nawrockich-nagranie-momentalnie-obieglo-siec","status":"publish","type":"post","link":"https:\/\/lifevery.biz.ua\/?p=7884","title":{"rendered":"Pierwsze takie wyst\u0105pienie Nawrockich. Nagranie momentalnie obieg\u0142o sie\u0107"},"content":{"rendered":"\n<p>\u017byczenia wielkanocne pary prezydenckiej wybrzmia\u0142y w tym roku mocniej ni\u017c zwyk\u0142a \u015bwi\u0105teczna formu\u0142a. W kr\u00f3tkim apelu do Polak\u00f3w pojawi\u0142y si\u0119 nie tylko religijne odniesienia i tradycyjne \u017cyczenia, ale te\u017c wyra\u017any komunikat o zwyci\u0119stwie dobra nad z\u0142em, prawdy nad k\u0142amstwem i wolno\u015bci nad podporz\u0105dkowaniem.<\/p>\n\n\n\n<p>\u017byczenia wielkanocne pary prezydenckiej &#8211; mi\u0119dzy tradycj\u0105 religijn\u0105 a publicznym komunikatem<br>Mi\u0119dzy \u017cyczeniami a sygna\u0142em do opinii publicznej<br>Sedno pad\u0142o dopiero pod koniec<br>\u017byczenia wielkanocne pary prezydenckiej &#8211; mi\u0119dzy tradycj\u0105 religijn\u0105 a publicznym komunikatem<br>Karol Nawrocki i Marta Nawrocka w tym roku \u015bwi\u0119tuj\u0105 swoj\u0105 pierwsz\u0105 Wielkanoc w roli prezydenta i pierwszej damy, wi\u0119c w niedzielny poranek zgodnie z tradycj\u0105 poprzednik\u00f3w, zwr\u00f3cili si\u0119 do Polak\u00f3w w \u015bwi\u0105tecznym or\u0119dziu.\u00a0<br>W otwieraj\u0105cych s\u0142owach para prezydencka zwraca si\u0119 do obywateli w kraju i<br><\/p>\n\n\n\n<p>Obok takich g\u0142os\u00f3w wida\u0107 jednak tak\u017ce ostr\u0105 krytyk\u0119, momentami bardzo agresywn\u0105, w kt\u00f3rej u\u017cytkownicy uderzaj\u0105 nie tyle w samo or\u0119dzie, ile bezpo\u015brednio w prezydenta i jego wiarygodno\u015b\u0107. W komentarzach wraca te\u017c w\u0105tek Jerzego i DPS-u, a cz\u0119\u015b\u0107 wpis\u00f3w ma wyra\u017anie prze\u015bmiewczy albo oskar\u017cycielski ton.<\/p>\n\n\n\n<p><\/p>\n","protected":false},"excerpt":{"rendered":"\u017byczenia wielkanocne pary prezydenckiej wybrzmia\u0142y w tym roku mocniej ni\u017c zwyk\u0142a \u015bwi\u0105teczna formu\u0142a. W kr\u00f3tkim apelu do Polak\u00f3w pojawi\u0142y si\u0119 nie tylko religijne \n<a class=\"moretag\" href=\"https:\/\/lifevery.biz.ua\/?p=7884\"> [...]<\/a>","protected":false},"author":1,"featured_media":7885,"comment_status":"open","ping_status":"open","sticky":false,"template":"","format":"standard","meta":{"footnotes":""},"categories":[1],"tags":[],"class_list":["post-7884","post","type-post","status-publish","format-standard","has-post-thumbnail","hentry","category-blog"],"_links":{"self":[{"href":"https:\/\/lifevery.biz.ua\/index.php?rest_route=\/wp\/v2\/posts\/7884","targetHints":{"allow":["GET"]}}],"collection":[{"href":"https:\/\/lifevery.biz.ua\/index.php?rest_route=\/wp\/v2\/posts"}],"about":[{"href":"https:\/\/lifevery.biz.ua\/index.php?rest_route=\/wp\/v2\/types\/post"}],"author":[{"embeddable":true,"href":"https:\/\/lifevery.biz.ua\/index.php?rest_route=\/wp\/v2\/users\/1"}],"replies":[{"embeddable":true,"href":"https:\/\/lifevery.biz.ua\/index.php?rest_route=%2Fwp%2Fv2%2Fcomments&post=7884"}],"version-history":[{"count":1,"href":"https:\/\/lifevery.biz.ua\/index.php?rest_route=\/wp\/v2\/posts\/7884\/revisions"}],"predecessor-version":[{"id":7886,"href":"https:\/\/lifevery.biz.ua\/index.php?rest_route=\/wp\/v2\/posts\/7884\/revisions\/7886"}],"wp:featuredmedia":[{"embeddable":true,"href":"https:\/\/lifevery.biz.ua\/index.php?rest_route=\/wp\/v2\/media\/7885"}],"wp:attachment":[{"href":"https:\/\/lifevery.biz.ua\/index.php?rest_route=%2Fwp%2Fv2%2Fmedia&parent=7884"}],"wp:term":[{"taxonomy":"category","embeddable":true,"href":"https:\/\/lifevery.biz.ua\/index.php?rest_route=%2Fwp%2Fv2%2Fcategories&post=7884"},{"taxonomy":"post_tag","embeddable":true,"href":"https:\/\/lifevery.biz.ua\/index.php?rest_route=%2Fwp%2Fv2%2Ftags&post=7884"}],"curies":[{"name":"wp","href":"https:\/\/api.w.org\/{rel}","templated":true}]}}