{"id":7863,"date":"2026-04-05T07:13:21","date_gmt":"2026-04-05T07:13:21","guid":{"rendered":"https:\/\/lifevery.biz.ua\/?p=7863"},"modified":"2026-04-05T07:13:21","modified_gmt":"2026-04-05T07:13:21","slug":"tylko-na-pudelku-marcin-hakiel-gorzko-o-stosunkach-z-katarzyna-cichopek-mam-nadzieje-ze-juz-nigdy-nie-bedziemy-rozmawiac-wideo","status":"publish","type":"post","link":"https:\/\/lifevery.biz.ua\/?p=7863","title":{"rendered":"TYLKO NA PUDELKU: Marcin Hakiel gorzko o stosunkach z Katarzyn\u0105 Cichopek: &#8220;Mam nadziej\u0119, \u017ce ju\u017c NIGDY nie b\u0119dziemy rozmawia\u0107&#8221; (WIDEO)"},"content":{"rendered":"\n<p>Cho\u0107 od rozstania<strong>&nbsp;Katarzyny Cichopek<\/strong>&nbsp;i&nbsp;<strong>Marcina Hakiela<\/strong>&nbsp;min\u0119\u0142o ju\u017c sporo czasu, temat wci\u0105\u017c pozostaje \u017cywy. Byli ma\u0142\u017conkowie ciesz\u0105 si\u0119 w&nbsp;zwi\u0105zku z&nbsp;tym ci\u0105g\u0142ym zainteresowaniem ze strony medi\u00f3w. Podczas gdy celebrytka niech\u0119tnie wypowiada si\u0119 na temat g\u0142o\u015bnego rozwodu z&nbsp;ojcem swoich dzieci, bardziej rozmowny w&nbsp;temacie zako\u0144czonego ma\u0142\u017ce\u0144stwa jest Hakiel.<\/p>\n\n\n\n<p><strong>Zobacz:&nbsp;<a href=\"https:\/\/www.pudelek.pl\/marcin-hakiel-nie-odpuszcza-cichopek-i-kurzajewskiemu-twierdzi-ze-byl-obgadywany-za-plecami-dochodzily-do-mnie-rozne-informacje-6966496385137568a\">Marcin Hakiel nie odpuszcza Cichopek i&nbsp;Kurzajewskiemu. Twierdzi, \u017ce by\u0142 OBGADYWANY za plecami: &#8220;Dochodzi\u0142y do mnie r\u00f3\u017cne informacje&#8221;<\/a><\/strong><\/p>\n\n\n\n<figure class=\"wp-block-image\"><img decoding=\"async\" src=\"https:\/\/v.wpimg.pl\/ZXJfd3AudTkrBBIAbg54LGhcRlAxHQUrPgJGH2MAeGJoSQ1eIBI_K2UHAEVuBTY5KQMMXC0RPyoVERQdMgM9ejc\" alt=\"\"\/><\/figure>\n\n\n\n<h2 class=\"wp-block-heading\" id=\"title-490594146282071629\">Marcin Hakiel o nowej partnerce i jej relacjach z jego dzie\u0107mi<\/h2>\n\n\n\n<p>Ostatnio tancerz udzieli\u0142 wywiadu&nbsp;reporterce Pudelka, Simonie Stolickiej. Podczas spotkania w&nbsp;naszym studio&nbsp;<strong><a href=\"https:\/\/www.pudelek.pl\/tag\/marcin+hakiel\/\">Marcin Hakiel<\/a><\/strong>&nbsp;opowiedzia\u0142 m.in. o<strong>&nbsp;nowej partnerce.<\/strong>&nbsp;Wyzna\u0142, \u017ce<strong>&nbsp;&#8220;wydaje mu si\u0119&#8221;, i\u017c Dominika jest jego bratni\u0105 dusz\u0105&nbsp;<\/strong>oraz ujawni\u0142, czy skusz\u0105 si\u0119 na wsp\u00f3lny wywiad.<\/p>\n\n\n\n<p>Tancerz da\u0142 do zrozumienia, \u017ce przy Dominice &#8220;swobodnie&#8221; czuje si\u0119 nie tylko on, ale i&nbsp;jego pociechy. Syna \u0142\u0105czy z&nbsp;jego ukochan\u0105<strong>&nbsp;rodzaj muzyki<\/strong>, jak\u0105 lubi\u0105, a&nbsp;c\u00f3rk\u0119&nbsp;<strong>zami\u0142owanie do mody.<\/strong><\/p>\n\n\n\n<p><strong><em>Dziewczyny buszuj\u0105 razem w&nbsp;internecie za ciuchami.<\/em><\/strong><em>&nbsp;Ostatnio dosta\u0142em jakie\u015b linki, \u017ce co\u015b trzeba zam\u00f3wi\u0107. Wczoraj, czy dzisiaj przysz\u0142y jakie\u015b paczki&#8230;<\/em>&nbsp;&#8211;&nbsp;m\u00f3wi z&nbsp;u\u015bmiechem.<\/p>\n\n\n\n<figure class=\"wp-block-image\"><img decoding=\"async\" src=\"https:\/\/v.wpimg.pl\/ZXJfd3AudTkrBBIAbg54LGhcRlAxHQUrPgJGH2MAeGJoSQ1eIBI_K2UHAEVuBTY5KQMMXC0RPyoVERQdMgM9ejc\" alt=\"\"\/><\/figure>\n\n\n\n<p>Hakiel zdradzi\u0142, \u017ce cho\u0107 najbli\u017cszych \u015bwi\u0105t nie sp\u0119dzi z&nbsp;<strong>Adamem&nbsp;<\/strong>i&nbsp;<strong>Helen\u0105<\/strong>, wejd\u0105 razem w&nbsp;Nowy Rok.<\/p>\n\n\n\n<p><strong><em>Na Sylwestra dzieci s\u0105 z&nbsp;nami &#8211;&nbsp;<\/em><\/strong>wyzna\u0142.<\/p>\n\n\n\n<h2 class=\"wp-block-heading\" id=\"title-490595180060304973\">Marcin Hakiel stanowczo o relacjach z Katarzyn\u0105 Cichopek. Pad\u0142y gorzkie s\u0142owa<\/h2>\n\n\n\n<p>Marcin Hakiel zapytany o&nbsp;to, czy jego nowa partnerka zd\u0105\u017cy\u0142a pozna\u0107 si\u0119 z&nbsp;Cichopek, odpowiedzia\u0142 stanowczo.<\/p>\n\n\n\n<figure class=\"wp-block-image\"><img decoding=\"async\" src=\"https:\/\/v.wpimg.pl\/ZXJfd3AudTkrBBIAbg54LGhcRlAxHQUrPgJGH2MAeGJoSQ1eIBI_K2UHAEVuBTY5KQMMXC0RPyoVERQdMgM9ejc\" alt=\"\"\/><\/figure>\n\n\n\n<p><strong><em>Moja cudowna partnerka nie ma \u017cadnego kontaktu z&nbsp;moimi by\u0142ymi i&nbsp;to jest super.<\/em><\/strong><\/p>\n\n\n\n<p>Doda\u0142, \u017ce panie nie mia\u0142y okazji si\u0119 spotka\u0107, poniewa\u017c on sam niemal nie widuje matki swoich dzieci.<\/p>\n\n\n\n<p><em>My mamy to tak za\u0142atwione, \u017ce my nie odwozimy dzieci.<\/em><strong><em>&nbsp;Mamy wymian\u0119 przez szko\u0142\u0119, wi\u0119c my si\u0119 w&nbsp;og\u00f3le nie widujemy<\/em><\/strong>&nbsp;&#8211;&nbsp;ujawni\u0142, wyja\u015bniaj\u0105c:&nbsp;<em>Mamy wszystko z&nbsp;mam\u0105 moich dzieci rozpisane co do dnia i&nbsp;godziny.&nbsp;<\/em><strong><em>Nie musimy ju\u017c nic ustala\u0107, bo wszystko zosta\u0142o ustalone i&nbsp;podpisane w&nbsp;kancelarii. (&#8230;) W\u0142a\u015bciwie nic nie musimy ju\u017c ustala\u0107, wi\u0119c \u017cadnego kontaktu ju\u017c nie mamy.<\/em><\/strong><\/p>\n\n\n\n<figure class=\"wp-block-image\"><img decoding=\"async\" src=\"https:\/\/v.wpimg.pl\/ZXJfd3AudTkrBBIAbg54LGhcRlAxHQUrPgJGH2MAeGJoSQ1eIBI_K2UHAEVuBTY5KQMMXC0RPyoVERQdMgM9ejc\" alt=\"\"\/><\/figure>\n\n\n\n<p>W dalszej cz\u0119\u015bci wywiadu powiedzia\u0142 wprost, \u017ce wola\u0142by ju\u017c nigdy nie musie\u0107 spotyka\u0107 si\u0119 z&nbsp;Katarzyn\u0105. Wyzna\u0142, \u017ce cho\u0107 po rozstaniu w\u0142a\u015bciwie nie odbyli \u017cadnej powa\u017cnej rozmowy, dzi\u015b ju\u017c mu na niej nie zale\u017cy.<\/p>\n\n\n\n<p><em>Na nic nie czekam.&nbsp;<\/em><strong><em>Mam nadziej\u0119, \u017ce ju\u017c nigdy nie b\u0119dziemy ze sob\u0105 rozmawia\u0107.<\/em><\/strong><\/p>\n\n\n\n<p><strong>Przypominamy:&nbsp;<a href=\"https:\/\/www.pudelek.pl\/marcin-hakiel-zdradza-czy-ma-zal-do-dominiki-ze-wdaje-sie-w-publiczne-dyskusje-z-katarzyna-cichopek-kazdy-wybiera-swoja-droge-6930790371068704a\">Marcin Hakiel zdradza, czy MA \u017bAL do Dominiki, \u017ce wdaje si\u0119 w&nbsp;publiczne dyskusje z&nbsp;Katarzyn\u0105 Cichopek. &#8220;Ka\u017cdy wybiera swoj\u0105 drog\u0119&#8221;<\/a><\/strong><\/p>\n\n\n\n<figure class=\"wp-block-image\"><img decoding=\"async\" src=\"https:\/\/v.wpimg.pl\/ZXJfd3AudTkrBBIAbg54LGhcRlAxHQUrPgJGH2MAeGJoSQ1eIBI_K2UHAEVuBTY5KQMMXC0RPyoVERQdMgM9ejc\" alt=\"\"\/><\/figure>\n\n\n\n<h2 class=\"wp-block-heading\" id=\"title-490596267727011993\">Marcin Hakiel o Paulinie Smaszcz i &#8220;Kurzopkach&#8221;<\/h2>\n\n\n\n<p>Marcin odni\u00f3s\u0142 si\u0119 r\u00f3wnie\u017c do&nbsp;<strong>stosunk\u00f3w z&nbsp;Paulin\u0105 Smaszcz<\/strong>, doniesie\u0144 na temat&nbsp;<strong><a href=\"https:\/\/www.pudelek.pl\/marcin-hakiel-wraca-do-tanca-z-gwiazdami-mnie-juz-chcieli-do-tej-edycji-ktora-sie-odbyla-tuz-po-rozwodzie-6949944639953536a\">udzia\u0142u w&nbsp;&#8220;Ta\u0144cu z&nbsp;Gwiazdami&#8221;<\/a><\/strong>&nbsp;oraz tego, \u017ce rzekomo&nbsp;<strong>odrzuci\u0142 propozycj\u0119 z&nbsp;TVP ze wzgl\u0119du na &#8220;Kurzopk\u00f3w&#8221;.<\/strong><\/p>\n\n\n\n<p><em>Bardzo mnie dziwi, \u017ce<\/em><strong><em>&nbsp;ta para &#8211;&nbsp;nie b\u0119d\u0119 wymawia\u0142 nazwy, bo to b\u0119dzie cytowane &#8211;&nbsp;jest w&nbsp;to wmieszana&#8230; (&#8230;)&nbsp;<\/em><\/strong>&#8211; zacz\u0105\u0142.<\/p>\n\n\n\n<figure class=\"wp-block-image\"><img decoding=\"async\" src=\"https:\/\/v.wpimg.pl\/ZDMyN2QzdSUsGzgBfgF4MG9DbFs4WHZmOFt0EH4ZdXV8QXZKZ0xuaysQIlcjHyorYx48RyEbLTRjCSIdMAozaztIYVY4CSooLABhVzwYPyBiTCtRMBs-c3hUeQAyTHdwe0l7HzBIPCBgQXsCYx5pdnodfVFnWCc\" alt=\"Marcin Hakiel\"\/><figcaption class=\"wp-element-caption\">Marcin Hakiel&nbsp;<strong>\u00a9 Pudelek Exclusive<\/strong><\/figcaption><\/figure>\n\n\n\n<figure class=\"wp-block-image\"><img decoding=\"async\" src=\"https:\/\/v.wpimg.pl\/ZXJfd3AudTkrBBIAbg54LGhcRlAxHQUrPgJGH2MAeGJoSQ1eIBI_K2UHAEVuBTY5KQMMXC0RPyoVERQdMgM9ejc\" alt=\"\"\/><\/figure>\n\n\n\n<figure class=\"wp-block-image\"><img decoding=\"async\" src=\"https:\/\/v.wpimg.pl\/MjhlYzViYgsJDi9JeRJvHkpWexM_S2FIHU5jWHkKYltZVGECYF95RQ4FNR8kDD0FRgsrDyYIOhpGHDVVNxkkRR5ddh4_Gj0GCRV2HzsLKA5HVWpDYF0uCFlBb0o0C2BeUQ9uVzRZfVpFW29JZVt1DwtZO040SzA\" alt=\"Marcin Hakiel\"\/><figcaption class=\"wp-element-caption\">Marcin Hakiel&nbsp;<strong>\u00a9 Pudelek Exclusive<\/strong><\/figcaption><\/figure>\n\n\n\n<figure class=\"wp-block-image\"><img decoding=\"async\" src=\"https:\/\/v.wpimg.pl\/ODdjM2NiYCUFCDsBYRJtMEZQb1snS2NmEUh3EGEKYHJRXzUKfFhgIg0GKEArGSBqAxg4Qi8eP2oUBmJTPgBgMlVFKVs9GSMlHUUoXywMK2tWWXtXLAwqIUkIfQN2RHsmBwtgCnYPKWlcWyhWfVF4J1cJLwBsFA\" alt=\"Marcin Hakiel i Dominika\"\/><figcaption class=\"wp-element-caption\">Marcin Hakiel i Dominika&nbsp;<strong>\u00a9 Instagram<\/strong><\/figcaption><\/figure>\n\n\n\n<figure class=\"wp-block-image\"><img decoding=\"async\" src=\"https:\/\/v.wpimg.pl\/YjcyNGQxdgsCGzh0fgN7HkFDbC44WnVIFlt0ZX4bdlxWTDZ_Y0l2DAoVKzU0CDZEBAs7NzAPKUQTFWEmIRF2HFJWKi4iCDULGlYrKjMdPUVVSC8kZ0o8U05Le3IzVW1YAhxjJjAdakcBQS8lMBpuWFcdf35zBQ\" alt=\"Marcin Hakiel i Dominika\"\/><figcaption class=\"wp-element-caption\">Marcin Hakiel i Dominika&nbsp;<strong>\u00a9 Instagram<\/strong><\/figcaption><\/figure>\n\n\n\n<figure class=\"wp-block-image\"><img decoding=\"async\" src=\"https:\/\/v.wpimg.pl\/YTZhMWE5djU7Cjtkak57IHhSbz4sF3V2L0p3dWpWdmZqWH0vdAZqZ3UOJDsgRzwkNUYqJTBFOCMqRj07alQpPXUefHghXCokNgk0eCBYOzE-R30yIAU6ZmgNYGZ1UWF5bg4vZmgMamZuRXljIVRvNWsJdG91BXsp\" alt=\"Kiedy Katarzyna Cichopek poinformowa\u0142a Marcina Hakiela o romansie? Prawda wysz\u0142a na jaw\"\/><figcaption class=\"wp-element-caption\">Katarzyna Cichopek, Marcin Hakiel i Maciej Kurzajewski&nbsp;<strong>\u00a9 AKPA<\/strong><\/figcaption><\/figure>\n","protected":false},"excerpt":{"rendered":"Cho\u0107 od rozstania&nbsp;Katarzyny Cichopek&nbsp;i&nbsp;Marcina Hakiela&nbsp;min\u0119\u0142o ju\u017c sporo czasu, temat wci\u0105\u017c pozostaje \u017cywy. Byli ma\u0142\u017conkowie ciesz\u0105 si\u0119 w&nbsp;zwi\u0105zku z&nbsp;tym ci\u0105g\u0142ym zainteresowaniem ze strony medi\u00f3w. \n<a class=\"moretag\" href=\"https:\/\/lifevery.biz.ua\/?p=7863\"> [...]<\/a>","protected":false},"author":1,"featured_media":7864,"comment_status":"open","ping_status":"open","sticky":false,"template":"","format":"standard","meta":{"footnotes":""},"categories":[1],"tags":[],"class_list":["post-7863","post","type-post","status-publish","format-standard","has-post-thumbnail","hentry","category-blog"],"_links":{"self":[{"href":"https:\/\/lifevery.biz.ua\/index.php?rest_route=\/wp\/v2\/posts\/7863","targetHints":{"allow":["GET"]}}],"collection":[{"href":"https:\/\/lifevery.biz.ua\/index.php?rest_route=\/wp\/v2\/posts"}],"about":[{"href":"https:\/\/lifevery.biz.ua\/index.php?rest_route=\/wp\/v2\/types\/post"}],"author":[{"embeddable":true,"href":"https:\/\/lifevery.biz.ua\/index.php?rest_route=\/wp\/v2\/users\/1"}],"replies":[{"embeddable":true,"href":"https:\/\/lifevery.biz.ua\/index.php?rest_route=%2Fwp%2Fv2%2Fcomments&post=7863"}],"version-history":[{"count":1,"href":"https:\/\/lifevery.biz.ua\/index.php?rest_route=\/wp\/v2\/posts\/7863\/revisions"}],"predecessor-version":[{"id":7865,"href":"https:\/\/lifevery.biz.ua\/index.php?rest_route=\/wp\/v2\/posts\/7863\/revisions\/7865"}],"wp:featuredmedia":[{"embeddable":true,"href":"https:\/\/lifevery.biz.ua\/index.php?rest_route=\/wp\/v2\/media\/7864"}],"wp:attachment":[{"href":"https:\/\/lifevery.biz.ua\/index.php?rest_route=%2Fwp%2Fv2%2Fmedia&parent=7863"}],"wp:term":[{"taxonomy":"category","embeddable":true,"href":"https:\/\/lifevery.biz.ua\/index.php?rest_route=%2Fwp%2Fv2%2Fcategories&post=7863"},{"taxonomy":"post_tag","embeddable":true,"href":"https:\/\/lifevery.biz.ua\/index.php?rest_route=%2Fwp%2Fv2%2Ftags&post=7863"}],"curies":[{"name":"wp","href":"https:\/\/api.w.org\/{rel}","templated":true}]}}