{"id":7860,"date":"2026-04-05T07:08:07","date_gmt":"2026-04-05T07:08:07","guid":{"rendered":"https:\/\/lifevery.biz.ua\/?p=7860"},"modified":"2026-04-05T07:08:07","modified_gmt":"2026-04-05T07:08:07","slug":"nie-zyje-10-latka-mama-myslala-ze-corka-jeszcze-spi-2","status":"publish","type":"post","link":"https:\/\/lifevery.biz.ua\/?p=7860","title":{"rendered":"Nie \u017cyje 10-latka. Mama my\u015bla\u0142a, \u017ce c\u00f3rka jeszcze \u015bpi"},"content":{"rendered":"\n<p>Miko\u0142ajkowy poranek w podbia\u0142ostockim Gr\u00f3dku mia\u0142 by\u0107 pe\u0142en rado\u015bci, a zamiast tego zamieni\u0142 si\u0119 w dramat. Rodzina i s\u0105siedzi nie kryj\u0105 szoku po nag\u0142ej \u015bmierci 10-letniej dziewczynki. Szko\u0142a, do kt\u00f3rej ucz\u0119szcza\u0142a, \u017cegna swoj\u0105 uczennic\u0119, a prokuratura bada okoliczno\u015bci tego tragicznego zdarzenia.<\/p>\n\n\n\n<p>Tragiczny poranek w Gr\u00f3dku \u2013 mama odkrywa \u015bmier\u0107 10-latki<br>6 grudnia 2025 r. mia\u0142 by\u0107 zwyk\u0142ym sobotnim porankiem. Mama 10-latki przysz\u0142a obudzi\u0107 c\u00f3rk\u0119, my\u015bl\u0105c, \u017ce jeszcze \u015bpi \u2013 w ko\u0144cu nie musia\u0142a wstawa\u0107 do szko\u0142y. To, co zobaczy\u0142a, by\u0142o niewyobra\u017calne: dziewczynka le\u017ca\u0142a w bezruchu, nie oddycha\u0142a i nie reagowa\u0142a na dotyk ani s\u0142owa.&nbsp;<\/p>\n\n\n\n<p>Natychmiast wezwano s\u0142u\u017cby ratunkowe, ale niestety nie uda\u0142o si\u0119 jej uratowa\u0107. Mieszka\u0144cy Gr\u00f3dka i rodzina pogr\u0105\u017cyli si\u0119 w \u017ca\u0142obie, a lokalna spo\u0142eczno\u015b\u0107 nie kryje szoku i smutku.&nbsp;<\/p>\n\n\n\n<p>W szkole, do kt\u00f3rej ucz\u0119szcza\u0142a dziewczynka, przygotowania do Miko\u0142ajek i pierwszych grudniowych prezent\u00f3w szybko ust\u0105pi\u0142y miejsca smutkowi. Cho\u0107 zdj\u0119cia i dyplomy pokazuj\u0105 radosn\u0105 i ambitn\u0105 dziewczynk\u0119, rzeczywisto\u015b\u0107 tego dnia okaza\u0142a si\u0119 tragiczna.<br><\/p>\n\n\n\n<p>Szko\u0142a \u017cegna uczennic\u0119 \u2013 spo\u0142eczno\u015b\u0107 lokalna w \u017ca\u0142obie<br>Dziewczynka by\u0142a nie tylko dobr\u0105 uczennic\u0105, ale tak\u017ce cz\u0119sto wygrywa\u0142a konkursy szkolne. Jej osi\u0105gni\u0119cia i u\u015bmiech na zdj\u0119ciach by\u0142y \u017ar\u00f3d\u0142em dumy dla nauczycieli i koleg\u00f3w. Po tragedii szko\u0142a wyda\u0142a o\u015bwiadczenie:&nbsp;<\/p>\n\n\n\n<p>\u2013 Z g\u0142\u0119bokim smutkiem przyj\u0119li\u015bmy wiadomo\u015b\u0107 o \u015bmierci uczennicy naszej szko\u0142y. Wyrazy g\u0142\u0119bokiego wsp\u00f3\u0142czucia oraz s\u0142owa wsparcia dla rodziny oraz bliskich sk\u0142adaj\u0105: dyrekcja, grono pedagogiczne, pracownicy oraz ca\u0142a spo\u0142eczno\u015b\u0107 uczniowska.<\/p>\n\n\n\n<p>W po\u017cegnaniu przypomniano te\u017c s\u0142owa ks. Jana Twardowskiego:&nbsp;<\/p>\n\n\n\n<p>\u2013 Nie umiera ten, kto trwa w sercach i pami\u0119ci naszej.<\/p>\n\n\n\n<p>Uczniowie i nauczyciele musz\u0105 teraz poradzi\u0107 sobie z ogromn\u0105 strat\u0105, wspieraj\u0105c rodzin\u0119 i bliskich 10-latki w tym trudnym czasie. Wydarzenie to wstrz\u0105sn\u0119\u0142o ca\u0142\u0105 miejscowo\u015bci\u0105 i pokaza\u0142o, jak kruche bywa \u017cycie najm\u0142odszych.<br><\/p>\n\n\n\n<p>\u015aledztwo w sprawie \u015bmierci 10-latki \u2013 wypadek w szkole i prokuratura<br>Dzie\u0144 przed \u015bmierci\u0105, 5 grudnia 2025 r., w szkole dosz\u0142o do niebezpiecznego zdarzenia \u2013 dziewczynka upad\u0142a na ziemi\u0119 i uderzy\u0142a g\u0142ow\u0105 o pod\u0142og\u0119. Jak poinformowa\u0142a prok. Elwira Laskowska z Prokuratury Rejonowej w Bia\u0142ymstoku, po tym wypadku nie wezwano s\u0142u\u017cb medycznych ani nie powiadomiono rodzic\u00f3w dziecka.&nbsp;<\/p>\n\n\n\n<p>\u015aledztwo zosta\u0142o wszcz\u0119te w kierunku nara\u017cenia na bezpo\u015brednie niebezpiecze\u0144stwo utraty \u017cycia 10-letniej uczennicy przez osob\u0119, kt\u00f3ra mia\u0142a obowi\u0105zek sprawowania nad ni\u0105 opieki. Prokuratura podkre\u015bla, \u017ce materia\u0142 dowodowy jest nadal gromadzony, a wst\u0119pna przyczyna \u015bmierci b\u0119dzie znana po sekcji zw\u0142ok, zaplanowanej na najbli\u017cszy pi\u0105tek.&nbsp;<\/p>\n\n\n\n<p>Ta tragedia wstrz\u0105sn\u0119\u0142a lokaln\u0105 spo\u0142eczno\u015bci\u0105, pozostawiaj\u0105c pytania o okoliczno\u015bci wypadku i dzia\u0142ania os\u00f3b odpowiedzialnych za bezpiecze\u0144stwo dziecka.<br><\/p>\n","protected":false},"excerpt":{"rendered":"Miko\u0142ajkowy poranek w podbia\u0142ostockim Gr\u00f3dku mia\u0142 by\u0107 pe\u0142en rado\u015bci, a zamiast tego zamieni\u0142 si\u0119 w dramat. Rodzina i s\u0105siedzi nie kryj\u0105 szoku po \n<a class=\"moretag\" href=\"https:\/\/lifevery.biz.ua\/?p=7860\"> [...]<\/a>","protected":false},"author":1,"featured_media":7861,"comment_status":"open","ping_status":"open","sticky":false,"template":"","format":"standard","meta":{"footnotes":""},"categories":[1],"tags":[],"class_list":["post-7860","post","type-post","status-publish","format-standard","has-post-thumbnail","hentry","category-blog"],"_links":{"self":[{"href":"https:\/\/lifevery.biz.ua\/index.php?rest_route=\/wp\/v2\/posts\/7860","targetHints":{"allow":["GET"]}}],"collection":[{"href":"https:\/\/lifevery.biz.ua\/index.php?rest_route=\/wp\/v2\/posts"}],"about":[{"href":"https:\/\/lifevery.biz.ua\/index.php?rest_route=\/wp\/v2\/types\/post"}],"author":[{"embeddable":true,"href":"https:\/\/lifevery.biz.ua\/index.php?rest_route=\/wp\/v2\/users\/1"}],"replies":[{"embeddable":true,"href":"https:\/\/lifevery.biz.ua\/index.php?rest_route=%2Fwp%2Fv2%2Fcomments&post=7860"}],"version-history":[{"count":1,"href":"https:\/\/lifevery.biz.ua\/index.php?rest_route=\/wp\/v2\/posts\/7860\/revisions"}],"predecessor-version":[{"id":7862,"href":"https:\/\/lifevery.biz.ua\/index.php?rest_route=\/wp\/v2\/posts\/7860\/revisions\/7862"}],"wp:featuredmedia":[{"embeddable":true,"href":"https:\/\/lifevery.biz.ua\/index.php?rest_route=\/wp\/v2\/media\/7861"}],"wp:attachment":[{"href":"https:\/\/lifevery.biz.ua\/index.php?rest_route=%2Fwp%2Fv2%2Fmedia&parent=7860"}],"wp:term":[{"taxonomy":"category","embeddable":true,"href":"https:\/\/lifevery.biz.ua\/index.php?rest_route=%2Fwp%2Fv2%2Fcategories&post=7860"},{"taxonomy":"post_tag","embeddable":true,"href":"https:\/\/lifevery.biz.ua\/index.php?rest_route=%2Fwp%2Fv2%2Ftags&post=7860"}],"curies":[{"name":"wp","href":"https:\/\/api.w.org\/{rel}","templated":true}]}}