{"id":7843,"date":"2026-04-05T06:10:03","date_gmt":"2026-04-05T06:10:03","guid":{"rendered":"https:\/\/lifevery.biz.ua\/?p=7843"},"modified":"2026-04-05T06:10:03","modified_gmt":"2026-04-05T06:10:03","slug":"tragiczny-wypadek-w-warminsko-mazurskim-dwie-osoby-zginely-na-miejscu-4","status":"publish","type":"post","link":"https:\/\/lifevery.biz.ua\/?p=7843","title":{"rendered":"Tragiczny wypadek w warmi\u0144sko-mazurskim. Dwie osoby zgin\u0119\u0142y na miejscu"},"content":{"rendered":"\n<p>W nocy z pi\u0105tku na sobot\u0119 (12\/13 grudnia) dosz\u0142o do tragicznego zdarzenia w wojew\u00f3dztwie warmi\u0144sko-mazurskim. Samoch\u00f3d osobowy uderzy\u0142 w drzewo. W wyniku wypadku zmar\u0142y dwie osoby, a jedna trafi\u0142a do szpitala.<\/p>\n\n\n\n<p>Tragiczny wypadek w miejscowo\u015bci Rejsy<br>Noc z pi\u0105tku na sobot\u0119 sko\u0144czy\u0142a si\u0119 tragicznie dla dw\u00f3ch m\u0119\u017cczyzn. Jak poinformowa\u0142 nadkom. Krzysztof Nowacki, oficer prasowy policji w Elbl\u0105gu, zgin\u0105\u0142 40-latek, kt\u00f3ry kierowa\u0142 samochodem osobowym marki Volkswagena oraz \u00a051-letni pasa\u017cer. W wyniku wypadku ucierpia\u0142 r\u00f3wnie\u017c 20-latek, kt\u00f3ry trafi\u0142 do szpitala. Do zdarzenia dosz\u0142o oko\u0142o godziny 2:00.\u00a0<br><\/p>\n\n\n\n<p>Samoch\u00f3d uderzy\u0142 w drzewo. Nie \u017cyj\u0105 dwie osoby<br>Prowadz\u0105cy Volkswagena 40-latek z niewyja\u015bnionych przyczyn nagle zjecha\u0142 z drogi i uderzy\u0142 w drzewo, w wyniku czego \u015bmier\u0107 poni\u00f3s\u0142 on i pasa\u017cer auta, kt\u00f3rym kierowa\u0142. Na miejscu zdarzenia pracowa\u0142y cztery zast\u0119py stra\u017cy po\u017carnej, policja oraz Zesp\u00f3\u0142 Ratownictwa Medycznego. Aktualnie policja bada dok\u0142adne okoliczno\u015bci tragicznego wypadku.<br><\/p>\n\n\n\n<p>Wypadki drogowe w Polsce. Oto najcz\u0119stsze przyczyny<br>O wypadkach drogowych s\u0142yszymy niemal codziennie. Cho\u0107 w 2025 roku odnotowano spadek liczby wypadk\u00f3w drogowych oraz ofiar \u015bmiertelnych w por\u00f3wnaniu do lat ubieg\u0142ych, to wci\u0105\u017c jest to zjawisko bardzo powszechne. Do najcz\u0119stszych przyczyn wypadk\u00f3w w Polsce zaliczamy mi\u0119dzy innymi niedostosowanie pr\u0119dko\u015bci do warunk\u00f3w panuj\u0105cych na drodze oraz nieostro\u017cno\u015b\u0107 kierowc\u00f3w. Wiele wypadk\u00f3w powoduj\u0105 r\u00f3wnie\u017c nietrze\u017awi kierowcy, co wci\u0105\u017c jest ogromnym problemem w naszym kraju.<br><\/p>\n","protected":false},"excerpt":{"rendered":"W nocy z pi\u0105tku na sobot\u0119 (12\/13 grudnia) dosz\u0142o do tragicznego zdarzenia w wojew\u00f3dztwie warmi\u0144sko-mazurskim. Samoch\u00f3d osobowy uderzy\u0142 w drzewo. W wyniku wypadku \n<a class=\"moretag\" href=\"https:\/\/lifevery.biz.ua\/?p=7843\"> [...]<\/a>","protected":false},"author":1,"featured_media":7844,"comment_status":"open","ping_status":"open","sticky":false,"template":"","format":"standard","meta":{"footnotes":""},"categories":[1],"tags":[],"class_list":["post-7843","post","type-post","status-publish","format-standard","has-post-thumbnail","hentry","category-blog"],"_links":{"self":[{"href":"https:\/\/lifevery.biz.ua\/index.php?rest_route=\/wp\/v2\/posts\/7843","targetHints":{"allow":["GET"]}}],"collection":[{"href":"https:\/\/lifevery.biz.ua\/index.php?rest_route=\/wp\/v2\/posts"}],"about":[{"href":"https:\/\/lifevery.biz.ua\/index.php?rest_route=\/wp\/v2\/types\/post"}],"author":[{"embeddable":true,"href":"https:\/\/lifevery.biz.ua\/index.php?rest_route=\/wp\/v2\/users\/1"}],"replies":[{"embeddable":true,"href":"https:\/\/lifevery.biz.ua\/index.php?rest_route=%2Fwp%2Fv2%2Fcomments&post=7843"}],"version-history":[{"count":1,"href":"https:\/\/lifevery.biz.ua\/index.php?rest_route=\/wp\/v2\/posts\/7843\/revisions"}],"predecessor-version":[{"id":7845,"href":"https:\/\/lifevery.biz.ua\/index.php?rest_route=\/wp\/v2\/posts\/7843\/revisions\/7845"}],"wp:featuredmedia":[{"embeddable":true,"href":"https:\/\/lifevery.biz.ua\/index.php?rest_route=\/wp\/v2\/media\/7844"}],"wp:attachment":[{"href":"https:\/\/lifevery.biz.ua\/index.php?rest_route=%2Fwp%2Fv2%2Fmedia&parent=7843"}],"wp:term":[{"taxonomy":"category","embeddable":true,"href":"https:\/\/lifevery.biz.ua\/index.php?rest_route=%2Fwp%2Fv2%2Fcategories&post=7843"},{"taxonomy":"post_tag","embeddable":true,"href":"https:\/\/lifevery.biz.ua\/index.php?rest_route=%2Fwp%2Fv2%2Ftags&post=7843"}],"curies":[{"name":"wp","href":"https:\/\/api.w.org\/{rel}","templated":true}]}}