{"id":784,"date":"2026-01-22T11:00:53","date_gmt":"2026-01-22T11:00:53","guid":{"rendered":"https:\/\/lifevery.biz.ua\/?p=784"},"modified":"2026-01-22T11:00:53","modified_gmt":"2026-01-22T11:00:53","slug":"marcin-gortat-zostal-ojcem-sam-przekazal-radosna-nowine","status":"publish","type":"post","link":"https:\/\/lifevery.biz.ua\/?p=784","title":{"rendered":"Marcin Gortat zosta\u0142 ojcem. Sam przekaza\u0142 radosn\u0105 nowin\u0119"},"content":{"rendered":"\n<p>Marcin Gortat i jego \u017cona \u017baneta latem 2025 roku og\u0142osili, \u017ce spodziewaj\u0105 si\u0119 dziecka. Maluszek jest ju\u017c na \u015bwiecie i jest oczkiem w g\u0142owie rodzic\u00f3w. Oto szczeg\u00f3\u0142y.<\/p>\n\n\n\n<p>Marcin Gortat nie m\u00f3g\u0142 si\u0119 doczeka\u0107 zostania tat\u0105. Dziecko jest ju\u017c na \u015bwiecie<br>Marcin Gortat d\u0142ugo czeka\u0142 na t\u0119 jedyn\u0105. \u017banet\u0119 Stanis\u0142awsk\u0105, z wykszta\u0142cenia politolo\u017ck\u0119, a z zawodu specjalistk\u0119 w dziedzinie kosmetologii estetycznej, trenerk\u0119 biznesu, za\u0142o\u017cycielk\u0119 i szefow\u0105 szko\u0142y makija\u017cu permanentnego Broadway Beauty, pozna\u0142 kilka lat temu na spotkaniu biznesowym. Na pocz\u0105tku utrzymywali zwi\u0105zek w tajemnicy, ale gdy dosz\u0142o do \u015blubu i oczekiwania na potomka \u2013 nie mogli d\u0142u\u017cej milcze\u0107.<\/p>\n\n\n\n<p>\u201cUczyni\u0142a mnie najszcz\u0119\u015bliwszym m\u0119\u017cczyzn\u0105 na \u015bwiecie. Z rado\u015bci\u0105 mog\u0119 poinformowa\u0107\u2026 wkr\u00f3tce zostaniemy rodzicami\u201d \u2013 pisa\u0142 w sieci sportowiec latem 2025 roku.<\/p>\n\n\n\n<p>Jak dopiero co potwierdzi\u0142 sam Marcin, dziecko ma\u0142\u017ce\u0144stwa jest ju\u017c na \u015bwiecie!<\/p>\n\n\n\n<p>Marcin Gortat i ma\u0142\u017conka nie kryj\u0105 rado\u015bci<br>Marcin nie kryje dumy. Kr\u00f3tko napisa\u0142 na Instagramie, tu\u017c pod zdj\u0119ciem malutkiej r\u0105czki:<\/p>\n\n\n\n<p>\u201cMarcin Gortat Junior has arrived\u201d.<\/p>\n\n\n\n<p>\u017baneta dopisa\u0142a na instastories: \u201cWitaj Synku!\u201d i pokaza\u0142a, \u017ce z okazji wielkich zmian dostali prezent \u2013 kwiaty i du\u017cego misia. Kto ich obdarowa\u0142? Ewa Chodakowska.<\/p>\n\n\n\n<p>Wida\u0107, \u017ce w tym pe\u0142nym emocji czasie mog\u0105 liczy\u0107 na rodzin\u0119, ale i innych celebryt\u00f3w.<\/p>\n\n\n\n<p>Rodzicom serdecznie gratulujemy!<\/p>\n","protected":false},"excerpt":{"rendered":"Marcin Gortat i jego \u017cona \u017baneta latem 2025 roku og\u0142osili, \u017ce spodziewaj\u0105 si\u0119 dziecka. Maluszek jest ju\u017c na \u015bwiecie i jest oczkiem w \n<a class=\"moretag\" href=\"https:\/\/lifevery.biz.ua\/?p=784\"> [...]<\/a>","protected":false},"author":1,"featured_media":785,"comment_status":"open","ping_status":"open","sticky":false,"template":"","format":"standard","meta":{"footnotes":""},"categories":[1],"tags":[],"class_list":["post-784","post","type-post","status-publish","format-standard","has-post-thumbnail","hentry","category-blog"],"_links":{"self":[{"href":"https:\/\/lifevery.biz.ua\/index.php?rest_route=\/wp\/v2\/posts\/784","targetHints":{"allow":["GET"]}}],"collection":[{"href":"https:\/\/lifevery.biz.ua\/index.php?rest_route=\/wp\/v2\/posts"}],"about":[{"href":"https:\/\/lifevery.biz.ua\/index.php?rest_route=\/wp\/v2\/types\/post"}],"author":[{"embeddable":true,"href":"https:\/\/lifevery.biz.ua\/index.php?rest_route=\/wp\/v2\/users\/1"}],"replies":[{"embeddable":true,"href":"https:\/\/lifevery.biz.ua\/index.php?rest_route=%2Fwp%2Fv2%2Fcomments&post=784"}],"version-history":[{"count":1,"href":"https:\/\/lifevery.biz.ua\/index.php?rest_route=\/wp\/v2\/posts\/784\/revisions"}],"predecessor-version":[{"id":786,"href":"https:\/\/lifevery.biz.ua\/index.php?rest_route=\/wp\/v2\/posts\/784\/revisions\/786"}],"wp:featuredmedia":[{"embeddable":true,"href":"https:\/\/lifevery.biz.ua\/index.php?rest_route=\/wp\/v2\/media\/785"}],"wp:attachment":[{"href":"https:\/\/lifevery.biz.ua\/index.php?rest_route=%2Fwp%2Fv2%2Fmedia&parent=784"}],"wp:term":[{"taxonomy":"category","embeddable":true,"href":"https:\/\/lifevery.biz.ua\/index.php?rest_route=%2Fwp%2Fv2%2Fcategories&post=784"},{"taxonomy":"post_tag","embeddable":true,"href":"https:\/\/lifevery.biz.ua\/index.php?rest_route=%2Fwp%2Fv2%2Ftags&post=784"}],"curies":[{"name":"wp","href":"https:\/\/api.w.org\/{rel}","templated":true}]}}