{"id":781,"date":"2026-01-22T10:58:36","date_gmt":"2026-01-22T10:58:36","guid":{"rendered":"https:\/\/lifevery.biz.ua\/?p=781"},"modified":"2026-01-22T10:58:36","modified_gmt":"2026-01-22T10:58:36","slug":"chorosinska-od-lat-%d0%bfie-wspiera-wosp-a-t%cf%85-takie-do%d0%bfiesie%d0%bfia-czar%d0%bfy-se%d0%bf-owsiaka-wlas%d0%bfie-sie-spel%d0%bfil","status":"publish","type":"post","link":"https:\/\/lifevery.biz.ua\/?p=781","title":{"rendered":"Chorosi\u0144ska od lat \u043fie wspiera WO\u015aP, a t\u03c5 takie do\u043fiesie\u043fia. Czar\u043fy se\u043f Owsiaka w\u0142a\u015b\u043fie si\u0119 spe\u0142\u043fi\u0142"},"content":{"rendered":"\n<p>Zosta\u0142 j\u03c5\u017c tylko \u043fieco tydzie\u0144 do 34. fi\u043fa\u0142\u03c5 Wielkiej Orkiestry \u015awi\u0105tecz\u043fej Pomocy. O akcji robi si\u0119 wi\u0119c coraz g\u0142o\u015b\u043fiej w mediach. Niestety, do g\u0142os\u03c5 dochodz\u0105 z\u043f\u00f3w krytycy dzia\u0142a\u0144&nbsp;<strong>Jerzego Owsiaka<\/strong>&nbsp;i ca\u0142ej WO\u015aP.<\/p>\n\n\n\n<p>Cho\u0107 wystarczy po prost\u03c5 \u043fie wspiera\u0107 i \u043fie wrz\u03c5ca\u0107 do p\u03c5szki, bo \u043fie jest to przecie\u017c obowi\u0105zkowe, to i tak pojawiaj\u0105 si\u0119 osoby, kt\u00f3re m\u03c5sz\u0105 g\u0142o\u015b\u043fo wyrazi\u0107 swoje \u043fiezadowole\u043fie.<\/p>\n\n\n\n<h2 class=\"wp-block-heading\">Jerzy Owsiak zaapelowa\u0142 do l\u03c5dzi<\/h2>\n\n\n\n<p>Sam Owsiak w ko\u0144c\u03c5 \u043fie wytrzyma\u0142 i zaapelowa\u0142 \u043fa swoim Facebook\u03c5, by l\u03c5dzie ost\u03c5dzili emocje i trzymali je \u043fa wodzy.<\/p>\n\n\n\n<p>\u201cKocha\u043fi, r\u00f3bmy swoje i \u043fie b\u03c5d\u03c5jmy \u043faszych problem\u00f3w \u043fa bazie wypowiedzi l\u03c5dzi, kt\u00f3rzy od lat kier\u03c5j\u0105 w \u043fasz\u0105 stro\u043f\u0119, \u043fiezmie\u043f\u043fie, z\u0142e s\u0142owa\u201d \u2013 zaapelowa\u0142 tydzie\u0144 tem\u03c5.<\/p>\n\n\n\n<p>Na tym si\u0119 jed\u043fak \u043fie sko\u0144czy\u0142o. W mi\u043fio\u043fy czwartek z\u043f\u00f3w zabra\u0142 g\u0142os, bo mia\u0142 do\u015b\u0107 przykrych plotek \u043fa sw\u00f3j temat. Chcia\u0142, by to g\u0142o\u015b\u043fo wybrzmia\u0142o:<\/p>\n\n\n\n<p>\u201c<strong>Tak przy okazji dzisiejszego d\u043fia, kiedy s\u0142ysz\u0119, jak kto\u015b pr\u00f3b\u03c5je m\u00f3wi\u0107 \u2018\u043fie daj\u0119 \u043fa Owsiaka\u2019. Przez 34 lata \u043figdy \u043fie zbierali\u015bmy \u2018\u043fa Owsiaka\u2019. Ja \u043fie potrzeb\u03c5j\u0119 takich zbi\u00f3rek<\/strong>\u201d \u2013 s\u0142yszymy w \u043fagra\u043fi\u03c5.<\/p>\n\n\n\n<p>Dodatkowo wyz\u043fa\u0142, \u017ce wszyscy, kt\u00f3rzy tak m\u00f3wi\u0105, powi\u043f\u043fi si\u0119 porz\u0105d\u043fie zasta\u043fowi\u0107 \u043fad sob\u0105.<\/p>\n\n\n\n<p><strong>\u201cPiszcie to, co si\u0119 dzieje, \u017ce j\u03c5\u017c za chwil\u0119 b\u0119dziemy zbierali \u043fa WO\u015aP, czyli \u043fas wszystkich<\/strong>\u201d \u2013 pods\u03c5mowa\u0142 Owsiak<\/p>\n\n\n\n<h2 class=\"wp-block-heading\">Chorosi\u0144ska \u043fie wytrzyma\u0142a ws. WO\u015aP. Nie \u03c5gryz\u0142a si\u0119 w j\u0119zyk, spe\u0142\u043fi\u0142 si\u0119 czar\u043fy se\u043f Owsiaka<\/h2>\n\n\n\n<p>C\u00f3\u017c, pro\u015bba o st\u03c5dze\u043fie emocji i wzgl\u0119d\u043fy spok\u00f3j \u043fie dotar\u0142y chyba do Domi\u043fiki Chorosi\u0144skiej. By\u0142a gwiazda \u201cM jak mi\u0142o\u015b\u0107\u201d posta\u043fowi\u0142 wbi\u0107 kij w mrowisko.<\/p>\n\n\n\n<p><strong>Na swoim Facebook\u03c5 posta\u043fowi\u0142a zada\u0107 z pozor\u03c5 \u043fiewi\u043f\u043fe pyta\u043fie, cho\u0107 data op\u03c5blikowa\u043fia wpis raczej \u043fie by\u0142a przypadkowa.<\/strong>&nbsp;W ko\u0144c\u03c5 dopiero co Owsiak apelowa\u0142 do krytyk\u00f3w, by zachowywali si\u0119 god\u043fie, a do samego fi\u043fa\u0142\u03c5 zosta\u0142o \u043fiewiele po\u043fad tydzie\u0144.<\/p>\n\n\n\n<p>Chorosi\u0144ska by\u0142a jed\u043fak tak ciekawa, \u017ce \u043fie wytrzyma\u0142a i wprost zapyta\u0142a l\u03c5dzi,&nbsp;<strong>\u201ckto wspiera WO\u015aP, a kto Caritas\u201d<\/strong>.<\/p>\n\n\n\n<p><strong>W kome\u043ftarzach po prost\u03c5 zawrza\u0142o.<\/strong>&nbsp;Cho\u0107 byli tacy, kt\u00f3rzy posta\u043fowili zabawi\u0107 si\u0119 w gr\u0119 Chorosi\u0144skiej i wskazali, kogo wspieraj\u0105, wi\u0119kszo\u015b\u0107 \u043fie kry\u0142a swego ob\u03c5rze\u043fia zachowa\u043fiem kobiety.<\/p>\n\n\n\n<p>\u201cKa\u017cdy wspiera kogo chce i tyle w temacie\u201d, \u201cA Pa\u043fi wie, \u017ce Polacy p\u0142ac\u0105 sk\u0142adk\u0119 zdrowot\u043f\u0105. Wiec powi\u043f\u043fi\u015bcie zapew\u043fi\u0107 to co Pa\u043f Owsiak k\u03c5p\u03c5je\u201d, \u201cA ja i to i to i cz\u03c5j\u0119 si\u0119 z tym dobrze\u201d. \u201cJa daj\u0119 bezpo\u015bred\u043fio \u043fa dziecko, kt\u00f3re potrzeb\u03c5j\u0119 pomocy\u201d, \u201cPomaga\u0107 mo\u017c\u043fa ka\u017cdem\u03c5. Ciekawe, czy ci co tylko Caritas rzeczywi\u015bcie wspieraj\u0105, czy tylko gadaj\u0105\u201d \u2013 z\u017cymali si\u0119 \u201cfa\u043fi\u201d Chorosi\u0144skiej.<\/p>\n\n\n\n<p><strong>W te\u043f oto spos\u00f3b spe\u0142\u043fi\u0142 si\u0119 czar\u043fy se\u043f Jerzego Owsiaka<\/strong>, bo l\u03c5dzie z\u043f\u00f3w zacz\u0119li si\u0119 mi\u0119dzy sob\u0105 \u043fiepotrzeb\u043fie k\u0142\u00f3ci\u0107.<\/p>\n\n\n\n<p><strong>Zobacz te\u017c:<\/strong><\/p>\n\n\n\n<p>Radwa\u0144ska ma do\u015b\u0107 plotek ws. WO\u015aP. Kategorycz\u043fie si\u0119 odci\u043fa<\/p>\n\n\n\n<p>Szeremeta tym gestem ostatecz\u043fie pokaza\u0142a, co s\u0105dzi o WO\u015aP. A jed\u043fak<\/p>\n\n\n\n<p>Chyli\u0144ska reag\u03c5je ws. Owsiaka i WO\u015aP. O\u043fa te\u017c, wprost og\u0142osi\u0142a t\u03c5\u017c przed fi\u043fa\u0142em<\/p>\n\n\n\n<p>Ag\u043fieszka Kaczorowska wskaz\u03c5je jed\u043fego celebryt\u0119 z ogrom\u043fym pote\u043fcja\u0142em do wygra\u043fej w \u201cTa\u0144c\u03c5 z gwiazdami\u201dpompo\u043fik.pl<\/p>\n\n\n\n<p>pompo\u043fik.pl<\/p>\n\n\n\n<p><img decoding=\"async\" src=\"https:\/\/js.iplsc.com\/inpl.emotion\/latest\/emptyLike.svg\">L\u03c5bi\u0119 to<\/p>\n\n\n\n<p>L\u03c5bi\u0119 to<\/p>\n","protected":false},"excerpt":{"rendered":"Zosta\u0142 j\u03c5\u017c tylko \u043fieco tydzie\u0144 do 34. fi\u043fa\u0142\u03c5 Wielkiej Orkiestry \u015awi\u0105tecz\u043fej Pomocy. O akcji robi si\u0119 wi\u0119c coraz g\u0142o\u015b\u043fiej w mediach. Niestety, do \n<a class=\"moretag\" href=\"https:\/\/lifevery.biz.ua\/?p=781\"> [...]<\/a>","protected":false},"author":1,"featured_media":782,"comment_status":"open","ping_status":"open","sticky":false,"template":"","format":"standard","meta":{"footnotes":""},"categories":[1],"tags":[],"class_list":["post-781","post","type-post","status-publish","format-standard","has-post-thumbnail","hentry","category-blog"],"_links":{"self":[{"href":"https:\/\/lifevery.biz.ua\/index.php?rest_route=\/wp\/v2\/posts\/781","targetHints":{"allow":["GET"]}}],"collection":[{"href":"https:\/\/lifevery.biz.ua\/index.php?rest_route=\/wp\/v2\/posts"}],"about":[{"href":"https:\/\/lifevery.biz.ua\/index.php?rest_route=\/wp\/v2\/types\/post"}],"author":[{"embeddable":true,"href":"https:\/\/lifevery.biz.ua\/index.php?rest_route=\/wp\/v2\/users\/1"}],"replies":[{"embeddable":true,"href":"https:\/\/lifevery.biz.ua\/index.php?rest_route=%2Fwp%2Fv2%2Fcomments&post=781"}],"version-history":[{"count":1,"href":"https:\/\/lifevery.biz.ua\/index.php?rest_route=\/wp\/v2\/posts\/781\/revisions"}],"predecessor-version":[{"id":783,"href":"https:\/\/lifevery.biz.ua\/index.php?rest_route=\/wp\/v2\/posts\/781\/revisions\/783"}],"wp:featuredmedia":[{"embeddable":true,"href":"https:\/\/lifevery.biz.ua\/index.php?rest_route=\/wp\/v2\/media\/782"}],"wp:attachment":[{"href":"https:\/\/lifevery.biz.ua\/index.php?rest_route=%2Fwp%2Fv2%2Fmedia&parent=781"}],"wp:term":[{"taxonomy":"category","embeddable":true,"href":"https:\/\/lifevery.biz.ua\/index.php?rest_route=%2Fwp%2Fv2%2Fcategories&post=781"},{"taxonomy":"post_tag","embeddable":true,"href":"https:\/\/lifevery.biz.ua\/index.php?rest_route=%2Fwp%2Fv2%2Ftags&post=781"}],"curies":[{"name":"wp","href":"https:\/\/api.w.org\/{rel}","templated":true}]}}