{"id":7791,"date":"2026-04-04T18:31:11","date_gmt":"2026-04-04T18:31:11","guid":{"rendered":"https:\/\/lifevery.biz.ua\/?p=7791"},"modified":"2026-04-04T18:31:11","modified_gmt":"2026-04-04T18:31:11","slug":"tragedia-w-elku-nie-zyje-zaginiony-nastolatek","status":"publish","type":"post","link":"https:\/\/lifevery.biz.ua\/?p=7791","title":{"rendered":"Tragedia w E\u0142ku. Nie \u017cyje zaginiony nastolatek"},"content":{"rendered":"\n<p>S\u0142u\u017cby ratunkowe przekaza\u0142y tragiczne wie\u015bci dotycz\u0105ce zaginionego 15-letniego Oskara. Po akcji poszukiwawczej w Jeziorze E\u0142ckim odnaleziono cia\u0142o nastolatka. Informacj\u0119 o zako\u0144czeniu dzia\u0142a\u0144 potwierdzi\u0142a policja oraz ratownicy Mazurskiego Ochotniczego Pogotowia Ratunkowego, o czym informowa\u0142y media.<\/p>\n\n\n\n<p>Zagini\u0119cie nastolatka i mobilizacja s\u0142u\u017cb<br>Tragiczne odkrycie w Jeziorze E\u0142ckim<br>\u015aledztwo wyja\u015bni przyczyny dramatu<br>Zagini\u0119cie nastolatka i mobilizacja s\u0142u\u017cb<br>Oskar wyszed\u0142 z domu w minion\u0105 \u015brod\u0119 wieczorem, trac\u0105c jakikolwiek kontakt z najbli\u017cszymi. Zaniepokojona rodzina natychmiast zaalarmowa\u0142a s\u0142u\u017cby, co uruchomi\u0142o szeroko zakrojon\u0105 operacj\u0119 poszukiwawcz\u0105.&nbsp;<\/p>\n\n\n\n<p>W akcj\u0119 nie zosta\u0142a tylko zaanga\u017cowana policja z E\u0142ku i Olsztyna, ale te\u017c stra\u017cacy z okolicznych powiat\u00f3w. Kluczowe wsparcie zapewnili ratownicy z Mazurskiego Ochotniczego Pogotowia Ratunkowego, kt\u00f3rzy przeszukali ca\u0142y akwen.&nbsp;<\/p>\n\n\n\n<p>&#8220;Na pro\u015bb\u0119 Komendy Wojew\u00f3dzkiej Policji w Olsztynie zostali\u015bmy zadysponowani do dzia\u0142a\u0144 poszukiwawczych&#8221; \u2013 poinformowa\u0142 MOPR w oficjalnym komunikacie opublikowanym na Facebooku.&nbsp;<\/p>\n\n\n\n<p>Od samego pocz\u0105tku ratownicy skupili si\u0119 na jeziorze. poszukiwaniach pomaga\u0142 im specjalistyczny sprz\u0119t, w tym podwodny dron.<\/p>\n\n\n\n<p>Tragiczne odkrycie w Jeziorze E\u0142ckim<br>Prze\u0142om w poszukiwaniach nast\u0105pi\u0142 w czwartek p\u00f3\u017anym wieczorem, gdy w pobli\u017cu brzegu jeziora natrafiono na rzeczy osobiste nastolatka.&nbsp;<\/p>\n\n\n\n<p>Odnalezienie ubra\u0144 Oskara skierowa\u0142o uwag\u0119 ratownik\u00f3w bezpo\u015brednio pod tafl\u0119 wody. Oko\u0142o godziny 22:00 z akwenu wydobyto cia\u0142o m\u0142odego cz\u0142owieka, a to\u017csamo\u015b\u0107 ofiary zosta\u0142a szybko potwierdzona przez funkcjonariuszy.&nbsp;<\/p>\n\n\n\n<p>&#8220;Cia\u0142o zosta\u0142o wyci\u0105gni\u0119te z wody i zabezpieczone przez prokuratur\u0119&#8221; \u2013 przekaza\u0142 dla portalu o2.pl podkomisarz Tomasz Markowski z Komendy Powiatowej Policji w E\u0142ku.&nbsp;<\/p>\n\n\n\n<p>\u015amier\u0107 15-latka wstrz\u0105sn\u0119\u0142a mieszka\u0144cami, kt\u00f3rzy za po\u015brednictwem medi\u00f3w \u015bledzili przebieg akcji. Miejsce tragedii zosta\u0142o natychmiast odgrodzone przez policj\u0119, aby przeprowadzi\u0107 niezb\u0119dne czynno\u015bci pod nadzorem prokuratoru.<br><\/p>\n\n\n\n<p>\u015aledztwo wyja\u015bni przyczyny dramatu<br>Obecnie spraw\u0105 zajmuj\u0105 si\u0119 \u015bledczy, kt\u00f3rzy pr\u00f3buj\u0105 zrekonstruowa\u0107 ostatnie godziny \u017cycia 15-latka. Kluczowym elementem dochodzenia b\u0119dzie sekcja zw\u0142ok, kt\u00f3ra pozwoli okre\u015bli\u0107 dok\u0142adn\u0105 przyczyn\u0119 i czas zgonu. Prokuratura bada wszystkie mo\u017cliwe w\u0105tki, staraj\u0105c si\u0119 ustali\u0107, jak dosz\u0142o do tego, \u017ce nastolatek znalaz\u0142 si\u0119 w jeziorze.&nbsp;<\/p>\n\n\n\n<p>Jak podkre\u015bla policja, zabezpieczone na miejscu dowody s\u0105 teraz szczeg\u00f3\u0142owo analizowane przez bieg\u0142ych.&nbsp;<\/p>\n\n\n\n<p>&#8220;\u015aledczy b\u0119d\u0105 wyja\u015bnia\u0107 szczeg\u00f3\u0142owe okoliczno\u015bci zdarzenia&#8221; \u2013 zapowiedzia\u0142 podkomisarz Markowski, co potwierdzaj\u0105 doniesienia serwisu o2.pl oraz &#8220;Gazety Olszty\u0144skiej&#8221;.&nbsp;<\/p>\n\n\n\n<p>Wsparcie dla dzia\u0142a\u0144 s\u0142u\u017cb zadeklarowa\u0142y r\u00f3wnie\u017c lokalne w\u0142adze i instytucje, w tym Marsza\u0142ek Wojew\u00f3dztwa Warmi\u0144sko-Mazurskiego. Tragedia ta wywo\u0142a\u0142a fal\u0119 kondolencji dla rodziny zmar\u0142ego, a \u015bledztwo pozostaje w toku do czasu uzyskania pe\u0142nych wynik\u00f3w autopsji.<br><\/p>\n","protected":false},"excerpt":{"rendered":"S\u0142u\u017cby ratunkowe przekaza\u0142y tragiczne wie\u015bci dotycz\u0105ce zaginionego 15-letniego Oskara. Po akcji poszukiwawczej w Jeziorze E\u0142ckim odnaleziono cia\u0142o nastolatka. Informacj\u0119 o zako\u0144czeniu dzia\u0142a\u0144 potwierdzi\u0142a \n<a class=\"moretag\" href=\"https:\/\/lifevery.biz.ua\/?p=7791\"> [...]<\/a>","protected":false},"author":1,"featured_media":7792,"comment_status":"open","ping_status":"open","sticky":false,"template":"","format":"standard","meta":{"footnotes":""},"categories":[1],"tags":[],"class_list":["post-7791","post","type-post","status-publish","format-standard","has-post-thumbnail","hentry","category-blog"],"_links":{"self":[{"href":"https:\/\/lifevery.biz.ua\/index.php?rest_route=\/wp\/v2\/posts\/7791","targetHints":{"allow":["GET"]}}],"collection":[{"href":"https:\/\/lifevery.biz.ua\/index.php?rest_route=\/wp\/v2\/posts"}],"about":[{"href":"https:\/\/lifevery.biz.ua\/index.php?rest_route=\/wp\/v2\/types\/post"}],"author":[{"embeddable":true,"href":"https:\/\/lifevery.biz.ua\/index.php?rest_route=\/wp\/v2\/users\/1"}],"replies":[{"embeddable":true,"href":"https:\/\/lifevery.biz.ua\/index.php?rest_route=%2Fwp%2Fv2%2Fcomments&post=7791"}],"version-history":[{"count":1,"href":"https:\/\/lifevery.biz.ua\/index.php?rest_route=\/wp\/v2\/posts\/7791\/revisions"}],"predecessor-version":[{"id":7793,"href":"https:\/\/lifevery.biz.ua\/index.php?rest_route=\/wp\/v2\/posts\/7791\/revisions\/7793"}],"wp:featuredmedia":[{"embeddable":true,"href":"https:\/\/lifevery.biz.ua\/index.php?rest_route=\/wp\/v2\/media\/7792"}],"wp:attachment":[{"href":"https:\/\/lifevery.biz.ua\/index.php?rest_route=%2Fwp%2Fv2%2Fmedia&parent=7791"}],"wp:term":[{"taxonomy":"category","embeddable":true,"href":"https:\/\/lifevery.biz.ua\/index.php?rest_route=%2Fwp%2Fv2%2Fcategories&post=7791"},{"taxonomy":"post_tag","embeddable":true,"href":"https:\/\/lifevery.biz.ua\/index.php?rest_route=%2Fwp%2Fv2%2Ftags&post=7791"}],"curies":[{"name":"wp","href":"https:\/\/api.w.org\/{rel}","templated":true}]}}