{"id":778,"date":"2026-01-22T10:57:01","date_gmt":"2026-01-22T10:57:01","guid":{"rendered":"https:\/\/lifevery.biz.ua\/?p=778"},"modified":"2026-01-22T10:57:01","modified_gmt":"2026-01-22T10:57:01","slug":"zillmann-i-lesar-nagle-wydaly-oswiadczenie-ws-wosp-reakcja-ludzi-je-przerosla","status":"publish","type":"post","link":"https:\/\/lifevery.biz.ua\/?p=778","title":{"rendered":"Zillmann i Lesar nagle wyda\u0142y o\u015bwiadczenie ws. WO\u015aP. Reakcja ludzi je przeros\u0142a"},"content":{"rendered":"\n<p>Katarzyna Zillmann i Janja Lesar o tym, co je \u0142\u0105czy<\/p>\n\n\n\n<p>Katarzyna Zillmann i Janja Lesar od czasu zako\u0144czenia emisji programu \u201cTaniec z gwiazdami\u201d s\u0105 nieroz\u0142\u0105czne. I cho\u0107 ostatnio przekonywa\u0142y w \u201chalo tu polsat\u201d, \u017ce \u201c\u0142\u0105czy je taniec, wielka pasja i przyja\u017a\u0144\u201d, to fani nie mogli nie zauwa\u017cy\u0107, \u017ce panie wsz\u0119dzie pojawiaj\u0105 si\u0119 razem i wsp\u00f3lnie bior\u0105 udzia\u0142 w r\u00f3\u017cnych projektach.<\/p>\n\n\n\n<p>W styczniu 2026 roku Janja i Zillmann pojawi\u0142y si\u0119 razem na Gali Mistrz\u00f3w Sportu. Nie min\u0119\u0142o du\u017co czasu, jak podj\u0119\u0142y kolejn\u0105 decyzj\u0119 \u2013 tak\u017ce wsp\u00f3lnie. Og\u0142osi\u0142y to tu\u017c przed fina\u0142em WO\u015aP. I cho\u0107 od komunikatu min\u0119\u0142o niewiele czasu, to reakcja fan\u00f3w bardzo je zaskoczy\u0142a.<\/p>\n\n\n\n<p>Katarzyna Zillmann wyda\u0142a o\u015bwiadczenie ws. WO\u015aP<\/p>\n\n\n\n<ol start=\"34\" class=\"wp-block-list\">\n<li>fina\u0142 WO\u015aP ju\u017c 25 stycznia 2026 roku. Zillmann i Lesar w ostatniej chwili przed wydarzeniem zdecydowa\u0142y si\u0119 do\u0142\u0105czy\u0107 do gwiazd, kt\u00f3re wspieraj\u0105 inicjatyw\u0119 Jerzego Owsiaka. Postanowi\u0142y zaprosi\u0107 na wsp\u00f3lny trening ta\u0144ca w Warszawie i kolacj\u0119, kt\u00f3ra odb\u0119dzie si\u0119 po nim.<\/li>\n<\/ol>\n\n\n\n<p>\u201cMo\u017cecie przyj\u015b\u0107 w pojedynk\u0119, mo\u017cecie przyj\u015b\u0107 par\u0105. Nauczymy was podstaw, dzi\u0119ki kt\u00f3rym b\u0119d\u0105 was podziwia\u0107 z opuszczon\u0105 kopar\u0105! Po wszystkim opracujemy co\u015b na ciep\u0142o\u201d \u2013 zapisa\u0142y Katarzyna i Janja na Instagramie.<\/p>\n\n\n\n<p>Og\u0142oszenie pojawi\u0142o si\u0119 w sieci ledwie chwil\u0119 temu, ale jego wynik ju\u017c za\u0142o\u017cy\u0142 pomys\u0142odawczynie.<\/p>\n\n\n\n<p>Kasia Zillmann zaskoczona reakcj\u0105 na jej trening z Janj\u0105 Lesar<\/p>\n\n\n\n<p>Trening ta\u0144ca z Zillmann i Lesar dla WO\u015aP zosta\u0142 og\u0142oszony 20 stycznia po po\u0142udniu. Katarzyna poinformowa\u0142a o og\u0142oszeniu na Instagramie oraz kanale nadawczym. Jak sama napisa\u0142a ju\u017c po p\u00f3\u0142 godzinie na stories, po zaledwie 30 minutach kwota licytacji si\u0119gn\u0119\u0142a 5 tysi\u0119cy z\u0142otych.<\/p>\n\n\n\n<p>Wio\u015blarka doda\u0142a wpis ze zdj\u0119ciem, na kt\u00f3rym ma wstrz\u0105\u015bni\u0119t\u0105 min\u0119. A to nie koniec, bo chwil\u0119 p\u00f3\u017aniej napisa\u0142a w komentarzu, zdziwiona kwot\u0105 6600. Na pytanie fanki, jakiej si\u0119 spodziewa\u0142a, Zillmann napisa\u0142a:<\/p>\n\n\n\n<p>\u201cNie wiem, 2-3 tysi\u0105ce. Hehe, ale fajnie\u201d \u2013 przyzna\u0142a szczerze.<\/p>\n\n\n\n<p>W momencie, w kt\u00f3rym powstaje ten artyku\u0142 \u2013 oko\u0142o dwie godziny od startu aukcji \u2013 kwota wynosi ju\u017c 8200 z\u0142otych, a licytuje 21 os\u00f3b. Mo\u017cna si\u0119 zatem spodziewa\u0107, \u017ce Kasia jeszcze wiele razy prze\u017cyje pozytywne zaskoczenie.<\/p>\n\n\n\n<p>Zobacz te\u017c:<\/p>\n\n\n\n<p>By\u0142y wybranek Janji Lesar wr\u00f3ci\u0142 na parkiet. Pokaza\u0142 si\u0119 z now\u0105 partnerk\u0105<\/p>\n\n\n\n<p>Zillmann bawi si\u0119 z Lesar na gali, a Walczak? Tym pocieszy\u0142a si\u0119 po rozstaniu<\/p>\n\n\n\n<p>Lewandowski og\u0142osi\u0142 tu\u017c przed fina\u0142em WO\u015aP. Ledwo zdecydowa\u0142, a tu takie wie\u015bci<\/p>\n\n\n\n<p>Video Player is loading.<\/p>\n\n\n\n<p>Current Time&nbsp;0:23<\/p>\n\n\n\n<p>Duration&nbsp;15:14<\/p>\n\n\n\n<p>reklama<\/p>\n\n\n\n<p>dzi\u0119ki reklamie ogl\u0105dasz za darmo<\/p>\n\n\n\n<p>Ewa Chodakowska o relacji z Lewandowsk\u0105. Co my\u015bli o diecie gwiazd?<\/p>\n\n\n\n<p>Ewa Chodakowska o relacji z Lewandowsk\u0105. Co my\u015bli o diecie gwiazd?pomponik.pl<\/p>\n\n\n\n<p>pomponik.pl<\/p>\n\n\n\n<p>Lubi\u0119 to<\/p>\n\n\n\n<p>Lubi\u0119 to<br>Super<br>37<\/p>\n\n\n\n<p>Masz sugestie, uwagi albo widzisz b\u0142\u0105d?<\/p>\n","protected":false},"excerpt":{"rendered":"Katarzyna Zillmann i Janja Lesar o tym, co je \u0142\u0105czy Katarzyna Zillmann i Janja Lesar od czasu zako\u0144czenia emisji programu \u201cTaniec z gwiazdami\u201d \n<a class=\"moretag\" href=\"https:\/\/lifevery.biz.ua\/?p=778\"> [...]<\/a>","protected":false},"author":1,"featured_media":779,"comment_status":"open","ping_status":"open","sticky":false,"template":"","format":"standard","meta":{"footnotes":""},"categories":[1],"tags":[],"class_list":["post-778","post","type-post","status-publish","format-standard","has-post-thumbnail","hentry","category-blog"],"_links":{"self":[{"href":"https:\/\/lifevery.biz.ua\/index.php?rest_route=\/wp\/v2\/posts\/778","targetHints":{"allow":["GET"]}}],"collection":[{"href":"https:\/\/lifevery.biz.ua\/index.php?rest_route=\/wp\/v2\/posts"}],"about":[{"href":"https:\/\/lifevery.biz.ua\/index.php?rest_route=\/wp\/v2\/types\/post"}],"author":[{"embeddable":true,"href":"https:\/\/lifevery.biz.ua\/index.php?rest_route=\/wp\/v2\/users\/1"}],"replies":[{"embeddable":true,"href":"https:\/\/lifevery.biz.ua\/index.php?rest_route=%2Fwp%2Fv2%2Fcomments&post=778"}],"version-history":[{"count":1,"href":"https:\/\/lifevery.biz.ua\/index.php?rest_route=\/wp\/v2\/posts\/778\/revisions"}],"predecessor-version":[{"id":780,"href":"https:\/\/lifevery.biz.ua\/index.php?rest_route=\/wp\/v2\/posts\/778\/revisions\/780"}],"wp:featuredmedia":[{"embeddable":true,"href":"https:\/\/lifevery.biz.ua\/index.php?rest_route=\/wp\/v2\/media\/779"}],"wp:attachment":[{"href":"https:\/\/lifevery.biz.ua\/index.php?rest_route=%2Fwp%2Fv2%2Fmedia&parent=778"}],"wp:term":[{"taxonomy":"category","embeddable":true,"href":"https:\/\/lifevery.biz.ua\/index.php?rest_route=%2Fwp%2Fv2%2Fcategories&post=778"},{"taxonomy":"post_tag","embeddable":true,"href":"https:\/\/lifevery.biz.ua\/index.php?rest_route=%2Fwp%2Fv2%2Ftags&post=778"}],"curies":[{"name":"wp","href":"https:\/\/api.w.org\/{rel}","templated":true}]}}