{"id":7776,"date":"2026-04-04T18:11:45","date_gmt":"2026-04-04T18:11:45","guid":{"rendered":"https:\/\/lifevery.biz.ua\/?p=7776"},"modified":"2026-04-04T18:11:45","modified_gmt":"2026-04-04T18:11:45","slug":"rozpedzone-audi-wypadlo-z-trasy-i-dachowalo-nie-zyje-mlody-mezczyzna","status":"publish","type":"post","link":"https:\/\/lifevery.biz.ua\/?p=7776","title":{"rendered":"Rozp\u0119dzone Audi wypad\u0142o z trasy i dachowa\u0142o, nie \u017cyje m\u0142ody m\u0119\u017cczyzna"},"content":{"rendered":"\n<p>Do gro\u017anego wypadku dosz\u0142o w sobotni poranek na drodze krajowej nr 17 w powiecie pu\u0142awskim. Jak informuje stacja TVN24, na miejscu interweniowa\u0142y liczne zast\u0119py stra\u017cy po\u017carnej oraz policja. S\u0142u\u017cby badaj\u0105 obecnie przebieg zdarzenia, do kt\u00f3rego dosz\u0142o na \u0142uku drogi.<\/p>\n\n\n\n<p>Przebieg porannego zdarzenia w Sielcach<br>Tragiczny bilans wypadku na Lubelszczy\u017anie<br>Przyczyny zdarzenia i apel policji<br>Przebieg porannego zdarzenia w Sielcach<br>Zdarzenie mia\u0142o miejsce oko\u0142o godziny 6:30 na drodze krajowej nr 17, na odcinku pomi\u0119dzy Kurowem a Sielcami w powiecie pu\u0142awskim. Kieruj\u0105cy samochodem marki Audi 23-letni mieszkaniec D\u0119blina straci\u0142 panowanie nad pojazdem podczas pokonywania \u0142uku drogi.&nbsp;<\/p>\n\n\n\n<p>Wed\u0142ug informacji przekazanych przez TVN24, auto z du\u017c\u0105 si\u0142\u0105 uderzy\u0142o w pobocze, a nast\u0119pnie dachowa\u0142o. Na miejsce natychmiast zadysponowano cztery zast\u0119py stra\u017cy po\u017carnej, zesp\u00f3\u0142 ratownictwa medycznego oraz patrole policji.&nbsp;<\/p>\n\n\n\n<p>Funkcjonariusze zabezpieczyli teren, a ratownicy podj\u0119li pr\u00f3b\u0119 udzielenia pomocy poszkodowanemu m\u0119\u017cczy\u017anie, kt\u00f3ry znajdowa\u0142 si\u0119 wewn\u0105trz rozbitego wraku. Wst\u0119pne ustalenia wskazuj\u0105, \u017ce kierowca podr\u00f3\u017cowa\u0142 sam<br><\/p>\n\n\n\n<p>Tragiczny bilans wypadku na Lubelszczy\u017anie<br>Pomimo b\u0142yskawicznej interwencji s\u0142u\u017cb i przeprowadzonej na miejscu reanimacji, \u017cycia 23-letniego kierowcy nie uda\u0142o si\u0119 uratowa\u0107. Jak potwierdzi\u0142 w rozmowie z TVN24 podkomisarz Kamil Karbowniczek z Komendy Wojew\u00f3dzkiej Policji w Lublinie, m\u0142ody m\u0119\u017cczyzna zmar\u0142 na miejscu zdarzenia w wyniku odniesionych obra\u017ce\u0144.&nbsp;<\/p>\n\n\n\n<p>\u201ePomimo przeprowadzonej reanimacji, 23-latek z D\u0119blina zmar\u0142 na miejscu\u201d \u2013 poinformowa\u0142 funkcjonariusz.&nbsp;<\/p>\n\n\n\n<p>Decyzj\u0105 prokuratora cia\u0142o m\u0119\u017cczyzny zosta\u0142o zabezpieczone do przeprowadzenia sekcji zw\u0142ok, co ma pozwoli\u0107 na dok\u0142adne ustalenie bezpo\u015bredniej przyczyny zgonu.<br><\/p>\n\n\n\n<p>Przyczyny zdarzenia i apel policji<br>\u015aledczy pracuj\u0105cy pod nadzorem prokuratury wyja\u015bniaj\u0105 teraz wszystkie szczeg\u00f3\u0142owe okoliczno\u015bci, kt\u00f3re doprowadzi\u0142y do tego tragicznego fina\u0142u. Funkcjonariusze sprawdzaj\u0105 mi\u0119dzy innymi stan techniczny wraku pojazdu oraz warunki drogowe, jakie panowa\u0142y w Sielcach wczesnym rankiem w Wielk\u0105 Sobot\u0119.&nbsp;<\/p>\n\n\n\n<p>Jako prawdopodobn\u0105 przyczyn\u0119 tragedii policja wskazuje nadmiern\u0105 pr\u0119dko\u015b\u0107.<\/p>\n\n\n\n<p>\u201ePami\u0119tajmy o tym, \u017ce w dalszym ci\u0105gu nadmierna pr\u0119dko\u015b\u0107 jest jedn\u0105 z g\u0142\u00f3wnych przyczyn wypadk\u00f3w drogowych. Dlatego wyruszaj\u0105c w podr\u00f3\u017ce \u015bwi\u0105teczne zdejmijmy nog\u0119 z gazu. Lepiej dojecha\u0107 kilka minut p\u00f3\u017aniej ni\u017c wcale\u201d &#8211; apeluje funkcjonariusz.<\/p>\n\n\n\n<p>Policja zapowiedzia\u0142a wzmo\u017cone kontrole na trasach w ca\u0142ym regionie, aby zapobiec podobnym zdarzeniom w nadchodz\u0105cych dniach.<br><\/p>\n","protected":false},"excerpt":{"rendered":"Do gro\u017anego wypadku dosz\u0142o w sobotni poranek na drodze krajowej nr 17 w powiecie pu\u0142awskim. Jak informuje stacja TVN24, na miejscu interweniowa\u0142y liczne \n<a class=\"moretag\" href=\"https:\/\/lifevery.biz.ua\/?p=7776\"> [...]<\/a>","protected":false},"author":1,"featured_media":7777,"comment_status":"open","ping_status":"open","sticky":false,"template":"","format":"standard","meta":{"footnotes":""},"categories":[1],"tags":[],"class_list":["post-7776","post","type-post","status-publish","format-standard","has-post-thumbnail","hentry","category-blog"],"_links":{"self":[{"href":"https:\/\/lifevery.biz.ua\/index.php?rest_route=\/wp\/v2\/posts\/7776","targetHints":{"allow":["GET"]}}],"collection":[{"href":"https:\/\/lifevery.biz.ua\/index.php?rest_route=\/wp\/v2\/posts"}],"about":[{"href":"https:\/\/lifevery.biz.ua\/index.php?rest_route=\/wp\/v2\/types\/post"}],"author":[{"embeddable":true,"href":"https:\/\/lifevery.biz.ua\/index.php?rest_route=\/wp\/v2\/users\/1"}],"replies":[{"embeddable":true,"href":"https:\/\/lifevery.biz.ua\/index.php?rest_route=%2Fwp%2Fv2%2Fcomments&post=7776"}],"version-history":[{"count":1,"href":"https:\/\/lifevery.biz.ua\/index.php?rest_route=\/wp\/v2\/posts\/7776\/revisions"}],"predecessor-version":[{"id":7778,"href":"https:\/\/lifevery.biz.ua\/index.php?rest_route=\/wp\/v2\/posts\/7776\/revisions\/7778"}],"wp:featuredmedia":[{"embeddable":true,"href":"https:\/\/lifevery.biz.ua\/index.php?rest_route=\/wp\/v2\/media\/7777"}],"wp:attachment":[{"href":"https:\/\/lifevery.biz.ua\/index.php?rest_route=%2Fwp%2Fv2%2Fmedia&parent=7776"}],"wp:term":[{"taxonomy":"category","embeddable":true,"href":"https:\/\/lifevery.biz.ua\/index.php?rest_route=%2Fwp%2Fv2%2Fcategories&post=7776"},{"taxonomy":"post_tag","embeddable":true,"href":"https:\/\/lifevery.biz.ua\/index.php?rest_route=%2Fwp%2Fv2%2Ftags&post=7776"}],"curies":[{"name":"wp","href":"https:\/\/api.w.org\/{rel}","templated":true}]}}