{"id":775,"date":"2026-01-22T10:55:16","date_gmt":"2026-01-22T10:55:16","guid":{"rendered":"https:\/\/lifevery.biz.ua\/?p=775"},"modified":"2026-01-22T10:55:16","modified_gmt":"2026-01-22T10:55:16","slug":"syn-sandry-kubickiej-sie-rozchorowal-ma-popekana-skore-na-raczkach","status":"publish","type":"post","link":"https:\/\/lifevery.biz.ua\/?p=775","title":{"rendered":"Syn Sandry Kubickiej si\u0119 rozchorowa\u0142. \u201cMa pop\u0119kan\u0105 sk\u00f3r\u0119 na r\u0105czkach\u201d"},"content":{"rendered":"\n<p>Sandra Kubicka niedawno obchodzi\u0142a swoje 31. urodziny w Dubaju. Szybko wr\u00f3ci\u0142a do Polski i podzieli\u0142a si\u0119 z obserwatorami na Instagramie szczeg\u00f3\u0142ow\u0105 relacj\u0105. Modelka zdradzi\u0142a, \u017ce tu\u017c po powrocie mia\u0142a nieprzespan\u0105 noc. Wysz\u0142o na jaw, \u017ce jej&nbsp;syn wr\u00f3ci\u0142 z zimowego wyjazdu z tat\u0105 chory i \u017ale si\u0119 czu\u0142.<\/p>\n\n\n\n<p>Zobacz wideo Sandra Kubicka rozprawia o zarobkach gwiazd<\/p>\n\n\n\n<p>Sandra Kubicka dopiero co bawi\u0142a si\u0119 z przyjaci\u00f3\u0142mi w Dubaju. Przyzna\u0142a, \u017ce by\u0142 to wr\u0119cz wspania\u0142y wyjazd. Nie pokazywa\u0142a jednak, z kim dok\u0142adnie \u015bwi\u0119towa\u0142a. \u2013 Musicie mi uwierzy\u0107 na s\u0142owo, \u017ce by\u0142 to jeden z lepszych moich wyjazd\u00f3w z moimi przyjaci\u00f3\u0142mi. To jest ta sama ekipa od lat, tylko ja wam ich nie pokazywa\u0142am tym razem, bo mam do\u015b\u0107 teorii spiskowych (\u2026) Ju\u017c s\u0142ysza\u0142am, \u017ce ukrywa\u0142am kogo\u015b w Dubaju \u2013 wyzna\u0142a.<\/p>\n\n\n\n<p>Gdy tylko wr\u00f3ci\u0142a, okaza\u0142o si\u0119, \u017ce jej syn si\u0119 rozchorowa\u0142. Z tego powodu Kubicka nie spa\u0142a ca\u0142\u0105 noc. \u201cNo dobra, trzeba jako\u015b si\u0119 obudzi\u0107. Ca\u0142\u0105 noc nie spa\u0142am, bo Leo\u015b wr\u00f3ci\u0142 do domu chory i w nocy bawi\u0142am si\u0119 w szpital\u201d \u2013 napisa\u0142a na Instagramie. Sandra Kubicka po jakim\u015b czasie poinformowa\u0142a, \u017ce wybra\u0142a si\u0119 z synem do lekarza.<\/p>\n\n\n\n<p>\u201cPojecha\u0142am do pediatry z Leonem, bo jego kaszel si\u0119 pogarsza\u0142 i jednak co intuicja matki, to intuicja matki. (\u2026) Czeka nas domowy szpital przez nast\u0119pny tydzie\u0144 lub tygodnie i oby tylko na tym si\u0119 sko\u0144czy\u0142o. Absolutny zakaz wychodzenia z domu. Informacyjnie ku przestrodze dla innych rodzic\u00f3w \u2013 temperatury -12 stopni to nie jest pogoda do kilkugodzinnych zabaw na dworze dla tak ma\u0142ych dzieci. No i ubierajcie je odpowiednio, czyt. szalik, czapka, kilka warstw i r\u0119kawiczki, bo m\u0142ody ma te\u017c pop\u0119kan\u0105 sk\u00f3r\u0119 na r\u0105czkach\u201d \u2013 napisa\u0142a. \u201cDiagnoza \u015brednia, ale b\u0119d\u0119 robi\u0107 wszystko, \u017ceby jak najszybciej wyzdrowia\u0142. Leo\u015b ma zakaz wychodzenia z domu przez nast\u0119pny tydzie\u0144 na pewno\u2026 a potem zobaczymy\u201d \u2013&nbsp; doda\u0142a na koniec.<\/p>\n\n\n\n<p>Sandra Kubicka dopiero co pojawi\u0142a si\u0119 w programie \u201cSPAring\u201d na kanale Glamour Polska na YouTubie. Wyzna\u0142a, \u017ce nie chce pod\u0105\u017ca\u0107 za schematami, je\u015bli chodzi o wychowanie dziecka. \u2013&nbsp;Cz\u0119sto spotykam si\u0119 z takimi lud\u017ami, \u017ce s\u0105 z rozbitego domu, wi\u0119c upieraj\u0105 si\u0119, \u017ce ich dziecko nie mo\u017ce by\u0107 w rozbitym domu, bo nie, bo oni byli. Albo w drug\u0105 stron\u0119, s\u0105 w ma\u0142\u017ce\u0144stwie i dziecko si\u0119 wychowuje i za \u017cadn\u0105 cen\u0119 nie mog\u0105 si\u0119 te\u017c rozwie\u015b\u0107. Ja uwa\u017cam, \u017ce ka\u017cdy przypadek jest inny, indywidualny i je\u017celi rodzice si\u0119 ju\u017c nie dogaduj\u0105 i s\u0105 nieszcz\u0119\u015bliwi, to dziecko b\u0119dzie zawsze szcz\u0119\u015bliwsze, gdy rodzice b\u0119d\u0105 szcz\u0119\u015bliwi osobno. (\u2026) Ja nie mam w og\u00f3le takiego podej\u015bcia, \u017ce trzeba na si\u0142\u0119 by\u0107 razem, za wszelk\u0105 cen\u0119 \u2013 wyja\u015bni\u0142a, podkre\u015blaj\u0105c, \u017ce dla niej najwa\u017cniejsze jest, by obydwoje rodzice byli szcz\u0119\u015bliwymi rodzicami. ZOBACZ TE\u017b: Sandra Kubicka przem\u00f3wi\u0142a po treningu. Te s\u0142owa mog\u0142y zaniepokoi\u0107 fan\u00f3w. \u201cCo tu si\u0119 wydarzy\u0142o?\u201d<\/p>\n\n\n\n<p>Dzi\u0119kujemy za przeczytanie artyku\u0142u!<\/p>\n","protected":false},"excerpt":{"rendered":"Sandra Kubicka niedawno obchodzi\u0142a swoje 31. urodziny w Dubaju. Szybko wr\u00f3ci\u0142a do Polski i podzieli\u0142a si\u0119 z obserwatorami na Instagramie szczeg\u00f3\u0142ow\u0105 relacj\u0105. Modelka \n<a class=\"moretag\" href=\"https:\/\/lifevery.biz.ua\/?p=775\"> [...]<\/a>","protected":false},"author":1,"featured_media":776,"comment_status":"open","ping_status":"open","sticky":false,"template":"","format":"standard","meta":{"footnotes":""},"categories":[1],"tags":[],"class_list":["post-775","post","type-post","status-publish","format-standard","has-post-thumbnail","hentry","category-blog"],"_links":{"self":[{"href":"https:\/\/lifevery.biz.ua\/index.php?rest_route=\/wp\/v2\/posts\/775","targetHints":{"allow":["GET"]}}],"collection":[{"href":"https:\/\/lifevery.biz.ua\/index.php?rest_route=\/wp\/v2\/posts"}],"about":[{"href":"https:\/\/lifevery.biz.ua\/index.php?rest_route=\/wp\/v2\/types\/post"}],"author":[{"embeddable":true,"href":"https:\/\/lifevery.biz.ua\/index.php?rest_route=\/wp\/v2\/users\/1"}],"replies":[{"embeddable":true,"href":"https:\/\/lifevery.biz.ua\/index.php?rest_route=%2Fwp%2Fv2%2Fcomments&post=775"}],"version-history":[{"count":1,"href":"https:\/\/lifevery.biz.ua\/index.php?rest_route=\/wp\/v2\/posts\/775\/revisions"}],"predecessor-version":[{"id":777,"href":"https:\/\/lifevery.biz.ua\/index.php?rest_route=\/wp\/v2\/posts\/775\/revisions\/777"}],"wp:featuredmedia":[{"embeddable":true,"href":"https:\/\/lifevery.biz.ua\/index.php?rest_route=\/wp\/v2\/media\/776"}],"wp:attachment":[{"href":"https:\/\/lifevery.biz.ua\/index.php?rest_route=%2Fwp%2Fv2%2Fmedia&parent=775"}],"wp:term":[{"taxonomy":"category","embeddable":true,"href":"https:\/\/lifevery.biz.ua\/index.php?rest_route=%2Fwp%2Fv2%2Fcategories&post=775"},{"taxonomy":"post_tag","embeddable":true,"href":"https:\/\/lifevery.biz.ua\/index.php?rest_route=%2Fwp%2Fv2%2Ftags&post=775"}],"curies":[{"name":"wp","href":"https:\/\/api.w.org\/{rel}","templated":true}]}}