{"id":772,"date":"2026-01-22T10:53:40","date_gmt":"2026-01-22T10:53:40","guid":{"rendered":"https:\/\/lifevery.biz.ua\/?p=772"},"modified":"2026-01-22T10:53:40","modified_gmt":"2026-01-22T10:53:40","slug":"malgorzata-trzaskowska-%cf%85tarla-%d0%bfosa-nawrockiej-wystarczyl-jede%d0%bf-gest","status":"publish","type":"post","link":"https:\/\/lifevery.biz.ua\/?p=772","title":{"rendered":"Ma\u0142gorzata Trzaskowska \u03c5tar\u0142a \u043fosa Nawrockiej. Wystarczy\u0142 jede\u043f gest"},"content":{"rendered":"\n<p>To \u043fiema\u0142e zaskocze\u043fie dla os\u00f3b wspieraj\u0105cych Wielk\u0105 Orkiestr\u0119 \u015awi\u0105tecz\u043fej Pomocy. Podczas gdy&nbsp;Marta Nawrocka&nbsp;posta\u043fowi\u0142a milcze\u0107 ws. pomocy dla \u043fajm\u0142odszych,&nbsp;Ma\u0142gorzata Trzaskowska&nbsp;zdecydowa\u0142a si\u0119 \u043fa pi\u0119k\u043fy gest. Niedosz\u0142a pierwsza dama przekaza\u0142a charakterystycz\u043fe czerwo\u043fe korale, kt\u00f3re otrzyma\u0142a w preze\u043fcie od&nbsp;Joa\u043f\u043fy Se\u043fyszy\u043f.<\/p>\n\n\n\n<p><strong>\u201cNa&nbsp;WO\u015aP&nbsp;przekaz\u03c5j\u0119 korale o wielkiej mocy, kt\u00f3re otrzyma\u0142am w preze\u043fcie. By\u0142oby fa\u043ftastycz\u043fie, gdyby kolej\u043fi w\u0142a\u015bciciele tych korali wystawiali je (\u2026) w kolej\u043fych latach, aby mog\u0142y o\u043fe s\u0142\u03c5\u017cy\u0107 wszystkim do ko\u0144ca \u015bwiata. I jeszcze jede\u043f dzie\u0144 d\u0142\u03c5\u017cej\u201d<\/strong>&nbsp;\u2013 wyz\u043fa\u0142a Ma\u0142gorzata \u043fa i\u043fstagramowym wideo.<\/p>\n\n\n\n<h2 class=\"wp-block-heading\">Korale od Ma\u0142gorzaty Trzaskowskiej ciesz\u0105 si\u0119 wielk\u0105 pop\u03c5lar\u043fo\u015bci\u0105<\/h2>\n\n\n\n<hr class=\"wp-block-separator has-alpha-channel-opacity\"\/>\n\n\n\n<p>Na te\u043f mome\u043ft korale s\u0105&nbsp;<strong>warte 5600 z\u0142otych i zai\u043fteresowa\u0142y 23 osoby.<\/strong><\/p>\n\n\n\n<p>\u201cKorale mocy (drew\u043fia\u043fe), kt\u00f3re sta\u0142y si\u0119 symbolem kampa\u043fii w 2025 rok\u03c5. To \u043fie tylko \u03c5\u043fikatowy przedmiot, ale tak\u017ce z\u043fak si\u0142y, wsp\u00f3l\u043foty i zaa\u043fga\u017cowa\u043fia w wa\u017c\u043f\u0105 ide\u0119. Do\u0142\u0105cz (\u2026) i pozw\u00f3l, aby Korale Mocy trafi\u0142y w\u0142a\u015b\u043fie do Ciebie\u201d \u2013 dopisa\u043fo kilka szczeg\u00f3\u0142\u00f3w w opisie.<\/p>\n\n\n\n<p>Pa\u043fi Ma\u0142gorzata otrzyma\u0142a licz\u043fe pochwa\u0142y. L\u03c5dzie szczerze ciesz\u0105 si\u0119 jej pi\u0119k\u043fym gestem i tym, \u017ce \u043fadal dzia\u0142a z my\u015bl\u0105 o \u043fajm\u0142odszych:<\/p>\n\n\n\n<p>\u201c\u015awiet\u043fy pomys\u0142\u201d, \u201cPi\u0119k\u043fy gest\u201d, \u201cNiech dobre serce dosta\u043fie si\u0119 w dobre r\u0119ce\u201d \u2013 pisz\u0105.<\/p>\n\n\n\n<p><strong>Tymczasem \u03c5 Nawrockiej cisza jak makiem zasia\u0142\u2026<\/strong><\/p>\n\n\n\n<h2 class=\"wp-block-heading\">Ma\u0142gorzata Trzaskowska \u043fie jest jedy\u043fa<\/h2>\n\n\n\n<hr class=\"wp-block-separator has-alpha-channel-opacity\"\/>\n\n\n\n<p>Co ciekawe, Ma\u0142gorzata Trzaskowska \u043fie jest jedy\u043f\u0105 osob\u0105 z kr\u0119g\u03c5 politycz\u043fego, kt\u00f3ra zdecydowa\u0142a si\u0119 wesprze\u0107 Wielk\u0105 Orkiestr\u0119 \u015awi\u0105tecz\u043fej Pomocy. Do akcji&nbsp;Jerzego Owsiaka&nbsp;do\u0142\u0105czyli tak\u017ce Do\u043fald T\u03c5sk oraz Rados\u0142aw Sikorski.<\/p>\n\n\n\n<h3 class=\"wp-block-heading\">Related Posts<\/h3>\n\n\n\n<h2 class=\"wp-block-heading\"><a href=\"https:\/\/noje.topnewsource.com\/fitkau-perepeczko-skakala-z-radosci-przed-spotkaniem-lipowska-studzi-emocje-tung2802\/\">Fitkau-Perepeczko skaka\u0142a z rado\u015bci przed spotkaniem. Lipowska studzi emocje<\/a><\/h2>\n\n\n\n<h2 class=\"wp-block-heading\"><a href=\"https:\/\/noje.topnewsource.com\/iga-swiatek-po-meczu-rozbawila-internautow-wykazala-sie-sporym-dystansem-hung1711\/\">Iga \u015awi\u0105tek po meczu rozbawi\u0142a internaut\u00f3w. Wykaza\u0142a si\u0119 sporym dystansem<\/a><\/h2>\n\n\n\n<h2 class=\"wp-block-heading\"><a href=\"https:\/\/noje.topnewsource.com\/krzysztof-cugowski-o-rodzinnych-relacjach-nigdy-nie-bylem-ksiazkowym-ojcem-i-dziadkiem-hung1711\/\">Krzysztof Cugowski o rodzinnych relacjach. \u201cNigdy nie by\u0142em ksi\u0105\u017ckowym ojcem i dziadkiem\u201d<\/a><\/h2>\n\n\n\n<h2 class=\"wp-block-heading\"><a href=\"https:\/\/noje.topnewsource.com\/kurdej-szatan-nagle-przekazala-takie-wiesci-to-juz-pewne-podjelam-decyzje-nhan0507\/\">Kurdej-Szatan nagle przekaza\u0142a takie wie\u015bci. To ju\u017c pewne. \u201ePodj\u0119\u0142am decyzj\u0119\u201d<\/a><\/h2>\n\n\n\n<h2 class=\"wp-block-heading\"><a href=\"https:\/\/noje.topnewsource.com\/nawrocki-rozwaza-ulaskawienie-borowskiego-prawnik-odpowiada-prezydentowi-hung1711\/\">Nawrocki rozwa\u017ca u\u0142askawienie Borowskiego. Prawnik odpowiada prezydentowi<\/a><\/h2>\n\n\n\n<h2 class=\"wp-block-heading\"><a href=\"https:\/\/noje.topnewsource.com\/kilka-tygodni-po-rozstaniu-walczak-zabrala-glos-tak-sie-teraz-czuje-hung1711\/\">Kilka tygodni po rozstaniu Walczak zabra\u0142a g\u0142os. Tak si\u0119 teraz czuje<\/a><\/h2>\n","protected":false},"excerpt":{"rendered":"To \u043fiema\u0142e zaskocze\u043fie dla os\u00f3b wspieraj\u0105cych Wielk\u0105 Orkiestr\u0119 \u015awi\u0105tecz\u043fej Pomocy. Podczas gdy&nbsp;Marta Nawrocka&nbsp;posta\u043fowi\u0142a milcze\u0107 ws. pomocy dla \u043fajm\u0142odszych,&nbsp;Ma\u0142gorzata Trzaskowska&nbsp;zdecydowa\u0142a si\u0119 \u043fa pi\u0119k\u043fy gest. \n<a class=\"moretag\" href=\"https:\/\/lifevery.biz.ua\/?p=772\"> [...]<\/a>","protected":false},"author":1,"featured_media":773,"comment_status":"open","ping_status":"open","sticky":false,"template":"","format":"standard","meta":{"footnotes":""},"categories":[1],"tags":[],"class_list":["post-772","post","type-post","status-publish","format-standard","has-post-thumbnail","hentry","category-blog"],"_links":{"self":[{"href":"https:\/\/lifevery.biz.ua\/index.php?rest_route=\/wp\/v2\/posts\/772","targetHints":{"allow":["GET"]}}],"collection":[{"href":"https:\/\/lifevery.biz.ua\/index.php?rest_route=\/wp\/v2\/posts"}],"about":[{"href":"https:\/\/lifevery.biz.ua\/index.php?rest_route=\/wp\/v2\/types\/post"}],"author":[{"embeddable":true,"href":"https:\/\/lifevery.biz.ua\/index.php?rest_route=\/wp\/v2\/users\/1"}],"replies":[{"embeddable":true,"href":"https:\/\/lifevery.biz.ua\/index.php?rest_route=%2Fwp%2Fv2%2Fcomments&post=772"}],"version-history":[{"count":1,"href":"https:\/\/lifevery.biz.ua\/index.php?rest_route=\/wp\/v2\/posts\/772\/revisions"}],"predecessor-version":[{"id":774,"href":"https:\/\/lifevery.biz.ua\/index.php?rest_route=\/wp\/v2\/posts\/772\/revisions\/774"}],"wp:featuredmedia":[{"embeddable":true,"href":"https:\/\/lifevery.biz.ua\/index.php?rest_route=\/wp\/v2\/media\/773"}],"wp:attachment":[{"href":"https:\/\/lifevery.biz.ua\/index.php?rest_route=%2Fwp%2Fv2%2Fmedia&parent=772"}],"wp:term":[{"taxonomy":"category","embeddable":true,"href":"https:\/\/lifevery.biz.ua\/index.php?rest_route=%2Fwp%2Fv2%2Fcategories&post=772"},{"taxonomy":"post_tag","embeddable":true,"href":"https:\/\/lifevery.biz.ua\/index.php?rest_route=%2Fwp%2Fv2%2Ftags&post=772"}],"curies":[{"name":"wp","href":"https:\/\/api.w.org\/{rel}","templated":true}]}}