{"id":746,"date":"2026-01-21T17:56:40","date_gmt":"2026-01-21T17:56:40","guid":{"rendered":"https:\/\/lifevery.biz.ua\/?p=746"},"modified":"2026-01-21T17:56:40","modified_gmt":"2026-01-21T17:56:40","slug":"tylko-u-nas-zenon-martyniuk-na-ostatniej-prostej-odmowil-wystepu-w-tzg-byl-juz-prawie-dogadany","status":"publish","type":"post","link":"https:\/\/lifevery.biz.ua\/?p=746","title":{"rendered":"TYLKO U NAS: Zenon Martyniuk na ostatniej prostej odm\u00f3wi\u0142 wyst\u0119pu w &#8220;TzG&#8221;. &#8220;By\u0142 ju\u017c prawie dogadany&#8221;"},"content":{"rendered":"\n<p>Piotr K\u0119dzierski, Emilia Komarnicka i Ma\u0142gorzata Potocka, kt\u00f3rzy na pocz\u0105tku lutego rozpoczn\u0105 treningi do pierwszego odcinka programu. Kilka miesi\u0119cy temu plotkowano, \u017ce w\u015br\u00f3d uczestnik\u00f3w &#8220;TzG&#8221; ma znale\u017a\u0107 si\u0119 te\u017c Zenon Martyniuk, kt\u00f3ry zreszt\u0105 ciep\u0142o wypowiada\u0142 si\u0119 o tanecznym hicie Polsatu. Produkcja chcia\u0142a, by lider disco polowej grupy Akcent pojawi\u0142 si\u0119 wiosn\u0105 na parkiecie, ale to si\u0119 nie wydarzy.<\/p>\n\n\n\n<h2 class=\"wp-block-heading\" id=\"title-603064942060926063\">Zenon Martyniuk odm\u00f3wi\u0142 udzia\u0142u w &#8220;Ta\u0144cu z gwiazdami&#8221;<\/h2>\n\n\n\n<p>Od pocz\u0105tku tego tygodnia po sieci kr\u0105\u017c\u0105 plotki o\u00a0powodach rezygnacji\u00a0 Przyczyn\u0119 odrzucenia propozycji przez discopolowa ujawni\u0142a redakcji Jastrz\u0105b Post osoba z\u00a0Polsatu. Poda\u0142a nam:<\/p>\n\n\n\n<blockquote class=\"wp-block-quote is-layout-flow wp-block-quote-is-layout-flow\">\n<p>Zenon zrezygnowa\u0142, kiedy ju\u017c by\u0142 prawie dogadany. To jednak jest bardzo absorbuj\u0105cy projekt. Nie mia\u0142by czasu koncertowa\u0107.<\/p>\n<\/blockquote>\n\n\n\n<p><\/p>\n\n\n\n<h2 class=\"wp-block-heading\" id=\"title-603064942061122671\">Wykonawcy disco polo w &#8220;Ta\u0144cu z gwiazdami&#8221;<\/h2>\n\n\n\n<p>Gdyby Zenon Martyniuk zgodzi\u0142by si\u0119 na udzia\u0142 w\u00a0&#8220;Ta\u0144cu z\u00a0gwiazdami&#8221;, to by\u0142by kolejn\u0105 gwiazd\u0105 disco polo, kt\u00f3ra zawalczy\u0142a o\u00a0Kryszta\u0142ow\u0105 Kul\u0119. W\u00a0programie do tej pory wzi\u0119li udzia\u0142:\u00a0<a href=\"https:\/\/jastrzabpost.pl\/marcin-miller,temat,5846881686999425\">Marcin Miller<\/a><strong>\u00a0<\/strong>z grupy Boys,\u00a0<strong>Czadoman<\/strong>,\u00a0<strong>Radek Liszewski<\/strong>\u00a0z\u00a0zespo\u0142u Weekend i<\/p>\n\n\n\n<figure class=\"wp-block-image\"><img decoding=\"async\" src=\"https:\/\/v.wpimg.pl\/ZmIxMDI4dQwoGjt3Zk94GWtCby0gFnZPPFp3ZmZXdVl8SH08egRqXWYeJCgsRj8dJlYqNjxEOxo5Vj0oZlUqBGYOfGstXSkdJRk0ayxZOAgtV3RxewM4CX5KYHIvADhAfRl7ImQNOFx8VXghcVI4XHlKdSEtVngQ\" alt=\"Zenon Martyniuk\"\/><figcaption class=\"wp-element-caption\">Zenon Martyniuk mia\u0142 wyst\u0105pi\u0107 w &#8220;Ta\u0144cu z gwiazdami&#8221;&nbsp;<strong>\u00a9 KAPIF<\/strong><\/figcaption><\/figure>\n","protected":false},"excerpt":{"rendered":"Piotr K\u0119dzierski, Emilia Komarnicka i Ma\u0142gorzata Potocka, kt\u00f3rzy na pocz\u0105tku lutego rozpoczn\u0105 treningi do pierwszego odcinka programu. Kilka miesi\u0119cy temu plotkowano, \u017ce w\u015br\u00f3d \n<a class=\"moretag\" href=\"https:\/\/lifevery.biz.ua\/?p=746\"> [...]<\/a>","protected":false},"author":1,"featured_media":747,"comment_status":"open","ping_status":"open","sticky":false,"template":"","format":"standard","meta":{"footnotes":""},"categories":[1],"tags":[],"class_list":["post-746","post","type-post","status-publish","format-standard","has-post-thumbnail","hentry","category-blog"],"_links":{"self":[{"href":"https:\/\/lifevery.biz.ua\/index.php?rest_route=\/wp\/v2\/posts\/746","targetHints":{"allow":["GET"]}}],"collection":[{"href":"https:\/\/lifevery.biz.ua\/index.php?rest_route=\/wp\/v2\/posts"}],"about":[{"href":"https:\/\/lifevery.biz.ua\/index.php?rest_route=\/wp\/v2\/types\/post"}],"author":[{"embeddable":true,"href":"https:\/\/lifevery.biz.ua\/index.php?rest_route=\/wp\/v2\/users\/1"}],"replies":[{"embeddable":true,"href":"https:\/\/lifevery.biz.ua\/index.php?rest_route=%2Fwp%2Fv2%2Fcomments&post=746"}],"version-history":[{"count":1,"href":"https:\/\/lifevery.biz.ua\/index.php?rest_route=\/wp\/v2\/posts\/746\/revisions"}],"predecessor-version":[{"id":748,"href":"https:\/\/lifevery.biz.ua\/index.php?rest_route=\/wp\/v2\/posts\/746\/revisions\/748"}],"wp:featuredmedia":[{"embeddable":true,"href":"https:\/\/lifevery.biz.ua\/index.php?rest_route=\/wp\/v2\/media\/747"}],"wp:attachment":[{"href":"https:\/\/lifevery.biz.ua\/index.php?rest_route=%2Fwp%2Fv2%2Fmedia&parent=746"}],"wp:term":[{"taxonomy":"category","embeddable":true,"href":"https:\/\/lifevery.biz.ua\/index.php?rest_route=%2Fwp%2Fv2%2Fcategories&post=746"},{"taxonomy":"post_tag","embeddable":true,"href":"https:\/\/lifevery.biz.ua\/index.php?rest_route=%2Fwp%2Fv2%2Ftags&post=746"}],"curies":[{"name":"wp","href":"https:\/\/api.w.org\/{rel}","templated":true}]}}