{"id":7232,"date":"2026-03-30T19:08:15","date_gmt":"2026-03-30T19:08:15","guid":{"rendered":"https:\/\/lifevery.biz.ua\/?p=7232"},"modified":"2026-03-30T19:08:15","modified_gmt":"2026-03-30T19:08:15","slug":"nie-zyje-62-latka-dwie-osoby-sa-ranne-na-pomoc-dla-kobiety-bylo-juz-za-pozno-2","status":"publish","type":"post","link":"https:\/\/lifevery.biz.ua\/?p=7232","title":{"rendered":"Nie \u017cyje 62-latka, dwie osoby s\u0105 ranne. Na pomoc dla kobiety by\u0142o ju\u017c za p\u00f3\u017ano"},"content":{"rendered":"\n<p>Dramatyczny wypadek pod Ostro\u0142\u0119k\u0105. W poniedzia\u0142ek w miejscowo\u015bci \u0141odziska dosz\u0142o do zderzenia dw\u00f3ch samochod\u00f3w osobowych, skutki s\u0105 tragiczne. Dwie osoby zosta\u0142y ranne, jednej nie uda\u0142o si\u0119 uratowa\u0107. \u2013 Niestety wypadek jest \u015bmiertelny. Droga jest zablokowana \u2013 m\u00f3wi\u0142 kom. Tomasz \u017bera\u0144ski, oficer prasowy Komendanta Miejskiego Policji w Ostro\u0142\u0119ce.<\/p>\n\n\n\n<p>Tragiczny wypadek pod Ostro\u0142\u0119k\u0105<br>Do wypadku dosz\u0142o na drodze krajowej nr 53 w okolicy miejscowo\u015bci \u0141odziska (pow. ostro\u0142\u0119cki). W poniedzia\u0142ek oko\u0142o godziny 17 s\u0142u\u017cby poinformowa\u0142y o zderzeniu dw\u00f3ch samochod\u00f3w osobowych. Trwa ustalanie okoliczno\u015bci wypadku. Wiadomo, \u017ce wypadek jest \u015bmiertelny, jedna z poszkodowanych os\u00f3b zgin\u0119\u0142a na miejscu.\u00a0<br><\/p>\n\n\n\n<p>Nie \u017cyje 62-latka, dwie osoby ranne<br>W wypadku poszkodowane zosta\u0142y trzy osoby. Jak informowa\u0142 w rozmowie z Polskim Radiem RDC Adrian Stupski z&nbsp;PSP Ostro\u0142\u0119ka, do wydostania jednej z nich na zewn\u0105trz konieczne by\u0142o u\u017cycie narz\u0119dzi hydraulicznych.<\/p>\n\n\n\n<p>Na ten moment wiemy tyle, \u017ce dosz\u0142o do zderzenia dw\u00f3ch samochod\u00f3w osobowych. Niestety wypadek jest \u015bmiertelny, 62-letnia mieszkanka powiatu ostro\u0142\u0119ckiego ponios\u0142a \u015bmier\u0107 na miejscu \u2013 przekaza\u0142 kom. Tomasz \u017bera\u0144ski, oficer prasowy Komendanta Miejskiego Policji w Ostro\u0142\u0119ce.<br><\/p>\n\n\n\n<p>Tragedia pod Ostro\u0142\u0119k\u0105, droga zablokowana<br>Na miejscu tragicznego wypadku pod Ostro\u0142\u0119k\u0105 prowadzone s\u0105 prace s\u0142u\u017cb. Policjanci wyja\u015bniaj\u0105 okoliczno\u015bci i przyczyn\u0119 zdarzenia.<\/p>\n\n\n\n<p>Droga jest zablokowana w obu kierunkach, wyznaczone zosta\u0142y objazdy.\u00a0Utrudnienia mog\u0105 potrwa\u0107 co najmniej do godziny 20 \u2013 poinformowa\u0142 kom. \u017bera\u0144ski.<br><\/p>\n","protected":false},"excerpt":{"rendered":"Dramatyczny wypadek pod Ostro\u0142\u0119k\u0105. W poniedzia\u0142ek w miejscowo\u015bci \u0141odziska dosz\u0142o do zderzenia dw\u00f3ch samochod\u00f3w osobowych, skutki s\u0105 tragiczne. Dwie osoby zosta\u0142y ranne, jednej \n<a class=\"moretag\" href=\"https:\/\/lifevery.biz.ua\/?p=7232\"> [...]<\/a>","protected":false},"author":1,"featured_media":7233,"comment_status":"open","ping_status":"open","sticky":false,"template":"","format":"standard","meta":{"footnotes":""},"categories":[1],"tags":[],"class_list":["post-7232","post","type-post","status-publish","format-standard","has-post-thumbnail","hentry","category-blog"],"_links":{"self":[{"href":"https:\/\/lifevery.biz.ua\/index.php?rest_route=\/wp\/v2\/posts\/7232","targetHints":{"allow":["GET"]}}],"collection":[{"href":"https:\/\/lifevery.biz.ua\/index.php?rest_route=\/wp\/v2\/posts"}],"about":[{"href":"https:\/\/lifevery.biz.ua\/index.php?rest_route=\/wp\/v2\/types\/post"}],"author":[{"embeddable":true,"href":"https:\/\/lifevery.biz.ua\/index.php?rest_route=\/wp\/v2\/users\/1"}],"replies":[{"embeddable":true,"href":"https:\/\/lifevery.biz.ua\/index.php?rest_route=%2Fwp%2Fv2%2Fcomments&post=7232"}],"version-history":[{"count":1,"href":"https:\/\/lifevery.biz.ua\/index.php?rest_route=\/wp\/v2\/posts\/7232\/revisions"}],"predecessor-version":[{"id":7234,"href":"https:\/\/lifevery.biz.ua\/index.php?rest_route=\/wp\/v2\/posts\/7232\/revisions\/7234"}],"wp:featuredmedia":[{"embeddable":true,"href":"https:\/\/lifevery.biz.ua\/index.php?rest_route=\/wp\/v2\/media\/7233"}],"wp:attachment":[{"href":"https:\/\/lifevery.biz.ua\/index.php?rest_route=%2Fwp%2Fv2%2Fmedia&parent=7232"}],"wp:term":[{"taxonomy":"category","embeddable":true,"href":"https:\/\/lifevery.biz.ua\/index.php?rest_route=%2Fwp%2Fv2%2Fcategories&post=7232"},{"taxonomy":"post_tag","embeddable":true,"href":"https:\/\/lifevery.biz.ua\/index.php?rest_route=%2Fwp%2Fv2%2Ftags&post=7232"}],"curies":[{"name":"wp","href":"https:\/\/api.w.org\/{rel}","templated":true}]}}