{"id":7229,"date":"2026-03-30T19:05:53","date_gmt":"2026-03-30T19:05:53","guid":{"rendered":"https:\/\/lifevery.biz.ua\/?p=7229"},"modified":"2026-03-30T19:05:53","modified_gmt":"2026-03-30T19:05:53","slug":"szukala-jej-cala-polska-policja-odnalazla-cialo-15-letniej-marceliny","status":"publish","type":"post","link":"https:\/\/lifevery.biz.ua\/?p=7229","title":{"rendered":"Szuka\u0142a jej ca\u0142a Polska. Policja odnalaz\u0142a cia\u0142o 15-letniej Marceliny"},"content":{"rendered":"\n<p>Policjanci z Miko\u0142owa przekazali tragiczne wie\u015bci. W poszukiwania 15-letniej Marceliny z Orzesza zaanga\u017cowane by\u0142y nie tylko s\u0142u\u017cby, ale i lokalni mieszka\u0144cy. Niestety, ich dzia\u0142ania nie przynios\u0142y zamierzonego skutku. Funkcjonariusze dotarli do nagrania, na kt\u00f3rym wida\u0107 by\u0142o nastolatk\u0119. Wiadomo ju\u017c, \u017ce w poniedzia\u0142ek odnaleziono jej cia\u0142o.&nbsp;<\/p>\n\n\n\n<p>Poszukiwana 15-latka nie \u017cyje<br>15-letnia Marcelina z Orzesza (woj. \u015bl\u0105skie, pow. miko\u0142owski) zagin\u0119\u0142a w niedziel\u0119, 18 sierpnia. W akcj\u0119 poszukiwawcz\u0105 od razu zaanga\u017cowa\u0142y si\u0119 nie tylko s\u0142u\u017cby, ale i mieszka\u0144cy powiatu. Nast\u0119pnego dnia poinformowano, \u017ce czynno\u015bci maj\u0105ce na celu odszukanie nastolatki zosta\u0142y zako\u0144czone. Odnaleziono cia\u0142o zaginionej.<br><\/p>\n\n\n\n<p>15-letnia Marcelina nie \u017cyje, by\u0142a poszukiwana od niedzieli<br>Poszukiwania 15-letniej Marceliny zosta\u0142y zako\u0144czone w poniedzia\u0142ek. W ich trakcie policjanci dotarli m.in. do nagrania, na kt\u00f3rym wida\u0107 stoj\u0105c\u0105 na torach dziewczyn\u0119. Wed\u0142ug relacji reportera RMF FM informacj\u0119 o osobie tam przebywaj\u0105cej potwierdzi\u0142 tak\u017ce pracownik kolei. Nast\u0119pnego dnia s\u0142u\u017cby przekaza\u0142y tragiczne wie\u015bci.<\/p>\n\n\n\n<p>Szanowni Pa\u0144stwo, czynno\u015bci poszukiwacze zosta\u0142y zako\u0144czone.\u00a0Odnalezione zosta\u0142y zw\u0142oki 15-latki \u2013 poinformowali w mediach spo\u0142eczno\u015bciowych policjanci z Miko\u0142owa.<br><\/p>\n","protected":false},"excerpt":{"rendered":"Policjanci z Miko\u0142owa przekazali tragiczne wie\u015bci. W poszukiwania 15-letniej Marceliny z Orzesza zaanga\u017cowane by\u0142y nie tylko s\u0142u\u017cby, ale i lokalni mieszka\u0144cy. Niestety, ich \n<a class=\"moretag\" href=\"https:\/\/lifevery.biz.ua\/?p=7229\"> [...]<\/a>","protected":false},"author":1,"featured_media":7230,"comment_status":"open","ping_status":"open","sticky":false,"template":"","format":"standard","meta":{"footnotes":""},"categories":[1],"tags":[],"class_list":["post-7229","post","type-post","status-publish","format-standard","has-post-thumbnail","hentry","category-blog"],"_links":{"self":[{"href":"https:\/\/lifevery.biz.ua\/index.php?rest_route=\/wp\/v2\/posts\/7229","targetHints":{"allow":["GET"]}}],"collection":[{"href":"https:\/\/lifevery.biz.ua\/index.php?rest_route=\/wp\/v2\/posts"}],"about":[{"href":"https:\/\/lifevery.biz.ua\/index.php?rest_route=\/wp\/v2\/types\/post"}],"author":[{"embeddable":true,"href":"https:\/\/lifevery.biz.ua\/index.php?rest_route=\/wp\/v2\/users\/1"}],"replies":[{"embeddable":true,"href":"https:\/\/lifevery.biz.ua\/index.php?rest_route=%2Fwp%2Fv2%2Fcomments&post=7229"}],"version-history":[{"count":1,"href":"https:\/\/lifevery.biz.ua\/index.php?rest_route=\/wp\/v2\/posts\/7229\/revisions"}],"predecessor-version":[{"id":7231,"href":"https:\/\/lifevery.biz.ua\/index.php?rest_route=\/wp\/v2\/posts\/7229\/revisions\/7231"}],"wp:featuredmedia":[{"embeddable":true,"href":"https:\/\/lifevery.biz.ua\/index.php?rest_route=\/wp\/v2\/media\/7230"}],"wp:attachment":[{"href":"https:\/\/lifevery.biz.ua\/index.php?rest_route=%2Fwp%2Fv2%2Fmedia&parent=7229"}],"wp:term":[{"taxonomy":"category","embeddable":true,"href":"https:\/\/lifevery.biz.ua\/index.php?rest_route=%2Fwp%2Fv2%2Fcategories&post=7229"},{"taxonomy":"post_tag","embeddable":true,"href":"https:\/\/lifevery.biz.ua\/index.php?rest_route=%2Fwp%2Fv2%2Ftags&post=7229"}],"curies":[{"name":"wp","href":"https:\/\/api.w.org\/{rel}","templated":true}]}}