{"id":7223,"date":"2026-03-30T19:00:16","date_gmt":"2026-03-30T19:00:16","guid":{"rendered":"https:\/\/lifevery.biz.ua\/?p=7223"},"modified":"2026-03-30T19:00:16","modified_gmt":"2026-03-30T19:00:16","slug":"zjechal-z-drogi-i-roztrzaskal-sie-na-drzewie-z-auta-zostaly-strzepy-nie-zyje-mlody-kierowca-3","status":"publish","type":"post","link":"https:\/\/lifevery.biz.ua\/?p=7223","title":{"rendered":"Zjecha\u0142 z drogi i roztrzaska\u0142 si\u0119 na drzewie, z auta zosta\u0142y strz\u0119py. Nie \u017cyje m\u0142ody kierowca"},"content":{"rendered":"\n<p>Tragiczny wypadek na jednej z polskich tras. Samoch\u00f3d osobowy zjecha\u0142 w drogi, a nast\u0119pnie z impetem wbi\u0142 si\u0119 w przyro\u017cne drzewo. Niestety, lecz pomimo szybkiej reakcji okolicznych s\u0142u\u017cb, na ratunek by\u0142o ju\u017c za p\u00f3\u017ano. Okoliczno\u015bci tej tragedii dos\u0142ownie mro\u017c\u0105 krew w \u017cy\u0142ach.&nbsp;<\/p>\n\n\n\n<p>Tragedia na Mazowszu. Osob\u00f3wka wbi\u0142a si\u0119 w drzewo<br>Do koszmarnego wypadku dosz\u0142o we wtorek, 20 sierpnia, oko\u0142o godziny 7 w miejscowo\u015bci Dylewo Nowe. Na odcinku drogi mi\u0119dzy miejscowo\u015bciami Wodziczna i Modrzewiny kierowca osobowego samochodu marki opel astra w pewnym momencie zjecha\u0142 z drogi, a nast\u0119pnie uderzy\u0142 w przydro\u017cne drzewo.<\/p>\n\n\n\n<p>Kierowca z niewyja\u015bnionych dot\u0105d przyczyn zjecha\u0142 z pasa ruchu i z du\u017c\u0105 si\u0142\u0105 uderzy\u0142 w przydro\u017cne drzewo. Na chwil\u0119 to\u017csamo\u015b\u0107 i okoliczno\u015bci wypadku s\u0105 nieznane &#8211; powiedzia\u0142a nam m\u0142. asp. Agata S\u0142awi\u0144ska, oficer prasowy Komendy Powiatowej Policji w Gr\u00f3jcu.<\/p>\n\n\n\n<p>Nieoficjalnie doniesienia wskazuj\u0105, \u017ce ofiar\u0105 wypadku jest 32-letni m\u0119\u017cczyzna. Niestety, ale pomimo usilnych stara\u0144 s\u0142u\u017cb medycznych, jego \u017cycia nie uda\u0142o si\u0119 uratowa\u0107.&nbsp;<\/p>\n\n\n\n<p><\/p>\n","protected":false},"excerpt":{"rendered":"Tragiczny wypadek na jednej z polskich tras. Samoch\u00f3d osobowy zjecha\u0142 w drogi, a nast\u0119pnie z impetem wbi\u0142 si\u0119 w przyro\u017cne drzewo. Niestety, lecz \n<a class=\"moretag\" href=\"https:\/\/lifevery.biz.ua\/?p=7223\"> [...]<\/a>","protected":false},"author":1,"featured_media":7224,"comment_status":"open","ping_status":"open","sticky":false,"template":"","format":"standard","meta":{"footnotes":""},"categories":[1],"tags":[],"class_list":["post-7223","post","type-post","status-publish","format-standard","has-post-thumbnail","hentry","category-blog"],"_links":{"self":[{"href":"https:\/\/lifevery.biz.ua\/index.php?rest_route=\/wp\/v2\/posts\/7223","targetHints":{"allow":["GET"]}}],"collection":[{"href":"https:\/\/lifevery.biz.ua\/index.php?rest_route=\/wp\/v2\/posts"}],"about":[{"href":"https:\/\/lifevery.biz.ua\/index.php?rest_route=\/wp\/v2\/types\/post"}],"author":[{"embeddable":true,"href":"https:\/\/lifevery.biz.ua\/index.php?rest_route=\/wp\/v2\/users\/1"}],"replies":[{"embeddable":true,"href":"https:\/\/lifevery.biz.ua\/index.php?rest_route=%2Fwp%2Fv2%2Fcomments&post=7223"}],"version-history":[{"count":1,"href":"https:\/\/lifevery.biz.ua\/index.php?rest_route=\/wp\/v2\/posts\/7223\/revisions"}],"predecessor-version":[{"id":7225,"href":"https:\/\/lifevery.biz.ua\/index.php?rest_route=\/wp\/v2\/posts\/7223\/revisions\/7225"}],"wp:featuredmedia":[{"embeddable":true,"href":"https:\/\/lifevery.biz.ua\/index.php?rest_route=\/wp\/v2\/media\/7224"}],"wp:attachment":[{"href":"https:\/\/lifevery.biz.ua\/index.php?rest_route=%2Fwp%2Fv2%2Fmedia&parent=7223"}],"wp:term":[{"taxonomy":"category","embeddable":true,"href":"https:\/\/lifevery.biz.ua\/index.php?rest_route=%2Fwp%2Fv2%2Fcategories&post=7223"},{"taxonomy":"post_tag","embeddable":true,"href":"https:\/\/lifevery.biz.ua\/index.php?rest_route=%2Fwp%2Fv2%2Ftags&post=7223"}],"curies":[{"name":"wp","href":"https:\/\/api.w.org\/{rel}","templated":true}]}}