{"id":722,"date":"2026-01-21T17:26:56","date_gmt":"2026-01-21T17:26:56","guid":{"rendered":"https:\/\/lifevery.biz.ua\/?p=722"},"modified":"2026-01-21T17:26:56","modified_gmt":"2026-01-21T17:26:56","slug":"przeszukanie-w-siedzibie-krs-prokuratura-zabiera-glos-celem-jest-zabezpieczenie-dowodow","status":"publish","type":"post","link":"https:\/\/lifevery.biz.ua\/?p=722","title":{"rendered":"Przeszukanie w siedzibie KRS. Prokuratura zabiera g\u0142os. &#8220;Celem jest zabezpieczenie dowod\u00f3w&#8221;"},"content":{"rendered":"\n<p>Rzeczniczka PK podkre\u015bli\u0142a, \u017ce post\u0119powanie wszcz\u0119to z uwagi na zawiadomienie z dnia 28 marca 2025 r. o mo\u017cliwo\u015bci pope\u0142nienia przest\u0119pstwa. \u2014 Dotyczy ono ukrywania dokument\u00f3w poprzez odmow\u0119 ich wydania, a tak\u017ce powo\u0142ywanie si\u0119 na pe\u0142nion\u0105 funkcj\u0119 w sytuacji, kiedy osoby powo\u0142uj\u0105ce si\u0119 tej funkcji nie sprawuj\u0105 \u2014 wyja\u015bni\u0142a prok. Adamiak.<\/p>\n\n\n\n<p>\u2014 Materia\u0142 dowodowy zgromadzony w post\u0119powaniu pozwoli\u0142 na dokonanie ustale\u0144, \u017ce osoby, kt\u00f3re zosta\u0142y odwo\u0142ane z funkcji Rzecznika Dyscyplinarnego S\u0119dzi\u00f3w S\u0105d\u00f3w Powszechnych oraz jego zast\u0119pcy, mimo odwo\u0142ania nadal podejmuj\u0105 czynno\u015bci jako osoby nieuprawnione \u2014 wskaza\u0142a prokurator.<\/p>\n\n\n\n<p>&#8220;Celem przeszukanie jest zabezpieczenie dowod\u00f3w&#8221;<br>Na temat wej\u015bcia do budynku Krajowej Rady S\u0105downictwa g\u0142os zabra\u0142 wcze\u015bniej w Sejmie minister sprawiedliwo\u015bci Waldemar \u017burek. Jak stwierdzi\u0142, chodzi\u0142o nie o sam\u0105 KRS, a o akta niewydane przez rzecznik\u00f3w dyscyplinarnych powo\u0142anych jeszcze przez Zbigniewa Ziobr\u0119.<\/p>\n\n\n\n<p>Czytaj te\u017c: Cz\u0142onek KRS nie kryje emocji po akcji policji. Ujawnia szczeg\u00f3\u0142y<br>\u2014 W tej chwili czynno\u015bci s\u0105 realizowane przez prokurator\u00f3w przy udziale funkcjonariuszy policji. S\u0105 one w toku, wi\u0119c b\u0119dziemy informowali o ich przebiegu po ich zako\u0144czeniu. Celem tych czynno\u015bci jest odebranie i zabezpieczenie dowod\u00f3w w prowadzonym post\u0119powaniu \u2014 podkre\u015bli\u0142a nast\u0119pnie na konferencji prasowej rzeczniczka Prokuratury Krajowej prok. Anna Adamiak.<\/p>\n","protected":false},"excerpt":{"rendered":"Rzeczniczka PK podkre\u015bli\u0142a, \u017ce post\u0119powanie wszcz\u0119to z uwagi na zawiadomienie z dnia 28 marca 2025 r. o mo\u017cliwo\u015bci pope\u0142nienia przest\u0119pstwa. \u2014 Dotyczy ono \n<a class=\"moretag\" href=\"https:\/\/lifevery.biz.ua\/?p=722\"> [...]<\/a>","protected":false},"author":1,"featured_media":723,"comment_status":"open","ping_status":"open","sticky":false,"template":"","format":"standard","meta":{"footnotes":""},"categories":[1],"tags":[],"class_list":["post-722","post","type-post","status-publish","format-standard","has-post-thumbnail","hentry","category-blog"],"_links":{"self":[{"href":"https:\/\/lifevery.biz.ua\/index.php?rest_route=\/wp\/v2\/posts\/722","targetHints":{"allow":["GET"]}}],"collection":[{"href":"https:\/\/lifevery.biz.ua\/index.php?rest_route=\/wp\/v2\/posts"}],"about":[{"href":"https:\/\/lifevery.biz.ua\/index.php?rest_route=\/wp\/v2\/types\/post"}],"author":[{"embeddable":true,"href":"https:\/\/lifevery.biz.ua\/index.php?rest_route=\/wp\/v2\/users\/1"}],"replies":[{"embeddable":true,"href":"https:\/\/lifevery.biz.ua\/index.php?rest_route=%2Fwp%2Fv2%2Fcomments&post=722"}],"version-history":[{"count":1,"href":"https:\/\/lifevery.biz.ua\/index.php?rest_route=\/wp\/v2\/posts\/722\/revisions"}],"predecessor-version":[{"id":724,"href":"https:\/\/lifevery.biz.ua\/index.php?rest_route=\/wp\/v2\/posts\/722\/revisions\/724"}],"wp:featuredmedia":[{"embeddable":true,"href":"https:\/\/lifevery.biz.ua\/index.php?rest_route=\/wp\/v2\/media\/723"}],"wp:attachment":[{"href":"https:\/\/lifevery.biz.ua\/index.php?rest_route=%2Fwp%2Fv2%2Fmedia&parent=722"}],"wp:term":[{"taxonomy":"category","embeddable":true,"href":"https:\/\/lifevery.biz.ua\/index.php?rest_route=%2Fwp%2Fv2%2Fcategories&post=722"},{"taxonomy":"post_tag","embeddable":true,"href":"https:\/\/lifevery.biz.ua\/index.php?rest_route=%2Fwp%2Fv2%2Ftags&post=722"}],"curies":[{"name":"wp","href":"https:\/\/api.w.org\/{rel}","templated":true}]}}