{"id":7208,"date":"2026-03-30T18:37:18","date_gmt":"2026-03-30T18:37:18","guid":{"rendered":"https:\/\/lifevery.biz.ua\/?p=7208"},"modified":"2026-03-30T18:37:18","modified_gmt":"2026-03-30T18:37:18","slug":"atak-nozownika-w-niemczech-3-osoby-nie-zyja-wielu-rannych-trwa-oblawa-za-napastnikiem","status":"publish","type":"post","link":"https:\/\/lifevery.biz.ua\/?p=7208","title":{"rendered":"Atak no\u017cownika w Niemczech. 3 osoby nie \u017cyj\u0105, wielu rannych. Trwa ob\u0142awa za napastnikiem"},"content":{"rendered":"\n<p>Dramatyczne doniesienia z Niemiec. Trwa ob\u0142awa na m\u0119\u017cczyzn\u0119, kt\u00f3ry w pi\u0105tek wieczorem uzbrojony w n\u00f3\u017c zaatakowa\u0142 mieszka\u0144c\u00f3w w miejscowo\u015bci Solingen. Sprawca &#8211; wed\u0142ug \u015bwiadk\u00f3w o arabskim wygl\u0105dzie &#8211; zabi\u0142 3 osoby. Osiem zosta\u0142o rannych. Niemieckie MSW przekaza\u0142o najnowsze informacje.&nbsp;<\/p>\n\n\n\n<p>Atak no\u017cownika w Niemczech. 3 osoby nie \u017cyj\u0105<br>Do zdarzenia dosz\u0142o w pi\u0105tek 23 sierpnia wieczorem w miejscowo\u015bci Solingen, w zachodnich Niemczech. Podczas festynu z okazji 650-lecia miasta uzbrojony w n\u00f3\u017c napastnik zaatakowa\u0142 przebywaj\u0105cych pod scen\u0105 ludzi. Wed\u0142ug informacji przekazywanych przez niemieckie s\u0142u\u017cby zgin\u0119\u0142y 3 osoby, a 8 zosta\u0142o bardzo powa\u017cnie rannych. Napastnik zbieg\u0142 z miejsca zdarzenia i od kilkunastu godzin jest poszukiwany przez policj\u0119. Trwa ob\u0142awa. Jak pisze niemiecki &#8220;Bild&#8221;, sprawca zadawa\u0142 ciosy no\u017cem, precyzyjnie celuj\u0105c w szyje.<\/p>\n\n\n\n<p>Nasze s\u0142u\u017cby bezpiecze\u0144stwa robi\u0105 wszystko, by schwyta\u0107 napastnika &#8211; informuje niemieckie MSW.<br><\/p>\n\n\n\n<p>Trwa ob\u0142awa za sprawc\u0105 ataku w Niemczech<br>Impreza z okazji 650-lecia miasta Solingen zosta\u0142a natychmiast przerwana. Na ulicach pojawi\u0142o si\u0119 mn\u00f3stwo radiowoz\u00f3w policji. S\u0142u\u017cby do poszukiwa\u0144 sprawcy wykorzystuj\u0105 r\u00f3wnie\u017c \u015bmig\u0142owce. Policja informuje, \u017ce na chwil\u0119 obecn\u0105 nie wiadomo, kim jest sprawca i jaki mia\u0142 motyw. Atak traktowany jest jako zamach terrorystyczny.<\/p>\n\n\n\n<p>Brutalny atak na festiwal w Solingen wstrz\u0105sn\u0105\u0142 nami do g\u0142\u0119bi. Op\u0142akujemy ludzi, kt\u00f3rych \u017cycie zosta\u0142o odebrane w tak okropny spos\u00f3b. Moje my\u015bli s\u0105 z rodzinami zabitych i ci\u0119\u017cko rannych &#8211; napisa\u0142a w mediach spo\u0142eczno\u015bciowych Nancy Faeser, szefowa niemieckiego MSW.<\/p>\n\n\n\n<p><\/p>\n\n\n\n<p>Mieszka\u0144c\u00f3w Solingen wezwano, by pozostali w swoich domach i nie zbli\u017cali si\u0119 do centrum. Ministra spraw wewn\u0119trznych doda\u0142a, \u017ce organy bezpiecze\u0144stwa robi\u0105 wszystko, aby schwyta\u0107 napastnika.\u00a0<br><\/p>\n\n\n\n<p>Burmistrz miasta zabra\u0142 g\u0142os<br>Solingen to miejscowo\u015b\u0107 licz\u0105ca ok. 160 tys. mieszka\u0144c\u00f3w. Znajduje si\u0119 niedaleko Duesseldorfu na zachodzie Niemiec.&nbsp;<\/p>\n\n\n\n<p>Rozdziera mi serce fakt, \u017ce dosz\u0142o do ataku na nasze miasto. Mam \u0142zy w oczach, gdy my\u015bl\u0119 o tych, kt\u00f3rych stracili\u015bmy. Modl\u0119 si\u0119 za wszystkich, kt\u00f3rzy wci\u0105\u017c walcz\u0105 o \u017cycie &#8211; napisa\u0142 w o\u015bwiadczeniu burmistrz miejscowo\u015bci Tim-Oliver Kurzbach.<\/p>\n\n\n\n<p>Ofiary \u015bmiertelne pi\u0105tkowego ataku no\u017cownika to dwaj m\u0119\u017cczy\u017ani i kobieta, mieszka\u0144cy Solingen i D\u00fcsseldorfu. Trwa ob\u0142awa za napastnikiem. O nowych ustaleniach b\u0119dziemy informowa\u0107 na bie\u017c\u0105co.&nbsp;<br>Czytaj wi\u0119cej: https:\/\/goniec.pl\/atak-nozownika-w-niemczech-3-osoby-nie-zyja-wielu-rannych-trwa-oblawa-za-napastnikiem-bb-wpd-240824<\/p>\n","protected":false},"excerpt":{"rendered":"Dramatyczne doniesienia z Niemiec. Trwa ob\u0142awa na m\u0119\u017cczyzn\u0119, kt\u00f3ry w pi\u0105tek wieczorem uzbrojony w n\u00f3\u017c zaatakowa\u0142 mieszka\u0144c\u00f3w w miejscowo\u015bci Solingen. Sprawca &#8211; wed\u0142ug \n<a class=\"moretag\" href=\"https:\/\/lifevery.biz.ua\/?p=7208\"> [...]<\/a>","protected":false},"author":1,"featured_media":7209,"comment_status":"open","ping_status":"open","sticky":false,"template":"","format":"standard","meta":{"footnotes":""},"categories":[1],"tags":[],"class_list":["post-7208","post","type-post","status-publish","format-standard","has-post-thumbnail","hentry","category-blog"],"_links":{"self":[{"href":"https:\/\/lifevery.biz.ua\/index.php?rest_route=\/wp\/v2\/posts\/7208","targetHints":{"allow":["GET"]}}],"collection":[{"href":"https:\/\/lifevery.biz.ua\/index.php?rest_route=\/wp\/v2\/posts"}],"about":[{"href":"https:\/\/lifevery.biz.ua\/index.php?rest_route=\/wp\/v2\/types\/post"}],"author":[{"embeddable":true,"href":"https:\/\/lifevery.biz.ua\/index.php?rest_route=\/wp\/v2\/users\/1"}],"replies":[{"embeddable":true,"href":"https:\/\/lifevery.biz.ua\/index.php?rest_route=%2Fwp%2Fv2%2Fcomments&post=7208"}],"version-history":[{"count":1,"href":"https:\/\/lifevery.biz.ua\/index.php?rest_route=\/wp\/v2\/posts\/7208\/revisions"}],"predecessor-version":[{"id":7210,"href":"https:\/\/lifevery.biz.ua\/index.php?rest_route=\/wp\/v2\/posts\/7208\/revisions\/7210"}],"wp:featuredmedia":[{"embeddable":true,"href":"https:\/\/lifevery.biz.ua\/index.php?rest_route=\/wp\/v2\/media\/7209"}],"wp:attachment":[{"href":"https:\/\/lifevery.biz.ua\/index.php?rest_route=%2Fwp%2Fv2%2Fmedia&parent=7208"}],"wp:term":[{"taxonomy":"category","embeddable":true,"href":"https:\/\/lifevery.biz.ua\/index.php?rest_route=%2Fwp%2Fv2%2Fcategories&post=7208"},{"taxonomy":"post_tag","embeddable":true,"href":"https:\/\/lifevery.biz.ua\/index.php?rest_route=%2Fwp%2Fv2%2Ftags&post=7208"}],"curies":[{"name":"wp","href":"https:\/\/api.w.org\/{rel}","templated":true}]}}