{"id":7197,"date":"2026-03-30T08:19:21","date_gmt":"2026-03-30T08:19:21","guid":{"rendered":"https:\/\/lifevery.biz.ua\/?p=7197"},"modified":"2026-03-30T08:19:21","modified_gmt":"2026-03-30T08:19:21","slug":"nie-zyja-dwie-osoby-2-letnie-dziecko-w-szpitalu-w-akcji-piec-zastepow-strazakow-policja-i-ratownicy-2","status":"publish","type":"post","link":"https:\/\/lifevery.biz.ua\/?p=7197","title":{"rendered":"Nie \u017cyj\u0105 dwie osoby, 2-letnie dziecko w szpitalu. W akcji pi\u0119\u0107 zast\u0119p\u00f3w stra\u017cak\u00f3w, policja i ratownicy"},"content":{"rendered":"\n<p>W sobot\u0119, 24 sierpnia 2024 roku, dosz\u0142o do tragicznego wypadku na drodze krajowej nr 15 w miejscowo\u015bci Pluskow\u0119sy, w powiecie golubsko-dobrzy\u0144skim. W wyniku zderzenia dw\u00f3ch samochod\u00f3w osobowych \u017cycie straci\u0142y dwie osoby, a dwie kolejne, w tym dziecko, zosta\u0142y ranne i przewiezione do szpitala.<br>&nbsp;<\/p>\n\n\n\n<p>Okoliczno\u015bci wypadku w Pluskow\u0119sach<br>Do wypadku dosz\u0142o oko\u0142o godziny 14:45 na 268. kilometrze Drogi Krajowej nr 15, mi\u0119dzy Kowalewem Pomorskim a Brodnic\u0105. Na razie nie s\u0105 znane dok\u0142adne przyczyny zderzenia pojazd\u00f3w. Na miejscu tragedii szybko pojawi\u0142y si\u0119 s\u0142u\u017cby ratunkowe &#8211; pi\u0119\u0107 zast\u0119p\u00f3w stra\u017cy po\u017carnej, policja oraz ratownicy medyczni.<\/p>\n\n\n\n<p>Pocz\u0105tkowe doniesienia m\u00f3wi\u0142y o jednej ofierze \u015bmiertelnej, jednak wkr\u00f3tce po godzinie 16:00 potwierdzono, \u017ce w wyniku wypadku zgin\u0119\u0142a tak\u017ce druga osoba. Jak przekaza\u0142 m\u0142. bryg. Dawid Tarkowski, oficer prasowy Komendy Powiatowej Pa\u0144stwowej Stra\u017cy Po\u017carnej w Golubiu-Dobrzyniu, pierwsz\u0105 ofiar\u0105 by\u0142 kierowca jednego z pojazd\u00f3w, kt\u00f3ry zmar\u0142 na miejscu. Drug\u0105 ofiar\u0105 by\u0142a pasa\u017cerka tego samego samochodu, kt\u00f3rej mimo reanimacji nie uda\u0142o si\u0119 uratowa\u0107. Zmar\u0142a na miejscu zdarzenia.<br><\/p>\n\n\n\n<p>Ranni w wypadku w Pluskow\u0119sach. W\u015br\u00f3d ofiar jest dziecko<br>W wyniku wypadku powa\u017cnie ranne zosta\u0142y dwie osoby. Jedn\u0105 z nich jest 2-letnie dziecko, kt\u00f3re podr\u00f3\u017cowa\u0142o z pasa\u017cerk\u0105 w jednym z pojazd\u00f3w. Zosta\u0142o ono natychmiast przetransportowane do szpitala w Toruniu. Drug\u0105 osob\u0105 rann\u0105 jest kierowca drugiego samochodu, kt\u00f3ry r\u00f3wnie\u017c zosta\u0142 przewieziony do szpitala. Stan zdrowia obu rannych nie zosta\u0142 na razie ujawniony.<\/p>\n\n\n\n<p>W miejscu wypadku natychmiast podj\u0119to dzia\u0142ania ratunkowe, kt\u00f3re obj\u0119\u0142y m.in. udzielenie pomocy medycznej oraz zabezpieczenie terenu. Z uwagi na powag\u0119 sytuacji oraz konieczno\u015b\u0107 przeprowadzenia dok\u0142adnych czynno\u015bci dochodzeniowych, ruch na drodze krajowej nr 15 zosta\u0142 ca\u0142kowicie wstrzymany. Kierowcy musieli korzysta\u0107 z objazd\u00f3w, co spowodowa\u0142o znaczne utrudnienia w okolicy Pluskow\u0119s.<br><\/p>\n\n\n\n<p>Funkcjonariusze pod nadzorem prokuratura ustal\u0105 przyczyny tragicznego wypadku<br>Na chwil\u0119 obecn\u0105 nie s\u0105 znane dok\u0142adne przyczyny wypadku. \u015aledztwo w tej sprawie prowadzi policja, kt\u00f3ra b\u0119dzie bada\u0107 okoliczno\u015bci zdarzenia oraz stan techniczny pojazd\u00f3w. W takich przypadkach zwykle analizowane s\u0105 r\u00f3wnie\u017c dane dotycz\u0105ce pr\u0119dko\u015bci, warunk\u00f3w na drodze oraz ewentualnego wp\u0142ywu alkoholu lub innych substancji psychoaktywnych na stan kieruj\u0105cych.<\/p>\n\n\n\n<p>Wypadki takie jak ten przypominaj\u0105 o potrzebie zachowania szczeg\u00f3lnej ostro\u017cno\u015bci na drodze. Dla rodzin ofiar sobotniego zdarzenia jest to niewyobra\u017calna tragedia, a dla wszystkich u\u017cytkownik\u00f3w dr\u00f3g &#8211; bolesne przypomnienie o konsekwencjach, jakie mog\u0105 wynikn\u0105\u0107 z zaledwie chwili nieuwagi lub nieszcz\u0119\u015bliwego zbiegu okoliczno\u015bci.<br><\/p>\n","protected":false},"excerpt":{"rendered":"W sobot\u0119, 24 sierpnia 2024 roku, dosz\u0142o do tragicznego wypadku na drodze krajowej nr 15 w miejscowo\u015bci Pluskow\u0119sy, w powiecie golubsko-dobrzy\u0144skim. W wyniku \n<a class=\"moretag\" href=\"https:\/\/lifevery.biz.ua\/?p=7197\"> [...]<\/a>","protected":false},"author":1,"featured_media":7198,"comment_status":"open","ping_status":"open","sticky":false,"template":"","format":"standard","meta":{"footnotes":""},"categories":[1],"tags":[],"class_list":["post-7197","post","type-post","status-publish","format-standard","has-post-thumbnail","hentry","category-blog"],"_links":{"self":[{"href":"https:\/\/lifevery.biz.ua\/index.php?rest_route=\/wp\/v2\/posts\/7197","targetHints":{"allow":["GET"]}}],"collection":[{"href":"https:\/\/lifevery.biz.ua\/index.php?rest_route=\/wp\/v2\/posts"}],"about":[{"href":"https:\/\/lifevery.biz.ua\/index.php?rest_route=\/wp\/v2\/types\/post"}],"author":[{"embeddable":true,"href":"https:\/\/lifevery.biz.ua\/index.php?rest_route=\/wp\/v2\/users\/1"}],"replies":[{"embeddable":true,"href":"https:\/\/lifevery.biz.ua\/index.php?rest_route=%2Fwp%2Fv2%2Fcomments&post=7197"}],"version-history":[{"count":1,"href":"https:\/\/lifevery.biz.ua\/index.php?rest_route=\/wp\/v2\/posts\/7197\/revisions"}],"predecessor-version":[{"id":7199,"href":"https:\/\/lifevery.biz.ua\/index.php?rest_route=\/wp\/v2\/posts\/7197\/revisions\/7199"}],"wp:featuredmedia":[{"embeddable":true,"href":"https:\/\/lifevery.biz.ua\/index.php?rest_route=\/wp\/v2\/media\/7198"}],"wp:attachment":[{"href":"https:\/\/lifevery.biz.ua\/index.php?rest_route=%2Fwp%2Fv2%2Fmedia&parent=7197"}],"wp:term":[{"taxonomy":"category","embeddable":true,"href":"https:\/\/lifevery.biz.ua\/index.php?rest_route=%2Fwp%2Fv2%2Fcategories&post=7197"},{"taxonomy":"post_tag","embeddable":true,"href":"https:\/\/lifevery.biz.ua\/index.php?rest_route=%2Fwp%2Fv2%2Ftags&post=7197"}],"curies":[{"name":"wp","href":"https:\/\/api.w.org\/{rel}","templated":true}]}}