{"id":7194,"date":"2026-03-30T08:17:16","date_gmt":"2026-03-30T08:17:16","guid":{"rendered":"https:\/\/lifevery.biz.ua\/?p=7194"},"modified":"2026-03-30T08:17:16","modified_gmt":"2026-03-30T08:17:16","slug":"tragedia-w-niedzielny-poranek-nie-zyja-dwie-mlode-osoby-z-samochodow-zostaly-strzepy-2","status":"publish","type":"post","link":"https:\/\/lifevery.biz.ua\/?p=7194","title":{"rendered":"Tragedia w niedzielny poranek, nie \u017cyj\u0105 dwie m\u0142ode osoby. Z samochod\u00f3w zosta\u0142y strz\u0119py"},"content":{"rendered":"\n<p>Tragiczny wypadek pod P\u0142ockiem. W niedziel\u0119 25 sierpnia w czo\u0142owym zderzeniu dw\u00f3ch samochod\u00f3w osobowych zgin\u0105\u0142 21-letni kierowca i 16-letnia pasa\u017cerka. Dwoje pozosta\u0142ych pasa\u017cer\u00f3w w wieku 18 i 22 lat zosta\u0142o rannych. W ci\u0119\u017ckim stanie jest r\u00f3wnie\u017c starsze ma\u0142\u017ce\u0144stwo, kt\u00f3re podr\u00f3\u017cowa\u0142o drugim z pojazd\u00f3w. Policja przekaza\u0142a szczeg\u00f3\u0142y.<\/p>\n\n\n\n<p>Tragiczny wypadek. Nie \u017cyje 21-latek i 16-latka, 4 osoby ranne<br>Do tragicznego wypadku dosz\u0142o w niedziel\u0119 25 sierpnia nad ranem pod P\u0142ockiem, w miejscowo\u015bci Brody Du\u017ce. S\u0142u\u017cby otrzyma\u0142y zg\u0142oszenie przed godzin\u0105 11.00. Na drodze krajowej numer 62 dosz\u0142o do czo\u0142owego zderzenia dw\u00f3ch samochod\u00f3w osobowych. Jednym z pojazd\u00f3w podr\u00f3\u017cowa\u0142y cztery m\u0142ode osoby w wieku 21, 16, 18 i 22 lat. Drugim z samochod\u00f3w jecha\u0142o starsze ma\u0142\u017ce\u0144stwo (oboje w wieku 68 lat).<\/p>\n\n\n\n<p>Jak przekaza\u0142a nam p\u0142ocka policja, \u015bmier\u0107 na miejscu poni\u00f3s\u0142 21-letni kierowca i 16-letnia pasa\u017cerka z volkswagena. Wszystkie pozosta\u0142e osoby bior\u0105ce udzia\u0142 w zdarzeniu zosta\u0142y ranne. Stan ma\u0142\u017ce\u0144stwa okre\u015blany jest jako ci\u0119\u017cki. S\u0105 wst\u0119pne ustalenia.<br><\/p>\n\n\n\n<p>Tragiczny wypadek pod P\u0142ockiem. Nie \u017cyj\u0105 dwie osoby<br>Policja przekaza\u0142a nam, \u017ce w \u015bmiertelnym zdarzeniu bra\u0142y udzia\u0142 volkswagen i mercedes. Do tragicznego wypadku dosz\u0142o na drodze krajowej numer 62 w miejscowo\u015bci Brody Du\u017ce. Na miejscu swoje dzia\u0142ania ca\u0142y czas prowadz\u0105 s\u0142u\u017cby.&nbsp;<\/p>\n\n\n\n<p>Wed\u0142ug wst\u0119pnych ustale\u0144 policji 68-letni kierowca mercedesa z nieustalonych przyczyn zjecha\u0142 na przeciwleg\u0142y pas i czo\u0142owo zderzy\u0142 si\u0119 z volkswagenem, kt\u00f3rym podr\u00f3\u017cowa\u0142y cztery m\u0142ode osoby.&nbsp;<\/p>\n\n\n\n<p> Wstrz\u0105saj\u0105ce relacje \u015bwiadk\u00f3w po\u017caru w Poznaniu nios\u0105 si\u0119 po kraju. \u201cWyrzuci\u0142o stra\u017cak\u00f3w\u201d<\/p>\n\n\n\n<p>Niestety na miejscu zgin\u0105\u0142 21-letni kieruj\u0105cy volkswagenem oraz jego 16-letnia pasa\u017cerka. Pozosta\u0142ych dwoje pasa\u017cer\u00f3w volkswagena w wieku 18 i 22 lata trafi\u0142o do szpitala. Do szpitala, z ci\u0119\u017ckimi obra\u017ceniami trafili r\u00f3wnie\u017c 68-letni kierowca oraz 68-letnia pasa\u017cerka mercedesa &#8211; przekaza\u0142a Monika Jakubowska, rzeczniczka prasowa Komendy Miejskiej Policji w P\u0142ocku.<\/p>\n\n\n\n<p>Droga jest zablokowana, policja wyznaczy\u0142a objazdy<br>O wypadku chwil\u0119 przed godzin\u0105 11.00 informowa\u0142a Generalna Dyrekcja Dr\u00f3g Krajowych i Autostrad. W pierwszym komunikacie przekazano, \u017ce zgin\u0119\u0142y dwie osoby, a jedna zosta\u0142a ranna. Niestety poszkodowanych jest wi\u0119cej.&nbsp;<\/p>\n\n\n\n<p>Na miejscu policja wykonuje czynno\u015bci pod nadzorem prokuratury. Utrudnienia na DK62 mog\u0105 potrwa\u0107 nawet kilka godzin. Wyznaczono objazdy dla kierowc\u00f3w przez miejscowo\u015bci Ma\u0142a Wie\u015b oraz Bodzan\u00f3w. Policja wyja\u015bnia szczeg\u00f3\u0142owe okoliczno\u015bci tragedii.\u00a0<br><\/p>\n","protected":false},"excerpt":{"rendered":"Tragiczny wypadek pod P\u0142ockiem. W niedziel\u0119 25 sierpnia w czo\u0142owym zderzeniu dw\u00f3ch samochod\u00f3w osobowych zgin\u0105\u0142 21-letni kierowca i 16-letnia pasa\u017cerka. Dwoje pozosta\u0142ych pasa\u017cer\u00f3w \n<a class=\"moretag\" href=\"https:\/\/lifevery.biz.ua\/?p=7194\"> [...]<\/a>","protected":false},"author":1,"featured_media":7195,"comment_status":"open","ping_status":"open","sticky":false,"template":"","format":"standard","meta":{"footnotes":""},"categories":[1],"tags":[],"class_list":["post-7194","post","type-post","status-publish","format-standard","has-post-thumbnail","hentry","category-blog"],"_links":{"self":[{"href":"https:\/\/lifevery.biz.ua\/index.php?rest_route=\/wp\/v2\/posts\/7194","targetHints":{"allow":["GET"]}}],"collection":[{"href":"https:\/\/lifevery.biz.ua\/index.php?rest_route=\/wp\/v2\/posts"}],"about":[{"href":"https:\/\/lifevery.biz.ua\/index.php?rest_route=\/wp\/v2\/types\/post"}],"author":[{"embeddable":true,"href":"https:\/\/lifevery.biz.ua\/index.php?rest_route=\/wp\/v2\/users\/1"}],"replies":[{"embeddable":true,"href":"https:\/\/lifevery.biz.ua\/index.php?rest_route=%2Fwp%2Fv2%2Fcomments&post=7194"}],"version-history":[{"count":1,"href":"https:\/\/lifevery.biz.ua\/index.php?rest_route=\/wp\/v2\/posts\/7194\/revisions"}],"predecessor-version":[{"id":7196,"href":"https:\/\/lifevery.biz.ua\/index.php?rest_route=\/wp\/v2\/posts\/7194\/revisions\/7196"}],"wp:featuredmedia":[{"embeddable":true,"href":"https:\/\/lifevery.biz.ua\/index.php?rest_route=\/wp\/v2\/media\/7195"}],"wp:attachment":[{"href":"https:\/\/lifevery.biz.ua\/index.php?rest_route=%2Fwp%2Fv2%2Fmedia&parent=7194"}],"wp:term":[{"taxonomy":"category","embeddable":true,"href":"https:\/\/lifevery.biz.ua\/index.php?rest_route=%2Fwp%2Fv2%2Fcategories&post=7194"},{"taxonomy":"post_tag","embeddable":true,"href":"https:\/\/lifevery.biz.ua\/index.php?rest_route=%2Fwp%2Fv2%2Ftags&post=7194"}],"curies":[{"name":"wp","href":"https:\/\/api.w.org\/{rel}","templated":true}]}}