{"id":719,"date":"2026-01-21T17:23:59","date_gmt":"2026-01-21T17:23:59","guid":{"rendered":"https:\/\/lifevery.biz.ua\/?p=719"},"modified":"2026-01-21T17:23:59","modified_gmt":"2026-01-21T17:23:59","slug":"zaginela-15-letnia-veronika-policja-prosi-o-pomoc","status":"publish","type":"post","link":"https:\/\/lifevery.biz.ua\/?p=719","title":{"rendered":"Zagin\u0119\u0142a 15-letnia Veronika. Policja prosi o pomoc"},"content":{"rendered":"\n<p>Veronika ostatni raz widziana by\u0142a w pi\u0105tek, 16 stycznia br. Tego dnia, oko\u0142o godz. 14.30, wysz\u0142a ze swego miejsca zamieszkania przy ul. Wschodu S\u0142o\u0144ca na terenie\u00a0 Kiedy nie wr\u00f3ci\u0142a na noc, zaniepokojona rodzina powiadomi\u0142a policj\u0119.<\/p>\n\n\n\n<h2 class=\"wp-block-heading\"><strong>Poznaj kontekst z AI<\/strong><\/h2>\n\n\n\n<p>Kiedy zagin\u0119\u0142a Veronika?<\/p>\n\n\n\n<p>Jak wygl\u0105da Veronika Odnoralova?<\/p>\n\n\n\n<p>Jakie ubrania mia\u0142a na sobie Veronika w dniu zagini\u0119cia?<\/p>\n\n\n\n<p>Gdzie mo\u017cna zg\u0142asza\u0107 informacje o Veronice?<\/p>\n\n\n\n<h2 class=\"wp-block-heading\" id=\"toc-akcja-poszukiwawcza-trwa-juz-piaty-dzien\">Akcja poszukiwawcza trwa ju\u017c pi\u0105ty dzie\u0144<\/h2>\n\n\n\n<p>Spraw\u0105 zaj\u0119li si\u0119 funkcjonariusze z Zespo\u0142u Poszukiwa\u0144 i Identyfikacji Os\u00f3b Wydzia\u0142u do walki z Przest\u0119pczo\u015bci\u0105 Przeciwko \u017byciu i Zdrowiu Komendy Rejonowej Policji Warszawa III. Do tej pory nie uda\u0142o si\u0119 jednak znale\u017a\u0107 nastolatki. Dlatego funkcjonariusze publikuj\u0105 zdj\u0119cie dziewczyny i apeluj\u0105 o pomoc w poszukiwaniach.<\/p>\n\n\n\n<p><img loading=\"lazy\" decoding=\"async\" src=\"https:\/\/cdn.wiadomosci.onet.pl\/1\/Gb2k9lBaHR0cHM6Ly9vY2RuLmV1L3B1bHNjbXMvTURBXy8yNGM4MzEzZmQxMDA2Njg5YmZkMTcwNGE1MDUwM2ZjOS5qcGeRlQLMiczEwsPeAAKhMAehMQQ\" height=\"196\" width=\"137\" alt=\"Poszukiwana Veronika Odnoralova\"><\/p>\n\n\n\n<p>Poszukiwana Veronika OdnoralovaPolicja \/ mat. prasowe<\/p>\n\n\n\n<p>\u2014 W dniu zagini\u0119cia ubrana by\u0142a w kurtk\u0119 koloru czarnego, spodnie dresowe koloru szarego lub czarnego, buty czarne sportowe. Zaginiona mia\u0142a przy sobie torb\u0119 sportow\u0105 i damsk\u0105 koloru czarnego \u2014 informuje asp. Ma\u0142gorzata G\u0119bczy\u0144ska z Komendy Rejonowej Policji Warszawa III.<\/p>\n\n\n\n<ul class=\"wp-block-list\">\n<li><\/li>\n<\/ul>\n\n\n\n<p>Mundurowi podaj\u0105 te\u017c rysopis poszukiwanej. Veronika Odnoralova ma 15 lat, ale \u2014 jak podaj\u0105 funkcjonariusze \u2014 mo\u017ce wygl\u0105da\u0107 na 18. Ma 160 cm wzrostu, d\u0142ugie (za ramiona) w\u0142osy blond, szczup\u0142\u0105 sylwetk\u0119, pe\u0142ne uz\u0119bienie, nos normalny, lekko zadarty.<\/p>\n\n\n\n<h2 class=\"wp-block-heading\" id=\"toc-policjanci-apeluja-o-pomoc\">Policjanci apeluj\u0105 o pomoc<\/h2>\n\n\n\n<p>Policjanci prosz\u0105 o kontakt wszystkie osoby, kt\u00f3re widzia\u0142y nastolatk\u0119 w ostatnich dniach, wiedz\u0105, gdzie mo\u017ce przebywa\u0107 albo maj\u0105 jakiekolwiek informacje na temat jej zagini\u0119cia. By je przekaza\u0107, mo\u017cna przyj\u015b\u0107 osobi\u015bcie do Komendy Rejonowej Policji Warszawa III przy ul. Opaczewskiej 8 albo zadzwoni\u0107 pod nr tel. 47 723 93 50, 47 723 93 51 b\u0105d\u017a 723 93 43.<\/p>\n\n\n\n<ul class=\"wp-block-list\">\n<li><\/li>\n<\/ul>\n\n\n\n<p>Mo\u017cna te\u017c skontaktowa\u0107 si\u0119 z najbli\u017csz\u0105 jednostk\u0105 policji lub zadzwoni\u0107 pod ca\u0142odobowe numery 112 i 997. Informacje na temat zaginionej 15-latkai mo\u017cna r\u00f3wnie\u017c przekazywa\u0107 na adres: oficer.prasowy.krp3@ksp.policja.gov.pl.<\/p>\n","protected":false},"excerpt":{"rendered":"Veronika ostatni raz widziana by\u0142a w pi\u0105tek, 16 stycznia br. Tego dnia, oko\u0142o godz. 14.30, wysz\u0142a ze swego miejsca zamieszkania przy ul. Wschodu \n<a class=\"moretag\" href=\"https:\/\/lifevery.biz.ua\/?p=719\"> [...]<\/a>","protected":false},"author":1,"featured_media":720,"comment_status":"open","ping_status":"open","sticky":false,"template":"","format":"standard","meta":{"footnotes":""},"categories":[1],"tags":[],"class_list":["post-719","post","type-post","status-publish","format-standard","has-post-thumbnail","hentry","category-blog"],"_links":{"self":[{"href":"https:\/\/lifevery.biz.ua\/index.php?rest_route=\/wp\/v2\/posts\/719","targetHints":{"allow":["GET"]}}],"collection":[{"href":"https:\/\/lifevery.biz.ua\/index.php?rest_route=\/wp\/v2\/posts"}],"about":[{"href":"https:\/\/lifevery.biz.ua\/index.php?rest_route=\/wp\/v2\/types\/post"}],"author":[{"embeddable":true,"href":"https:\/\/lifevery.biz.ua\/index.php?rest_route=\/wp\/v2\/users\/1"}],"replies":[{"embeddable":true,"href":"https:\/\/lifevery.biz.ua\/index.php?rest_route=%2Fwp%2Fv2%2Fcomments&post=719"}],"version-history":[{"count":1,"href":"https:\/\/lifevery.biz.ua\/index.php?rest_route=\/wp\/v2\/posts\/719\/revisions"}],"predecessor-version":[{"id":721,"href":"https:\/\/lifevery.biz.ua\/index.php?rest_route=\/wp\/v2\/posts\/719\/revisions\/721"}],"wp:featuredmedia":[{"embeddable":true,"href":"https:\/\/lifevery.biz.ua\/index.php?rest_route=\/wp\/v2\/media\/720"}],"wp:attachment":[{"href":"https:\/\/lifevery.biz.ua\/index.php?rest_route=%2Fwp%2Fv2%2Fmedia&parent=719"}],"wp:term":[{"taxonomy":"category","embeddable":true,"href":"https:\/\/lifevery.biz.ua\/index.php?rest_route=%2Fwp%2Fv2%2Fcategories&post=719"},{"taxonomy":"post_tag","embeddable":true,"href":"https:\/\/lifevery.biz.ua\/index.php?rest_route=%2Fwp%2Fv2%2Ftags&post=719"}],"curies":[{"name":"wp","href":"https:\/\/api.w.org\/{rel}","templated":true}]}}