{"id":7176,"date":"2026-03-30T08:03:07","date_gmt":"2026-03-30T08:03:07","guid":{"rendered":"https:\/\/lifevery.biz.ua\/?p=7176"},"modified":"2026-03-30T08:03:07","modified_gmt":"2026-03-30T08:03:07","slug":"ostatnie-pozegnanie-strazaka-ktory-zginal-w-poznaniu-tlumy-zegnaja-bohatera-2","status":"publish","type":"post","link":"https:\/\/lifevery.biz.ua\/?p=7176","title":{"rendered":"Ostatnie po\u017cegnanie stra\u017caka, kt\u00f3ry zgin\u0105\u0142 w Poznaniu. T\u0142umy \u017cegnaj\u0105 bohatera"},"content":{"rendered":"\n<p>W pi\u0105tek 30 sierpnia w Poznaniu odby\u0142y si\u0119 uroczysto\u015bci pogrzebowe st. ogn. Patryka Michalskiego, kt\u00f3ry zgin\u0105\u0142 tragicznie podczas akcji ratowniczej po wybuchu w kamienicy przy ulicy Kraszewskiego w dzielnicy Je\u017cyce. Uroczysto\u015bci mia\u0142y charakter pa\u0144stwowy, a na ostatnie po\u017cegnanie stra\u017caka przybyli nie tylko jego najbli\u017csi, ale tak\u017ce t\u0142umy mieszka\u0144c\u00f3w, koledzy z pracy oraz przedstawiciele w\u0142adz lokalnych i pa\u0144stwowych.<\/p>\n\n\n\n<p>Bohaterska s\u0142u\u017cba zako\u0144czona tragicznie<br>Patryk Michalski mia\u0142 34 lata i od kilkunastu lat z oddaniem s\u0142u\u017cy\u0142 w stra\u017cy po\u017carnej. Jego kariera rozpocz\u0119\u0142a si\u0119 1 lutego 2012 roku w Komendzie Miejskiej Pa\u0144stwowej Stra\u017cy Po\u017carnej we W\u0142oc\u0142awku, gdzie pracowa\u0142 na stanowisku sta\u017cysty. W 2017 roku, na w\u0142asn\u0105 pro\u015bb\u0119, zosta\u0142 przeniesiony do Komendy Miejskiej PSP w Poznaniu, gdzie s\u0142u\u017cy\u0142 do ko\u0144ca swoich dni.<\/p>\n\n\n\n<p>Michalski by\u0142 stra\u017cakiem z pasj\u0105, stale podnosz\u0105cym swoje kwalifikacje zawodowe. Uko\u0144czy\u0142 liczne szkolenia, m.in. z zakresu ratownictwa wodno-nurkowego, patofizjologii nurkowania oraz kierowania pracami podwodnymi. By\u0142 r\u00f3wnie\u017c nurkiem MSWIA w Specjalistycznej Grupie Ratownictwa Wodno-Nurkowego. Jego umiej\u0119tno\u015bci i do\u015bwiadczenie ratownicze przyda\u0142y si\u0119 podczas wielu akcji, w tym tej najbardziej pami\u0119tnej w marcu 2022 roku, gdy podczas katastrofy lotniczej w K\u0142ecku wydoby\u0142 pilota zakleszczonego we wraku samolotu znajduj\u0105cego si\u0119 pod powierzchni\u0105 wody.<\/p>\n\n\n\n<p>Tragiczny wybuch w Poznaniu<br>W nocy z 24 na 25 sierpnia 2024 roku Patryk Michalski, razem z drugim stra\u017cakiem \u0141ukaszem W\u0142odarczykiem, jako pierwsi dotarli na miejsce po\u017caru kamienicy przy ulicy Kraszewskiego w Poznaniu. Zgodnie z procedurami, starali si\u0119 zlokalizowa\u0107 \u017ar\u00f3d\u0142o po\u017caru. Niestety, w trakcie akcji dosz\u0142o do niespodziewanego wybuchu, kt\u00f3ry odci\u0105\u0142 im drog\u0119 ucieczki. Ogie\u0144 i gruz okaza\u0142y si\u0119 \u015bmiertelne dla obu stra\u017cak\u00f3w, kt\u00f3rzy do ko\u0144ca walczyli o \u017cycie innych.<\/p>\n\n\n\n<p>W wyniku wybuchu i po\u017caru zgin\u0119\u0142o dw\u00f3ch stra\u017cak\u00f3w, a 11 zosta\u0142o rannych. W szpitalach znalaz\u0142y si\u0119 tak\u017ce trzy osoby cywilne, z kt\u00f3rych jedna, z poparzeniami na 60-70% cia\u0142a, walczy o \u017cycie. Dramatyczne wydarzenia tej nocy wstrz\u0105sn\u0119\u0142y ca\u0142\u0105 spo\u0142eczno\u015bci\u0105, a akcja ratownicza sta\u0142a si\u0119 symbolem po\u015bwi\u0119cenia i odwagi stra\u017cak\u00f3w.<br><\/p>\n\n\n\n<p>Uroczysto\u015bci pogrzebowe<br>Pogrzeb st. ogn. Patryka Michalskiego rozpocz\u0105\u0142 si\u0119 o godzinie 11:00 w pozna\u0144skiej katedrze &#8211; na zewn\u0105trz zgromadzi\u0142y si\u0119 t\u0142umy, by odda\u0107 ho\u0142d zmar\u0142emu bohaterowi. Uroczysto\u015bci mia\u0142y charakter pa\u0144stwowy, co podkre\u015bla\u0142o wag\u0119 tego wydarzenia. Trumna z cia\u0142em stra\u017caka by\u0142a przykryta bia\u0142o-czerwon\u0105 flag\u0105, a obok niej ustawiono jego zdj\u0119cie w mundurze &#8211; symbolu jego codziennej pracy i po\u015bwi\u0119cenia.<\/p>\n\n\n\n<p>Przed rozpocz\u0119ciem mszy pogrzebowej przypomniano \u017cyciorys zmar\u0142ego, podkre\u015blaj\u0105c jego heroizm i niezwyk\u0142e oddanie s\u0142u\u017cbie. W trakcie ceremonii matce zmar\u0142ego wr\u0119czono Krzy\u017c za Dzielno\u015b\u0107 przyznany przez prezydenta Andrzeja Dud\u0119 oraz z\u0142ot\u0105 odznak\u0119 zas\u0142u\u017conego dla po\u017carnictwa. Patryk Michalski zosta\u0142 r\u00f3wnie\u017c po\u015bmiertnie awansowany do stopnia starszego ogniomistrza.<\/p>\n\n\n\n<p>Oko\u0142o godziny 13:00 kondukt \u017ca\u0142obny wyruszy\u0142 z katedry na cmentarz Mi\u0142ostowo. Przejazd zabezpiecza\u0142y pozna\u0144ska policja i stra\u017c po\u017carna, a na trasie przejazdu zebra\u0142y si\u0119 kolejne grupy ludzi, by odda\u0107 ho\u0142d tragicznie zmar\u0142emu stra\u017cakowi.<\/p>\n\n\n\n<p>\u017bycie po\u015bwi\u0119cone s\u0142u\u017cbie<br>Patryk Michalski by\u0142 nie tylko stra\u017cakiem, ale tak\u017ce synem, bratem i narzeczonym. Pozostawi\u0142 po sobie pogr\u0105\u017con\u0105 w \u017ca\u0142obie rodzin\u0119 i ukochan\u0105, kt\u00f3ra razem z jego bliskimi musia\u0142a zmierzy\u0107 si\u0119 z niewyobra\u017caln\u0105 strat\u0105. Jego koledzy z pracy, z kt\u00f3rymi dzieli\u0142 trudne chwile podczas akcji ratowniczych, wspominaj\u0105 go jako cz\u0142owieka oddanego, pe\u0142nego pasji i gotowego do po\u015bwi\u0119ce\u0144.<\/p>\n\n\n\n<p>\u015amier\u0107 Patryka Michalskiego jest ogromn\u0105 strat\u0105 nie tylko dla jego rodziny i bliskich, ale tak\u017ce dla ca\u0142ej spo\u0142eczno\u015bci stra\u017cackiej. Jego postawa, pe\u0142na odwagi i ofiarno\u015bci, na zawsze pozostanie w pami\u0119ci tych, kt\u00f3rzy mieli zaszczyt go zna\u0107 i pracowa\u0107 z nim. Patryk Michalski to prawdziwy bohater, kt\u00f3ry do ko\u0144ca walczy\u0142 o \u017cycie innych, p\u0142ac\u0105c za to najwy\u017csz\u0105 cen\u0119.<br><\/p>\n","protected":false},"excerpt":{"rendered":"W pi\u0105tek 30 sierpnia w Poznaniu odby\u0142y si\u0119 uroczysto\u015bci pogrzebowe st. ogn. Patryka Michalskiego, kt\u00f3ry zgin\u0105\u0142 tragicznie podczas akcji ratowniczej po wybuchu w \n<a class=\"moretag\" href=\"https:\/\/lifevery.biz.ua\/?p=7176\"> [...]<\/a>","protected":false},"author":1,"featured_media":7177,"comment_status":"open","ping_status":"open","sticky":false,"template":"","format":"standard","meta":{"footnotes":""},"categories":[1],"tags":[],"class_list":["post-7176","post","type-post","status-publish","format-standard","has-post-thumbnail","hentry","category-blog"],"_links":{"self":[{"href":"https:\/\/lifevery.biz.ua\/index.php?rest_route=\/wp\/v2\/posts\/7176","targetHints":{"allow":["GET"]}}],"collection":[{"href":"https:\/\/lifevery.biz.ua\/index.php?rest_route=\/wp\/v2\/posts"}],"about":[{"href":"https:\/\/lifevery.biz.ua\/index.php?rest_route=\/wp\/v2\/types\/post"}],"author":[{"embeddable":true,"href":"https:\/\/lifevery.biz.ua\/index.php?rest_route=\/wp\/v2\/users\/1"}],"replies":[{"embeddable":true,"href":"https:\/\/lifevery.biz.ua\/index.php?rest_route=%2Fwp%2Fv2%2Fcomments&post=7176"}],"version-history":[{"count":1,"href":"https:\/\/lifevery.biz.ua\/index.php?rest_route=\/wp\/v2\/posts\/7176\/revisions"}],"predecessor-version":[{"id":7178,"href":"https:\/\/lifevery.biz.ua\/index.php?rest_route=\/wp\/v2\/posts\/7176\/revisions\/7178"}],"wp:featuredmedia":[{"embeddable":true,"href":"https:\/\/lifevery.biz.ua\/index.php?rest_route=\/wp\/v2\/media\/7177"}],"wp:attachment":[{"href":"https:\/\/lifevery.biz.ua\/index.php?rest_route=%2Fwp%2Fv2%2Fmedia&parent=7176"}],"wp:term":[{"taxonomy":"category","embeddable":true,"href":"https:\/\/lifevery.biz.ua\/index.php?rest_route=%2Fwp%2Fv2%2Fcategories&post=7176"},{"taxonomy":"post_tag","embeddable":true,"href":"https:\/\/lifevery.biz.ua\/index.php?rest_route=%2Fwp%2Fv2%2Ftags&post=7176"}],"curies":[{"name":"wp","href":"https:\/\/api.w.org\/{rel}","templated":true}]}}