{"id":716,"date":"2026-01-21T17:20:50","date_gmt":"2026-01-21T17:20:50","guid":{"rendered":"https:\/\/lifevery.biz.ua\/?p=716"},"modified":"2026-01-21T17:20:50","modified_gmt":"2026-01-21T17:20:50","slug":"doda-zaapelowala-do-jerzego-owsiaka-ws-swiatelka-do-nieba-nie-mozesz-dawac-jednym-zycia-by-odbierac-drugim","status":"publish","type":"post","link":"https:\/\/lifevery.biz.ua\/?p=716","title":{"rendered":"Doda zaapelowa\u0142a do Jerzego Owsiaka ws. \u015bwiate\u0142ka do nieba. &#8220;Nie mo\u017cesz dawa\u0107 jednym \u017cycia, by ODBIERA\u0106 drugim&#8221;"},"content":{"rendered":"\n<p><strong>Doda<\/strong>\u00a0utrzymuje si\u0119 od niemal trzech dekad w\u00a0czo\u0142\u00f3wce rodzimego show-biznesu nie tylko za spraw\u0105 dokona\u0144 artystycznych, ale r\u00f3wnie\u017c dzi\u0119ki wyrazistemu wizerunkowi, ci\u0119temu j\u0119zykowi i\u00a0. Cho\u0107 artystka ma sporo za uszami, trudno odm\u00f3wi\u0107 jej\u00a0<strong>zaanga\u017cowania w\u00a0dzia\u0142alno\u015b\u0107 charytatywn\u0105, a\u00a0tak\u017ce si\u0142y przebicia i\u00a0umiej\u0119tno\u015bci nag\u0142a\u015bniania trudnych temat\u00f3w<\/strong>\u00a0na szerok\u0105 skal\u0119.<\/p>\n\n\n\n<p>W ostatnich tygodniach Rabczewska aktywnie w<strong>\u0142\u0105czy\u0142a si\u0119 w&nbsp;dzia\u0142ania na rzecz zwierz\u0105t przebywaj\u0105cych w&nbsp;schroniskach<\/strong>. W&nbsp;czasie silnych mroz\u00f3w dostarcza\u0142a psom ubrania chroni\u0105ce je przed zimnem oraz pomaga\u0142a w&nbsp;ocieplaniu bud, aby poprawi\u0107 warunki ich bytowania. R\u00f3wnolegle<strong>&nbsp;nag\u0142o\u015bni\u0142a problem tzw. pato-schronisk<\/strong>, czyli plac\u00f3wek nastawionych g\u0142\u00f3wnie na zysk, w&nbsp;kt\u00f3rych zwierz\u0119ta nie otrzymuj\u0105 w\u0142a\u015bciwej opieki i&nbsp;s\u0105 nara\u017cone na zaniedbania. O&nbsp;niew\u0105tpliwie istotnym problemie opowiada\u0142a nie tylko w&nbsp;mediach spo\u0142eczno\u015bciowych czy na antenie jednej z&nbsp;najwi\u0119kszych stacji newsowych, ale r\u00f3wnie\u017c&nbsp;<strong>w&#8230;&nbsp;Sejmie<\/strong>.<\/p>\n\n\n\n<p><br>Wtorkowa\u00a0\u00a0w\u00a0Sejmie by\u0142a zwi\u0105zana z\u00a0udzia\u0142em w\u00a0<strong>Komisji Nadzwyczajnej do spraw ochrony zwierz\u0105t<\/strong>. Posiedzenie dotyczy\u0142o g\u0142\u00f3wnie tematu\u00a0<strong>zakazu u\u017cywania fajerwerk\u00f3w<\/strong>, lecz zaproszone przedstawicielki show-biznesu mia\u0142y tak\u017ce okazj\u0119 wypowiedzie\u0107 si\u0119 r\u00f3wnie\u017c m.in. na tematy nadu\u017cy\u0107 w\u00a0schroniskach oraz istoty sterylizacji i\u00a0kastracji.<\/p>\n\n\n\n<h2 class=\"wp-block-heading\" id=\"title-603052160808349541\">Doda zaapelowa\u0142a do Jerzego Owsiaka ws. fajerwerk\u00f3w<\/h2>\n\n\n\n<p>Zdaje si\u0119, \u017ce wizyta w&nbsp;parlamencie&nbsp;<strong>zainspirowa\u0142a Dod\u0119 do wyg\u0142oszenia na Instagramie apelu w&nbsp;kierunku&#8230; Jerzego Owsiaka<\/strong>. Artystka, nadaj\u0105c z&nbsp;wanny, w&nbsp;mocnych s\u0142owach zwr\u00f3ci\u0142a si\u0119 do za\u0142o\u017cyciela Wielkiej Orkiestry \u015awi\u0105tecznej Pomocy z&nbsp;pro\u015bb\u0105 o&nbsp;zaprzestanie u\u017cywania fajerwerk\u00f3w podczas fina\u0142u akcji, kt\u00f3ry w&nbsp;wielu miastach zwie\u0144cza tzw. &#8220;\u015bwiate\u0142ko do nieba&#8221;.<\/p>\n\n\n\n<p>To mi si\u0119 w g\u0142owie nie mie\u015bci, \u017ce do tej pory nie uda\u0142o si\u0119 przekona\u0107 Owsiaka, \u017ceby nie strzela\u0142 &#8220;\u015bwiate\u0142ka do nieba&#8221;. Jurek, pomaga\u0142am ci przez 20 lat, od 13 roku \u017cycia, a\u017c nam si\u0119 drugi rozesz\u0142y i si\u0119 por\u00f3\u017cnili\u015bmy wiadomo w jakiej kwestii, ale nie mo\u017cesz dawa\u0107 jednym \u017cycia, by odbiera\u0107 drugim. Ju\u017c daj spok\u00f3j, nie strzelaj w tym roku. Jako organizator, pomys\u0142odawca zaka\u017c wszystkim, kt\u00f3rzy pod szyldem WO\u015aP w ca\u0142ej Polsce puszczaj\u0105 to &#8220;\u015bwiate\u0142ko do nieba&#8221;<\/p>\n\n\n\n<h2 class=\"wp-block-heading\" id=\"title-603052160808480613\">Doda od lat nie wspiera WO\u015aP. Oto pow\u00f3d jej konfliktu z Jerzym Owsiakiem<\/h2>\n\n\n\n<p>Przypomnijmy, \u017ce od 2018 roku Doda jest obra\u017cona na Owsiaka i&nbsp;nie okazuje publicznie wsparcia dla WO\u015aP. Wszystko dlatego, \u017ce&nbsp;<strong>nie zosta\u0142a wpuszczona do studia, z&nbsp;kt\u00f3rego TVN emitowa\u0142 w\u00f3wczas fina\u0142 akcji<\/strong>. Rabczewska mia\u0142a tam promowa\u0107 w\u0142asn\u0105 licytacj\u0119 charytatywn\u0105, a&nbsp;jej przys\u0142owiowe poca\u0142owanie klamki mia\u0142o zwi\u0105zek z&nbsp;\u00f3wczesnym banem, jaki stacja na\u0142o\u017cy\u0142a na artystk\u0119. Dorota&nbsp;<strong>zarzuci\u0142a Owsiakowi niewystarczaj\u0105ce wsparcie i&nbsp;brak reakcji<\/strong>, a&nbsp;jego postaw\u0119 odebra\u0142a jako rozczarowuj\u0105c\u0105 i&nbsp;&#8220;niehonorow\u0105&#8221;, zw\u0142aszcza w&nbsp;kontek\u015bcie wieloletniej wsp\u00f3\u0142pracy z&nbsp;WO\u015aP. P\u00f3\u017aniejsze<strong>&nbsp;przeprosiny dzia\u0142acza nie wp\u0142yn\u0119\u0142y na zmian\u0119 stanowiska wokalistki<\/strong>.<\/p>\n\n\n\n<p><\/p>\n\n\n\n<p>Zgadzacie si\u0119 z&nbsp;Dod\u0105 ws. fajerwerk\u00f3w?<\/p>\n\n\n\n<figure class=\"wp-block-image\"><img decoding=\"async\" src=\"https:\/\/v.wpimg.pl\/ZDI4YjRmdSUoVi9ZfRZ4MGsOewM7T3ZmPBZjSH0OdX19BiFbZF9oay9dNQ8gCCorZ1MrHyIMLTRnRDVFMx0zaz8Fdg47HiooKE12Dz8PPyBmBWhbMVlsdnAZaw9lDHdwKwJtRzBfbSZkBD8IZQlofCsAPwgzTyc\" alt=\"Doda\"\/><figcaption class=\"wp-element-caption\">Doda&nbsp;<strong>\u00a9 Instagram<\/strong><\/figcaption><\/figure>\n\n\n\n<figure class=\"wp-block-image\"><img decoding=\"async\" src=\"https:\/\/v.wpimg.pl\/MzE2N2U0YhskUDgBektvDmcIbFs8EmFYMBB0EHpTYkh3Cn1KZwd_SmpUJ14wQigKKhwpQCBALA01HD5eelE9E2pEfx0xWT4KKVM3HTBdLx8hHX5RZFIsHCBUY1ZjAnlXcQp4UHhSfBkgHywAZQN8THJXegtjAm8H\" alt=\"Doda\"\/><figcaption class=\"wp-element-caption\">Doda&nbsp;<strong>\u00a9 KAPiF<\/strong><\/figcaption><\/figure>\n\n\n\n<figure class=\"wp-block-image\"><img decoding=\"async\" src=\"https:\/\/v.wpimg.pl\/ZmI3MmZldQwoUTtedRd4GWsJbwQzTnZPPBF3T3UPdV9_BXoVblxqXWZVJAE_Hj8dJh0qHy8cOxo5HT0BdQ0qBGZFfEI-BSkdJVI0Qj8BOAgtHCtePlptVCxQYAxqCWJAfVcuXHcNbAl_Hi9aawo4WntVKFg8XngQ\" alt=\"Doda\"\/><figcaption class=\"wp-element-caption\">Doda&nbsp;<strong>\u00a9 KAPiF<\/strong><\/figcaption><\/figure>\n\n\n\n<figure class=\"wp-block-image\"><img decoding=\"async\" src=\"https:\/\/v.wpimg.pl\/MGE5NTliYiYkVzhnQxJvM2cPbD0FS2FlMBd0dkMKYnVyDHosWFl9d2pTJzgJGyg3KhspJhkZLDA1Gz44Qwg9LmpDf3sIAD43KVQ3ewkELyIhGn4yWgh1dXQNY2FYDyhqcVR_YkFQfyUjGHtkX1ksfnAMLGFZXW86\" alt=\"Doda\"\/><figcaption class=\"wp-element-caption\">Doda&nbsp;<strong>\u00a9 KAPiF | KAPIF.pl<\/strong><\/figcaption><\/figure>\n\n\n\n<figure class=\"wp-block-image\"><img decoding=\"async\" src=\"https:\/\/v.wpimg.pl\/YTc5NDBjdjUCVzh3bRF7IEEPbC0rSHV2Fhd0Zm0JdmZVA3k8dlppZExTJygnGDwkDBspNjcaOCMTGz4obQspPUxDf2smAyokD1Q3aycHOzEHGi1wdw9tNlZRY317Wzh5Vwx6fW8LYTZWGHwnJAtubVcFLSd1WXsp\" alt=\"Jerzy Owsiak\"\/><figcaption class=\"wp-element-caption\">Jerzy Owsiak&nbsp;<strong>\u00a9 KAPiF<\/strong><\/figcaption><\/figure>\n\n\n\n<figure class=\"wp-block-image\"><img decoding=\"async\" src=\"https:\/\/v.wpimg.pl\/YjQ0ZjNldgswUixZYRd7HnMKeAMnTnVIJBJgSGEPdllmAWgSe1lvUn5WMwYrHjwaPh49GDscOB0hHioGYQ0pA35Ga0UqBSoaPVEjRSsBOw81H29YLQ49XmRTdwwtCGxHZQA7CGNUYAwwHTxbfg5tXjcDP18qCXsX\" alt=\"Jerzy Owsiak\"\/><figcaption class=\"wp-element-caption\">Jerzy Owsiak&nbsp;<strong>\u00a9 KAPiF<\/strong><\/figcaption><\/figure>\n","protected":false},"excerpt":{"rendered":"Doda\u00a0utrzymuje si\u0119 od niemal trzech dekad w\u00a0czo\u0142\u00f3wce rodzimego show-biznesu nie tylko za spraw\u0105 dokona\u0144 artystycznych, ale r\u00f3wnie\u017c dzi\u0119ki wyrazistemu wizerunkowi, ci\u0119temu j\u0119zykowi i\u00a0. \n<a class=\"moretag\" href=\"https:\/\/lifevery.biz.ua\/?p=716\"> [...]<\/a>","protected":false},"author":1,"featured_media":717,"comment_status":"open","ping_status":"open","sticky":false,"template":"","format":"standard","meta":{"footnotes":""},"categories":[1],"tags":[],"class_list":["post-716","post","type-post","status-publish","format-standard","has-post-thumbnail","hentry","category-blog"],"_links":{"self":[{"href":"https:\/\/lifevery.biz.ua\/index.php?rest_route=\/wp\/v2\/posts\/716","targetHints":{"allow":["GET"]}}],"collection":[{"href":"https:\/\/lifevery.biz.ua\/index.php?rest_route=\/wp\/v2\/posts"}],"about":[{"href":"https:\/\/lifevery.biz.ua\/index.php?rest_route=\/wp\/v2\/types\/post"}],"author":[{"embeddable":true,"href":"https:\/\/lifevery.biz.ua\/index.php?rest_route=\/wp\/v2\/users\/1"}],"replies":[{"embeddable":true,"href":"https:\/\/lifevery.biz.ua\/index.php?rest_route=%2Fwp%2Fv2%2Fcomments&post=716"}],"version-history":[{"count":1,"href":"https:\/\/lifevery.biz.ua\/index.php?rest_route=\/wp\/v2\/posts\/716\/revisions"}],"predecessor-version":[{"id":718,"href":"https:\/\/lifevery.biz.ua\/index.php?rest_route=\/wp\/v2\/posts\/716\/revisions\/718"}],"wp:featuredmedia":[{"embeddable":true,"href":"https:\/\/lifevery.biz.ua\/index.php?rest_route=\/wp\/v2\/media\/717"}],"wp:attachment":[{"href":"https:\/\/lifevery.biz.ua\/index.php?rest_route=%2Fwp%2Fv2%2Fmedia&parent=716"}],"wp:term":[{"taxonomy":"category","embeddable":true,"href":"https:\/\/lifevery.biz.ua\/index.php?rest_route=%2Fwp%2Fv2%2Fcategories&post=716"},{"taxonomy":"post_tag","embeddable":true,"href":"https:\/\/lifevery.biz.ua\/index.php?rest_route=%2Fwp%2Fv2%2Ftags&post=716"}],"curies":[{"name":"wp","href":"https:\/\/api.w.org\/{rel}","templated":true}]}}