{"id":713,"date":"2026-01-21T17:16:09","date_gmt":"2026-01-21T17:16:09","guid":{"rendered":"https:\/\/lifevery.biz.ua\/?p=713"},"modified":"2026-01-21T17:16:09","modified_gmt":"2026-01-21T17:16:09","slug":"anita-i-adrian-ze-sopw-wydali-prawie-cwierc-miliona-zl-na-sprzet-medyczny-przesylka-zaginela-w-transporcie-przeciez-to-nie-jest-para-butow","status":"publish","type":"post","link":"https:\/\/lifevery.biz.ua\/?p=713","title":{"rendered":"Anita i Adrian ze &#8220;\u015aOPW&#8221; wydali prawie \u0106WIER\u0106 MILIONA z\u0142 na sprz\u0119t medyczny. Przesy\u0142ka ZAGIN\u0118\u0141A w transporcie: &#8220;Przecie\u017c to nie jest para but\u00f3w&#8221;"},"content":{"rendered":"\n<p>Blisko 5\u00a0miesi\u0119cy temu zacz\u0119\u0142y do nas dociera\u0107 pierwsze informacje o\u00a0chorobie neurologicznej\u00a0<strong>Adriana Szymaniaka<\/strong>, jednego z\u00a0najbardziej lubianych uczestnik\u00f3w\u00a0kt\u00f3ry w\u00a0odr\u00f3\u017cnieniu od zdecydowanej wi\u0119kszo\u015bci uczestnik\u00f3w u\u0142o\u017cy\u0142 sobie \u017cycie z\u00a0poznan\u0105 w\u00a0programie \u017con\u0105. To w\u0142a\u015bnie ona okaza\u0142a si\u0119 jego najwi\u0119kszym wsparciem w\u00a0momencie us\u0142yszenia wstrz\u0105saj\u0105cej diagnozy lekarskiej. M\u0119\u017cczyzna wytrwale walczy z\u00a0glejakiem IV stopnia na oczach ca\u0142ej Polski.<\/p>\n\n\n\n<p><\/p>\n\n\n\n<p>W obliczu sceptycznych komentarzy w\u00a0sprawie finansowania leczenia, na kt\u00f3re uruchomiono zbi\u00f3rk\u0119 internetow\u0105,\u00a0<strong>Anita Szyd\u0142owska<\/strong>\u00a0 Nie to jednak w\u00a0tym momencie najbardziej zaprz\u0105ta jej g\u0142ow\u0119. Nieustannie dr\u017cy o\u00a0stan zdrowia m\u0119\u017ca, u\u00a0kt\u00f3rego niestety\u00a0. Jakby problem\u00f3w by\u0142o ma\u0142o, okaza\u0142o si\u0119, \u017ce profesjonalny sprz\u0119t medyczny, kt\u00f3ry mia\u0142 do nich dotrze\u0107,\u00a0<strong>zagin\u0105\u0142 w\u00a0transporcie<\/strong>.<\/p>\n\n\n\n<h2 class=\"wp-block-heading\" id=\"title-603056285906661221\"><br>Anita Szyd\u0142owska opowiedzia\u0142a o kolejnych zmartwieniach<\/h2>\n\n\n\n<p>Na ten moment hojni internauci zasilili zbi\u00f3rk\u0119 \u0142\u0105czn\u0105 kwot\u0105 ponad&nbsp;<strong>2,3 mln z\u0142otych<\/strong>. Blisko 10 proc.&nbsp;tej sumy przeznaczone zosta\u0142o na zakup specjalistycznego urz\u0105dzenia wspomagaj\u0105cego terapi\u0119 nowotworow\u0105. Po up\u0142ywie kilku dni od zam\u00f3wienia pojawi\u0142y si\u0119 komplikacje z&nbsp;jego dostarczeniem. Anita Szyd\u0142owska napisa\u0142a na swoim profilu, \u017ce nikt nie wie, gdzie w&nbsp;tym momencie znajduje si\u0119 przesy\u0142ka.<\/p>\n\n\n\n<p>Czekali\u015bmy na bardzo wa\u017cn\u0105 przesy\u0142k\u0119 ze sprz\u0119tem Optune, tym, na kt\u00f3ry zbierali\u015bmy pieni\u0105dze, a dzi\u015b dostali\u015bmy wiadomo\u015b\u0107, \u017ce zosta\u0142 gdzie\u015b zagubiony&#8230; Jedne informacje, \u017ce gdzie\u015b w Holandii, inne, \u017ce gdzie\u015b w Polsce&#8230; Przecie\u017c to nie jest para but\u00f3w, tylko sprz\u0119t ratuj\u0105cy \u017cycie za 240 tysi\u0119cy! Miejmy nadziej\u0119, \u017ce jutro ju\u017c si\u0119 pojawi w systemie<\/p>\n\n\n\n<p><strong>&#8211; czytamy na jej InstaStory.<\/strong><\/p>\n\n\n\n<p>W tej samej wiadomo\u015bci kobieta wspomnia\u0142a, \u017ce tego feralnego dnia prze\u017cyli szok z&nbsp;m\u0119\u017cem podczas wieczornego seansu. Okaza\u0142o si\u0119, \u017ce wybrany przez nich film opowiada\u0142 o&nbsp;39-latku umieraj\u0105cym na glejaka. Anita doda\u0142a, \u017ce niezwykle trudno by\u0142o jej opanowa\u0107 emocje.<\/p>\n\n\n\n<p><strong>AKTUALIZACJA:<\/strong>&nbsp;Wyczekiwana przesy\u0142ka prawdopodobnie dzi\u015b dotrze do Adriana. Szyd\u0142owska przekaza\u0142a redakcji Plejady dobre wie\u015bci o&nbsp;otrzymanym powiadomieniu, \u017ce paczka jest ju\u017c w&nbsp;Polsce.<\/p>\n\n\n\n<p><\/p>\n\n\n\n<figure class=\"wp-block-image\"><img decoding=\"async\" src=\"https:\/\/v.wpimg.pl\/NjY1Yjk0YQs4Uy9ZREtsHnsLewMCEmJILBNjSERTYV1rASFbWQh-RT9YNQ8ZVT4Fd1YrHxtRORp3QTVFCkAnRS8Adg4CQz4GOEh2DwZSKw52UGhaCgQrWTgcOFsJBGNeawdhR1NTfA90U2lYXQZ4XzsIbV9TEjM\" alt=\"Anita Szyd\u0142owska podzieli\u0142a si\u0119 przykrymi informacjami\"\/><figcaption class=\"wp-element-caption\">Anita Szyd\u0142owska podzieli\u0142a si\u0119 przykrymi informacjami&nbsp;<strong>\u00a9 Instagram<\/strong><\/figcaption><\/figure>\n\n\n\n<figure class=\"wp-block-image\"><img decoding=\"async\" src=\"https:\/\/v.wpimg.pl\/ZTE0MGUydTUkUjt0egJ4IGcKby48W3Z2MBJ3ZXoadWV1CH0_ZE1uZGpWJCswCz8kKh4qNSAJOyM1Hj0rehgqPWpGfGgxECkkKVE0aDAUODEhHyl_ZRpvMnYBYHNnT2J5cQJ8IngbPmInHS9-NxxrYHVVf3M0Gngp\" alt=\"Anita Szyd\u0142owska i Adrian Szymaniak\"\/><figcaption class=\"wp-element-caption\">Anita Szyd\u0142owska i Adrian Szymaniak&nbsp;<strong>\u00a9 Instagram<\/strong><\/figcaption><\/figure>\n\n\n\n<figure class=\"wp-block-image\"><img decoding=\"async\" src=\"https:\/\/v.wpimg.pl\/MTdkNzQ2YjUFCThJfklvIEZRbBM4EGF2EUl0WH5RYmVUU34CYAZ5ZEsNJxY0QCgkC0UpCCRCLCMURT4WflM9PUsdf1U1Wz4kCAo3VTRfLzEARH4YMwd-NlxaY0k1AH95UFx4Q3wLKG0HRnxIYwN6MFNfeEJkC28p\" alt=\"Anita Szyd\u0142owska i Adrian Szymaniak\"\/><figcaption class=\"wp-element-caption\">Anita Szyd\u0142owska i Adrian Szymaniak&nbsp;<strong>\u00a9 Instagram<\/strong><\/figcaption><\/figure>\n\n\n\n<figure class=\"wp-block-image\"><img decoding=\"async\" src=\"https:\/\/v.wpimg.pl\/ZDMwYmJhdSUsFS9eZRN4MG9NewQjSnZmOFVjT2ULdXV9T2kVe1xpfWIRMAEvGj80Ilk-Hz8YOzM9WSkBZQkqLWIBaEIuASk0IRYgQi8FOCEpWGlfeA5qJ3hDdF0oXWxpeU47C2dQaSJ5WjhVfQxpdC8VOF97UXg5\" alt=\"Adrian Szymaniak\"\/><figcaption class=\"wp-element-caption\">Adrian Szymaniak&nbsp;<strong>\u00a9 Instagram<\/strong><\/figcaption><\/figure>\n\n\n\n<figure class=\"wp-block-image\"><img decoding=\"async\" src=\"https:\/\/v.wpimg.pl\/YjhlMmU4dgsJDjteek97HkpWbwQ8FnVIHU53T3pXdltYVH0VZABtWkcKJAEwRjwaB0IqHyBEOB0YQj0BelUpA0cafEIxXSoaBA00QjBZOw8MQ3hYZ1E_XV4JYAwwVzxHXF58W3gMbVNbQX8LYlZhD1oJdVRgVXsX\" alt=\"Anita Szyd\u0142owska\"\/><figcaption class=\"wp-element-caption\">Anita Szyd\u0142owska&nbsp;<strong>\u00a9 Instagram<\/strong><\/figcaption><\/figure>\n","protected":false},"excerpt":{"rendered":"Blisko 5\u00a0miesi\u0119cy temu zacz\u0119\u0142y do nas dociera\u0107 pierwsze informacje o\u00a0chorobie neurologicznej\u00a0Adriana Szymaniaka, jednego z\u00a0najbardziej lubianych uczestnik\u00f3w\u00a0kt\u00f3ry w\u00a0odr\u00f3\u017cnieniu od zdecydowanej wi\u0119kszo\u015bci uczestnik\u00f3w u\u0142o\u017cy\u0142 sobie \n<a class=\"moretag\" href=\"https:\/\/lifevery.biz.ua\/?p=713\"> [...]<\/a>","protected":false},"author":1,"featured_media":714,"comment_status":"open","ping_status":"open","sticky":false,"template":"","format":"standard","meta":{"footnotes":""},"categories":[1],"tags":[],"class_list":["post-713","post","type-post","status-publish","format-standard","has-post-thumbnail","hentry","category-blog"],"_links":{"self":[{"href":"https:\/\/lifevery.biz.ua\/index.php?rest_route=\/wp\/v2\/posts\/713","targetHints":{"allow":["GET"]}}],"collection":[{"href":"https:\/\/lifevery.biz.ua\/index.php?rest_route=\/wp\/v2\/posts"}],"about":[{"href":"https:\/\/lifevery.biz.ua\/index.php?rest_route=\/wp\/v2\/types\/post"}],"author":[{"embeddable":true,"href":"https:\/\/lifevery.biz.ua\/index.php?rest_route=\/wp\/v2\/users\/1"}],"replies":[{"embeddable":true,"href":"https:\/\/lifevery.biz.ua\/index.php?rest_route=%2Fwp%2Fv2%2Fcomments&post=713"}],"version-history":[{"count":1,"href":"https:\/\/lifevery.biz.ua\/index.php?rest_route=\/wp\/v2\/posts\/713\/revisions"}],"predecessor-version":[{"id":715,"href":"https:\/\/lifevery.biz.ua\/index.php?rest_route=\/wp\/v2\/posts\/713\/revisions\/715"}],"wp:featuredmedia":[{"embeddable":true,"href":"https:\/\/lifevery.biz.ua\/index.php?rest_route=\/wp\/v2\/media\/714"}],"wp:attachment":[{"href":"https:\/\/lifevery.biz.ua\/index.php?rest_route=%2Fwp%2Fv2%2Fmedia&parent=713"}],"wp:term":[{"taxonomy":"category","embeddable":true,"href":"https:\/\/lifevery.biz.ua\/index.php?rest_route=%2Fwp%2Fv2%2Fcategories&post=713"},{"taxonomy":"post_tag","embeddable":true,"href":"https:\/\/lifevery.biz.ua\/index.php?rest_route=%2Fwp%2Fv2%2Ftags&post=713"}],"curies":[{"name":"wp","href":"https:\/\/api.w.org\/{rel}","templated":true}]}}