{"id":698,"date":"2026-01-21T16:52:33","date_gmt":"2026-01-21T16:52:33","guid":{"rendered":"https:\/\/lifevery.biz.ua\/?p=698"},"modified":"2026-01-21T16:52:33","modified_gmt":"2026-01-21T16:52:33","slug":"joanna-racewicz-eksponuje-miesnie-podczas-cwiczen-na-silowni-i-zapowiada-dopiero-sie-rozkrecam-i-nie-przestane-foto","status":"publish","type":"post","link":"https:\/\/lifevery.biz.ua\/?p=698","title":{"rendered":"Joanna Racewicz eksponuje mi\u0119\u015bnie podczas \u0107wicze\u0144 na si\u0142owni i zapowiada: &#8220;Dopiero si\u0119 rozkr\u0119cam. I nie przestan\u0119&#8221; (FOTO)"},"content":{"rendered":"\n<p>Joanna Racewicz przez lata pracowa\u0142a w najwi\u0119kszych stacjach telewizyjnych w kraju. Dzi\u015b nie pojawia si\u0119 ju\u017c na ekranie, ale spe\u0142nia si\u0119 w roli trenerki wyst\u0105pie\u0144 publicznych i jako autorka ksi\u0105\u017cek. Jest tak\u017ce aktywna w sieci, gdzie pokazuje kulisy pracy i odrobin\u0119 codzienno\u015bci. Od czasu do czasu chwali si\u0119 fotkami z nastoletnim synem.<\/p>\n\n\n\n<h2 class=\"wp-block-heading\" id=\"title-603082770973488239\">Joanna Racewicz nadaje z si\u0142owni<\/h2>\n\n\n\n<p>We wtorek Joanna Racewicz podzieli\u0142a si\u0119 w&nbsp;mediach spo\u0142eczno\u015bciowych kilkoma zdj\u0119ciami i&nbsp;nagraniami z&nbsp;si\u0142owni. Pokaza\u0142a, jak dba o&nbsp;form\u0119, a&nbsp;w&nbsp;opisie posta podzieli\u0142a si\u0119 swoimi przemy\u015bleniami na temat komentowania wygl\u0105du kobiet.<\/p>\n\n\n\n<p><strong><em>&#8220;Ma 52 lata i&nbsp;zachwyca form\u0105&#8221; czytam w&nbsp;jednym z&nbsp;portali. Dalej jest nawet lepiej: &#8220;Wci\u0105\u017c ma figur\u0119 nastolatki. I&nbsp;d\u017awiga ci\u0119\u017cary&#8221;. C\u00f3\u017c. Wybaczcie, kole\u017canki i&nbsp;koledzy &#8220;po fachu&#8221;, \u017ce w&nbsp;tak ohydnie podesz\u0142ym wieku wci\u0105\u017c chodz\u0119 o&nbsp;w\u0142asnych si\u0142ach i&nbsp;nie podpieram si\u0119 balkonikiem.&nbsp;<\/em><\/strong><em>Takie cuda, panie Janie jedyny. I&nbsp;jeszcze \u0107wicz\u0119. Przecie\u017c stare kobiety, \u017ceby nie powiedzie\u0107 baby- powinny dzierga\u0107 szaliki i&nbsp;bawi\u0107 wnuki, prawda? Niby mia\u0142o by\u0107 dobrze, a&nbsp;wysz\u0142o jak zawsze. Nawyk zawstydzania wiekiem i&nbsp;oceniania cia\u0142a kobiet ma si\u0119 ca\u0142kiem nie\u017ale. Wredne s\u0142owo na p. (tak, mam na my\u015bli patriarchat) hula po g\u0142owach, nawykach, wyobra\u017ceniach oraz oczekiwaniach. Jakby metryka definiowa\u0142a wygl\u0105d i&nbsp;ca\u0142\u0105 reszt\u0119<\/em>&nbsp;&#8211;&nbsp;zacz\u0119\u0142a wpis.<\/p>\n\n\n\n<p>Na zako\u0144czenie wpisu doda\u0142a kilka s\u0142\u00f3w na temat tego, jak z&nbsp;biegiem czasu zmieni\u0142o si\u0119 jej podej\u015bcie do postrzegania cia\u0142a. Zdradzi\u0142a, \u017ce maj\u0105c 30 lat, nie czu\u0142a si\u0119 dobrze.<\/p>\n\n\n\n<p><strong><em>Tak, kiedy\u015b wstydzi\u0142am si\u0119 swojego wieku. Z&nbsp;30-tk\u0105 na karku czu\u0142am si\u0119 jak staruszka. Teraz, z&nbsp;dwiema dekadami wi\u0119cej wiem, \u017ce dopiero si\u0119 rozkr\u0119cam. I&nbsp;nie przestan\u0119<\/em><\/strong>&nbsp;&#8211;&nbsp;napisa\u0142a.<\/p>\n\n\n\n<p>Jest moc?<\/p>\n\n\n\n<p><\/p>\n\n\n\n<figure class=\"wp-block-image\"><img decoding=\"async\" src=\"https:\/\/v.wpimg.pl\/YTQyNmY5djUwGzhedk57IHNDbAQwF3V2JFt0T3ZWdmVgT3YVaABuZX4fJwE8RzwkPlcpHyxFOCMhVz4BdlQpPX4Pf0I9XCokPRg3QjxYOzE1Vn5ZOlA9NWQaY184DDh5ZUp4XXRXbjFiVC9aa1RtZmcfd1g7BXsp\" alt=\"Joanna Racewicz nadaje z si\u0142owni \"\/><figcaption class=\"wp-element-caption\">Joanna Racewicz nadaje z si\u0142owni&nbsp;<strong>\u00a9 Instagram<\/strong><\/figcaption><\/figure>\n\n\n\n<figure class=\"wp-block-image\"><img decoding=\"async\" src=\"https:\/\/v.wpimg.pl\/MjhhZDM2YgsJCix3YklvHkpSeC0kEGFIHUpgZmJRYltZXmo8fAd-XEcOMygoQCgaB0Y9NjhCLB0YRiooYlM9A0cea2spWz4aBAkjayhfLw8MRzh1fgt0WV5dd3d-AytHXAtidWBQLFIMRTkgeAB1CwxbbHAsV28X\" alt=\"Joanna Racewicz nadaje z si\u0142owni \"\/><figcaption class=\"wp-element-caption\">Joanna Racewicz nadaje z si\u0142owni&nbsp;<strong>\u00a9 Instagram<\/strong><\/figcaption><\/figure>\n\n\n\n<figure class=\"wp-block-image\"><img decoding=\"async\" src=\"https:\/\/v.wpimg.pl\/YzIxMjczdhsoGjtZTAF7DmtCbwMKWHVYPFp3SEwZdkt4TX0SUk9rTGYeJAYGCDwKJlYqGBYKOA05Vj0GTBspE2YOfEUHEyoKJRk0RQYXOx8tV31YBhg4GHsbYFNTTmpXfU0sU05DOktxVXRZWhlrS3tPflhbHnsH\" alt=\"Joanna Racewicz nadaje z si\u0142owni \"\/><figcaption class=\"wp-element-caption\">Joanna Racewicz nadaje z si\u0142owni&nbsp;<strong>\u00a9 Instagram<\/strong><\/figcaption><\/figure>\n\n\n\n<figure class=\"wp-block-image\"><img decoding=\"async\" src=\"https:\/\/v.wpimg.pl\/ZmZjMmI2dQw7CDteZkl4GXhQbwQgEHZPL0h3T2ZRdVxrWX8VeAdpWHUMJAEsQD8dNUQqHzxCOxoqRD0BZlMqBHUcfEItWykdNgs0QixfOAg-RXsMLwM5WWhcYForV2JAblp6W2QLb19qR3RbfFQ8DmgIe1stU3gQ\" alt=\"Joanna Racewicz nadaje z si\u0142owni \"\/><figcaption class=\"wp-element-caption\">Joanna Racewicz nadaje z si\u0142owni&nbsp;<strong>\u00a9 Instagram<\/strong><\/figcaption><\/figure>\n\n\n\n<figure class=\"wp-block-image\"><img decoding=\"async\" src=\"https:\/\/v.wpimg.pl\/MjkwYjNiYgsKFS9ZYRJvHklNewMnS2FIHlVjSGEKYltYRGoSfFl9WkQRMAYrGygaBFk-GDsZLB0bWSkGYQg9A0QBaEUqAD4aBxYgRSsELw8PWGxfKgp_XAoTdF9-Dy5HXxJrD2MLfV5YWjhYd1t0WglEO18qX28X\" alt=\"Joanna Racewicz\"\/><figcaption class=\"wp-element-caption\">Joanna Racewicz&nbsp;<strong>\u00a9 AKPA<\/strong><\/figcaption><\/figure>\n","protected":false},"excerpt":{"rendered":"Joanna Racewicz przez lata pracowa\u0142a w najwi\u0119kszych stacjach telewizyjnych w kraju. Dzi\u015b nie pojawia si\u0119 ju\u017c na ekranie, ale spe\u0142nia si\u0119 w roli \n<a class=\"moretag\" href=\"https:\/\/lifevery.biz.ua\/?p=698\"> [...]<\/a>","protected":false},"author":1,"featured_media":699,"comment_status":"open","ping_status":"open","sticky":false,"template":"","format":"standard","meta":{"footnotes":""},"categories":[1],"tags":[],"class_list":["post-698","post","type-post","status-publish","format-standard","has-post-thumbnail","hentry","category-blog"],"_links":{"self":[{"href":"https:\/\/lifevery.biz.ua\/index.php?rest_route=\/wp\/v2\/posts\/698","targetHints":{"allow":["GET"]}}],"collection":[{"href":"https:\/\/lifevery.biz.ua\/index.php?rest_route=\/wp\/v2\/posts"}],"about":[{"href":"https:\/\/lifevery.biz.ua\/index.php?rest_route=\/wp\/v2\/types\/post"}],"author":[{"embeddable":true,"href":"https:\/\/lifevery.biz.ua\/index.php?rest_route=\/wp\/v2\/users\/1"}],"replies":[{"embeddable":true,"href":"https:\/\/lifevery.biz.ua\/index.php?rest_route=%2Fwp%2Fv2%2Fcomments&post=698"}],"version-history":[{"count":1,"href":"https:\/\/lifevery.biz.ua\/index.php?rest_route=\/wp\/v2\/posts\/698\/revisions"}],"predecessor-version":[{"id":700,"href":"https:\/\/lifevery.biz.ua\/index.php?rest_route=\/wp\/v2\/posts\/698\/revisions\/700"}],"wp:featuredmedia":[{"embeddable":true,"href":"https:\/\/lifevery.biz.ua\/index.php?rest_route=\/wp\/v2\/media\/699"}],"wp:attachment":[{"href":"https:\/\/lifevery.biz.ua\/index.php?rest_route=%2Fwp%2Fv2%2Fmedia&parent=698"}],"wp:term":[{"taxonomy":"category","embeddable":true,"href":"https:\/\/lifevery.biz.ua\/index.php?rest_route=%2Fwp%2Fv2%2Fcategories&post=698"},{"taxonomy":"post_tag","embeddable":true,"href":"https:\/\/lifevery.biz.ua\/index.php?rest_route=%2Fwp%2Fv2%2Ftags&post=698"}],"curies":[{"name":"wp","href":"https:\/\/api.w.org\/{rel}","templated":true}]}}