{"id":695,"date":"2026-01-21T16:48:29","date_gmt":"2026-01-21T16:48:29","guid":{"rendered":"https:\/\/lifevery.biz.ua\/?p=695"},"modified":"2026-01-21T16:48:29","modified_gmt":"2026-01-21T16:48:29","slug":"wymowny-gest-brooklyna-beckhama-po-ujawnieniu-rodzinnej-dramy-po-raz-kolejny-podkreslil-jak-wazna-jest-dla-niego-nicola-peltz","status":"publish","type":"post","link":"https:\/\/lifevery.biz.ua\/?p=695","title":{"rendered":"WYMOWNY gest Brooklyna Beckhama po ujawnieniu RODZINNEJ DRAMY. Po raz kolejny podkre\u015bli\u0142, jak wa\u017cna jest dla niego Nicola Peltz"},"content":{"rendered":"\n<p>Drama u\u00a0<strong>Beckham\u00f3w<\/strong>\u00a0rozkr\u0119ca si\u0119 w\u00a0najlepsze &#8211;\u00a0a\u00a0mamy dopiero \u015brod\u0119. Najstarszy syn\u00a0<strong>Davida i\u00a0Victorii, Brooklyn<\/strong>, w\u00a0poniedzia\u0142ek ostro uderzy\u0142 w\u00a0rodzic\u00f3w, a\u00a0tak\u017ce w\u00a0m\u0142odszych braci: 23-letniego\u00a0<strong>Romeo<\/strong>\u00a0i\u00a020-letniego\u00a0<strong>Cruza<\/strong>. Na Instagramie\u00a0w\u00a0kt\u00f3rych oskar\u017cy\u0142 rodzin\u0119 m.in. o\u00a0kontrolowanie go, pr\u00f3by zniszczenia jego ma\u0142\u017ce\u0144stwa z\u00a0<strong>Nicol\u0105 Peltz<\/strong>\u00a0i\u00a0poni\u017canie. Twierdzi\u0142 tak\u017ce, \u017ce\u00a0<strong>David<\/strong>\u00a0i\u00a0<strong>Victoria<\/strong>\u00a0nastawiali jego braci przeciwko niemu i\u00a0napuszczali ich, by atakowali go w\u00a0social mediach.<\/p>\n\n\n\n<p><strong>David Beckham<\/strong>\u00a0od zaognienia konfliktu z\u00a0synem ma ju\u017c za sob\u0105 pierwsze publiczne wyst\u0105pienie. Kiedy pad\u0142o pytanie o\u00a0<strong>Brooklyna<\/strong>,\u00a0P\u00f3\u017aniej, w\u00a0telewizji CBNC, stwierdzi\u0142 za to, \u017ce<em>\u00a0dzieci pope\u0142niaj\u0105 b\u0142\u0119dy i\u00a0musz\u0105 mie\u0107 na to przestrze\u0144.<\/em><\/p>\n\n\n\n<p><strong>Brooklyn Beckham<\/strong>&nbsp;za to najwyra\u017aniej nie ma ochoty ani si\u0119 godzi\u0107, ani wywiesza\u0107 bia\u0142ej flagi. Celebryta wykona\u0142 kolejny, bardzo wymowny gest wymierzony w&nbsp;swoich bliskich.<\/p>\n\n\n\n<p><\/p>\n\n\n\n<h2 class=\"wp-block-heading\" id=\"title-603099116981612389\">Brooklyn Beckham uderza w rodzic\u00f3w! O co ich oskar\u017ca?<\/h2>\n\n\n\n<h2 class=\"wp-block-heading\" id=\"title-603099116981677925\">Brooklyn Beckham zmieni\u0142 zdj\u0119cie profilowe<\/h2>\n\n\n\n<p>I co w&nbsp;tym takiego niezwyk\u0142ego? Ot\u00f3\u017c na swoim nowym profilowym na Instagramie&nbsp;<strong>Brooklyn<\/strong>&nbsp;ustawi\u0142 fotk\u0119, gdzie pozuje ty\u0142em. Na szyi ma wytatuowane oczy swojej \u017cony,&nbsp;<strong>Nicoli Peltz<\/strong>. Dla wielu to jasny sygna\u0142, \u017ce w&nbsp;tym konflikcie jego lojalno\u015b\u0107 jest jednoznaczna i&nbsp;wybierze swoj\u0105 \u017con\u0119 &#8211;&nbsp;ponad matk\u0119, ojca i&nbsp;braci.<\/p>\n\n\n\n<p>Tymczasem zza kulis p\u0142yn\u0105 niepokoj\u0105ce doniesienia. Jak informuj\u0105 \u017ar\u00f3d\u0142a Daily Mail,\u00a0\u00a0ma by\u0107 &#8220;zdruzgotana&#8221; obrotem spraw. Relacja matki z\u00a0synem, kt\u00f3ra ju\u017c wcze\u015bniej nie nale\u017ca\u0142a do naj\u0142atwiejszych, mia\u0142a pog\u0142\u0119bi\u0107 si\u0119 do punktu, kt\u00f3ry &#8211;\u00a0zdaniem informator\u00f3w &#8211;\u00a0wydaje si\u0119 niemal niemo\u017cliwy do naprawienia.<\/p>\n\n\n\n<p><\/p>\n\n\n\n<figure class=\"wp-block-image\"><img decoding=\"async\" src=\"https:\/\/v.wpimg.pl\/YmZhMzgwdgw7CjtJSAx7GXhSbxMOVXVPL0p3WEgUdlxqUH0CVkdhXXUOJBYCBTwdNUYqCBIHOBoqRj0WSBYpBHUefFUDHiodNgk0VQIaOwg-R31PBEBuWGJfYElXQW5AbgsuHEpPbA44RXVOBRU_DGlQfU9TEXsQ\" alt=\"Brooklyn Beckham\"\/><figcaption class=\"wp-element-caption\">Brooklyn Beckham&nbsp;<strong>\u00a9 Instagram<\/strong><\/figcaption><\/figure>\n\n\n\n<figure class=\"wp-block-image\"><img decoding=\"async\" src=\"https:\/\/v.wpimg.pl\/MjQ5YWQ4YgswVy9kfk9vHnMPez44FmFIJBdjdX5XYlllAWwvZAR9Wn5TMDs0RigaPhs-JSRELB0hGyk7flU9A35DaHg1XT4aPVQgeDRZLw81Gmk0MFV1CTMDdGZlUSlHZVQ_bnxWdFk3GGBnNAZ5UzBRYTYyUW8X\" alt=\"Brooklyn Beckham, sierpie\u0144 2025\"\/><figcaption class=\"wp-element-caption\">Brooklyn Beckham, sierpie\u0144 2025&nbsp;<strong>\u00a9 Getty Images | Phillip Faraone<\/strong><\/figcaption><\/figure>\n\n\n\n<figure class=\"wp-block-image\"><img decoding=\"async\" src=\"https:\/\/v.wpimg.pl\/YTQ0NmExdjUwUjheagN7IHMKbAQsWnV2JBJ0T2obdmZiBnoVdk1tY35WJwEgCjwkPh4pHzAIOCMhHj4BahkpPX5Gf0IhESokPVE3QiAVOzE1HyxVIU84YmkFYwh0GWB5ZVZ3WmgaO2JlHXYJIxltYGdRfwgnTHsp\" alt=\"Brooklyn Beckham i Nicola Peltz, pa\u017adziernik 2025\"\/><figcaption class=\"wp-element-caption\">Brooklyn Beckham i Nicola Peltz, pa\u017adziernik 2025&nbsp;<strong>\u00a9 Getty Images | Jon Kopaloff<\/strong><\/figcaption><\/figure>\n\n\n\n<figure class=\"wp-block-image\"><img decoding=\"async\" src=\"https:\/\/v.wpimg.pl\/NDA3OTk1YSUgUTlnREpsMGMJbT0CE2JmNBF1dkRSYXdxA38sWQZ9dm5VJjgOQys0Lh0oJh5BLzMxHT84RFA-LW5FfnsPWD00LVI2ew5cLCElHHhlWgIqJXZXYmJbV3tpdQUqZkYJKiYlHnk1UwV-c3gKemBdVGw5\" alt=\"Brooklyn Beckham i Nicola Peltz, kwiecie\u0144 2025\"\/><figcaption class=\"wp-element-caption\">Brooklyn Beckham i Nicola Peltz, kwiecie\u0144 2025&nbsp;<strong>\u00a9 Getty Images | Allen Berezovsky<\/strong><\/figcaption><\/figure>\n\n\n\n<figure class=\"wp-block-image\"><img decoding=\"async\" src=\"https:\/\/v.wpimg.pl\/YTAyOGFldjUgGzl0aRd7IGNDbS4vTnV2NFt1ZWkPdmd0SHs_c15pYG4fJisjHjwkLlcoNTMcOCMxVz8raQ0pPW4PfmgiBSokLRg2aCMBOzElVi0hdVptYnZAYn9zCDp5dR14fmtVbmV0VH50dQ1pZnkYKiIkXnsp\" alt=\"Brooklyn Beckham, Victoria Beckham i David Beckham, wrzesie\u0144 201\"\/><figcaption class=\"wp-element-caption\">Brooklyn Beckham, Victoria Beckham i David Beckham, wrzesie\u0144 2019&nbsp;<strong>\u00a9 Getty Images | Karwai Tang<\/strong><\/figcaption><\/figure>\n\n\n\n<figure class=\"wp-block-image\"><img decoding=\"async\" src=\"https:\/\/v.wpimg.pl\/ZTJjZGJmdTUrCCx0ZRZ4IGhQeC4jT3Z2P0hgZWUOdWZ6WGk_eV1qZGUMMysvHz8kJUQ9NT8dOyM6RCorZQwqPWUca2guBCkkJgsjaC8AODEuRTtwfV1obC9Yd357W255fg5qfmdVYmVzR21_eghoNy4IPH95CXgp\" alt=\"Brooklyn Beckham i David Beckham, kwiecie\u0144 2019\"\/><figcaption class=\"wp-element-caption\">Brooklyn Beckham i David Beckham, kwiecie\u0144 2019&nbsp;<strong>\u00a9 Getty Images | Samir Hussein<\/strong><\/figcaption><\/figure>\n\n\n\n<figure class=\"wp-block-image\"><img decoding=\"async\" src=\"https:\/\/v.wpimg.pl\/MDY5MDIyYiU4Vzt3ZgJvMHsPby0gW2FmLBd3ZmYaYnZqB3g8ekl9dHZTJCgsCyg0NhsqNjwJLDMpGz0oZhg9LXZDfGstED40NVQ0aywULyE9Gn91eBx4cTwMYHUrSC9pbQYucWQbK31pGHRwcUl7fWkHf3Z6Sm85\" alt=\"Brooklyn, Victoria i David Beckham, stycze\u0144 2019\"\/><figcaption class=\"wp-element-caption\">Brooklyn, Victoria i David Beckham, stycze\u0144 2019&nbsp;<strong>\u00a9 Getty Images | Darren Gerrish<\/strong><\/figcaption><\/figure>\n","protected":false},"excerpt":{"rendered":"Drama u\u00a0Beckham\u00f3w\u00a0rozkr\u0119ca si\u0119 w\u00a0najlepsze &#8211;\u00a0a\u00a0mamy dopiero \u015brod\u0119. Najstarszy syn\u00a0Davida i\u00a0Victorii, Brooklyn, w\u00a0poniedzia\u0142ek ostro uderzy\u0142 w\u00a0rodzic\u00f3w, a\u00a0tak\u017ce w\u00a0m\u0142odszych braci: 23-letniego\u00a0Romeo\u00a0i\u00a020-letniego\u00a0Cruza. Na Instagramie\u00a0w\u00a0kt\u00f3rych oskar\u017cy\u0142 rodzin\u0119 \n<a class=\"moretag\" href=\"https:\/\/lifevery.biz.ua\/?p=695\"> [...]<\/a>","protected":false},"author":1,"featured_media":696,"comment_status":"open","ping_status":"open","sticky":false,"template":"","format":"standard","meta":{"footnotes":""},"categories":[1],"tags":[],"class_list":["post-695","post","type-post","status-publish","format-standard","has-post-thumbnail","hentry","category-blog"],"_links":{"self":[{"href":"https:\/\/lifevery.biz.ua\/index.php?rest_route=\/wp\/v2\/posts\/695","targetHints":{"allow":["GET"]}}],"collection":[{"href":"https:\/\/lifevery.biz.ua\/index.php?rest_route=\/wp\/v2\/posts"}],"about":[{"href":"https:\/\/lifevery.biz.ua\/index.php?rest_route=\/wp\/v2\/types\/post"}],"author":[{"embeddable":true,"href":"https:\/\/lifevery.biz.ua\/index.php?rest_route=\/wp\/v2\/users\/1"}],"replies":[{"embeddable":true,"href":"https:\/\/lifevery.biz.ua\/index.php?rest_route=%2Fwp%2Fv2%2Fcomments&post=695"}],"version-history":[{"count":1,"href":"https:\/\/lifevery.biz.ua\/index.php?rest_route=\/wp\/v2\/posts\/695\/revisions"}],"predecessor-version":[{"id":697,"href":"https:\/\/lifevery.biz.ua\/index.php?rest_route=\/wp\/v2\/posts\/695\/revisions\/697"}],"wp:featuredmedia":[{"embeddable":true,"href":"https:\/\/lifevery.biz.ua\/index.php?rest_route=\/wp\/v2\/media\/696"}],"wp:attachment":[{"href":"https:\/\/lifevery.biz.ua\/index.php?rest_route=%2Fwp%2Fv2%2Fmedia&parent=695"}],"wp:term":[{"taxonomy":"category","embeddable":true,"href":"https:\/\/lifevery.biz.ua\/index.php?rest_route=%2Fwp%2Fv2%2Fcategories&post=695"},{"taxonomy":"post_tag","embeddable":true,"href":"https:\/\/lifevery.biz.ua\/index.php?rest_route=%2Fwp%2Fv2%2Ftags&post=695"}],"curies":[{"name":"wp","href":"https:\/\/api.w.org\/{rel}","templated":true}]}}