{"id":692,"date":"2026-01-21T16:44:53","date_gmt":"2026-01-21T16:44:53","guid":{"rendered":"https:\/\/lifevery.biz.ua\/?p=692"},"modified":"2026-01-21T16:44:53","modified_gmt":"2026-01-21T16:44:53","slug":"sandra-kubicka-juz-po-wakacjach-w-dubaju-czekala-na-nia-bezsenna-noc-leos-wrocil-do-domu-chory-i-bawilam-sie-w-szpital","status":"publish","type":"post","link":"https:\/\/lifevery.biz.ua\/?p=692","title":{"rendered":"Sandra Kubicka ju\u017c po wakacjach w Dubaju. Czeka\u0142a na ni\u0105 bezsenna noc: &#8220;LEO\u015a WR\u00d3CI\u0141 DO DOMU CHORY I BAWI\u0141AM SI\u0118 W SZPITAL&#8221;"},"content":{"rendered":"\n<p><strong>Sandra Kubicka<\/strong>\u00a0rozpocz\u0119\u0142a niedawno nowy etap w\u00a0\u017cyciu &#8211;\u00a0modelka wnios\u0142a pozew o\u00a0rozw\u00f3d z\u00a0<strong>Baronem\u00a0<\/strong>i wyprowadzi\u0142a si\u0119 z\u00a0domu.\u00a0, tymczasem modelka \u015bwi\u0119towa\u0142a swoje 31. urodziny podczas wyjazdu do Dubaju, gdzie oddawa\u0142a si\u0119 opalaniu i\u00a0&#8220;imprezowaniu&#8221; z\u00a0przyjaci\u00f3\u0142mi.<\/p>\n\n\n\n<p><\/p>\n\n\n\n<h2 class=\"wp-block-heading\" id=\"title-603094070797561701\">Jak\u0105 szefow\u0105 Sandra Kubicka jest dla Barona?<\/h2>\n\n\n\n<h2 class=\"wp-block-heading\" id=\"title-603094070797627237\">Sandra Kubicka: &#8220;Leo\u015b wr\u00f3ci\u0142 do domu chory&#8221;<\/h2>\n\n\n\n<p>Celebrytka wr\u00f3ci\u0142a ju\u017c do Polski i&nbsp;zapewni\u0142a swoich obserwator\u00f3w, \u017ce by\u0142 to niezwykle udany wyjazd w&nbsp;gronie przyjaci\u00f3\u0142. Zdradzi\u0142a te\u017c, \u017ce nie pokazywa\u0142a z&nbsp;kim bawi\u0142a si\u0119 na wakacjach, \u017ceby unikn\u0105\u0107 teorii spiskowych dotycz\u0105cych jej \u017cycia prywatnego.<\/p>\n\n\n\n<p>Musicie mi uwierzy\u0107 na s\u0142owo, \u017ce by\u0142 to jeden z lepszych moich wyjazd\u00f3w z moimi przyjaci\u00f3\u0142mi. To jest ta sama ekipa od lat, tylko ja wam ich nie pokazywa\u0142am tym razem, bo mam do\u015b\u0107 teorii spiskowych (&#8230;) Ju\u017c s\u0142ysza\u0142am, \u017ce ukrywa\u0142am kogo\u015b w Dubaju<\/p>\n\n\n\n<p><strong>&nbsp;&#8211; \u017cali\u0142a si\u0119 fanom influencerka.<\/strong><\/p>\n\n\n\n<p>Przed wyjazdem Kubicka przekaza\u0142a syna\u00a0<strong>Baronowi<\/strong>, kt\u00f3ry przej\u0105\u0142 opiek\u0119 nad Leonardem w\u00a0trakcie jej nieobecno\u015bci. co doceni\u0142a mama modelki,\u00a0<strong>Grace &#8220;Gra\u017cyna&#8221; Kubicka<\/strong>.<\/p>\n\n\n\n<p><\/p>\n\n\n\n<p>Sandra czeka\u0142a z&nbsp;niecierpliwo\u015bci\u0105 na przyjazd syna, a&nbsp;po pierwszej nocy z&nbsp;Leonardem po powrocie poinformowa\u0142a 1,1 miliona obserwator\u00f3w na Instagramie, \u017ce&nbsp;<strong>&#8220;Leo\u015b wr\u00f3ci\u0142 do domu chory&#8221;<\/strong>. W&nbsp;zwi\u0105zku z&nbsp;tym Kubicka<strong>&nbsp;&#8220;ca\u0142\u0105 noc nie spa\u0142a&#8221;<\/strong>&nbsp;i&nbsp;<strong>&#8220;bawi\u0142a si\u0119 w&nbsp;szpital&#8221;<\/strong>.<\/p>\n\n\n\n<p>No dobra, trzeba jako\u015b si\u0119 obudzi\u0107. Ca\u0142\u0105 noc nie spa\u0142am, bo Leo\u015b wr\u00f3ci\u0142 do domu chory i w nocy bawi\u0142am si\u0119 w szpital<\/p>\n\n\n\n<p><strong>&nbsp;&#8211; zdradzi\u0142a celebrytka.<\/strong><\/p>\n\n\n\n<p>Cieszycie si\u0119, \u017ce mo\u017cecie by\u0107 na bie\u017c\u0105co z&nbsp;tym, co dzieje si\u0119 u&nbsp;Sandry?<\/p>\n\n\n\n<p><\/p>\n\n\n\n<figure class=\"wp-block-image\"><img decoding=\"async\" src=\"https:\/\/v.wpimg.pl\/YTY2NzVjdjU4UDhJeRF7IHsIbBM_SHV2LBB0WHkJdmVoBXcCZFpgYXZUJxYzGDwkNhwpCCMaOCMpHD4WeQspPXZEf1UyAyokNVM3VTMHOzE9HXZPYl5pNWEEY09nXT95bQItS3tTO2A8H34bbgtvYm4HLUNgUnsp\" alt=\"Sandra Kubicka na Instagramie\"\/><figcaption class=\"wp-element-caption\">Sandra Kubicka na Instagramie&nbsp;<strong>\u00a9 Instagram<\/strong><\/figcaption><\/figure>\n\n\n\n<figure class=\"wp-block-image\"><img decoding=\"async\" src=\"https:\/\/v.wpimg.pl\/NTM1NjQyYTUsUzhZfgJsIG8LbAM4W2J2OBN0SH4aYWV8BncSY0l2YWJXJwY0CyskIh8pGCQJLyM9Hz4Gfhg-PWJHf0U1ED0kIVA3RTQULDEpHi1cYkx5ZyxTYw5mHXx5eVB5WHxAdzB_HHhfaEx9YXsFfFJhG2wp\" alt=\"Sandra Kubicka na Instagramie\"\/><figcaption class=\"wp-element-caption\">Sandra Kubicka na Instagramie&nbsp;<strong>\u00a9 Instagram<\/strong><\/figcaption><\/figure>\n\n\n\n<figure class=\"wp-block-image\"><img decoding=\"async\" src=\"https:\/\/v.wpimg.pl\/MTlhODMwYjUNCjl3YgxvIE5SbS0kVWF2GUp1ZmIUYmVdX3Y8f0d6YUMOJigoBSgkA0YoNjgHLCMcRj8oYhY9PUMefmspHj4kAAk2aygaLzEIR35xdRN8ZVxbYnV4FX95WFwucWBOLGZfRXp9LkZ0NVRbf3Z4FW8p\" alt=\"Sandra Kubicka na Instagramie\"\/><figcaption class=\"wp-element-caption\">Sandra Kubicka na Instagramie&nbsp;<strong>\u00a9 Instagram<\/strong><\/figcaption><\/figure>\n\n\n\n<figure class=\"wp-block-image\"><img decoding=\"async\" src=\"https:\/\/v.wpimg.pl\/MDNjZWQwYiUvCCxkfgxvMGxQeD44VWFmO0hgdX4UYnV_XWMvY0d1cWEMMzs0BSg0IUQ9JSQHLDM-RCo7fhY9LWEca3g1Hj40IgsjeDQaLyEqRWtkYBF5IisId2ZoQ39peglvZXxOeXctR2s2Y0d-JysOamBkFW85\" alt=\"Sandra Kubicka na Instagramie\"\/><figcaption class=\"wp-element-caption\">Sandra Kubicka na Instagramie&nbsp;<strong>\u00a9 Instagram<\/strong><\/figcaption><\/figure>\n\n\n\n<figure class=\"wp-block-image\"><img decoding=\"async\" src=\"https:\/\/v.wpimg.pl\/OWVlMjNjYDY3DjtZYRFtI3RWbwMnSGN1I053SGEJYGZnW3QSfFp4YnkKJAYrGConOUIqGDsaLiAmQj0GYQs_PnkafEUqAzwnOg00RSsHLTIyQyxdfAh7NDRaYAx6Di56Yl19WmNTLmY1QXRaLVMqMmRfLg57W20q\" alt=\"Sandra Kubicka na Instagramie\"\/><figcaption class=\"wp-element-caption\">Sandra Kubicka na Instagramie&nbsp;<strong>\u00a9 Instagram<\/strong><\/figcaption><\/figure>\n\n\n\n<figure class=\"wp-block-image\"><img decoding=\"async\" src=\"https:\/\/v.wpimg.pl\/OTA3MTE4YDUgUTtnak9tIGMJbz0sFmN2NBF3dmpXYGVwBHQsdwR4YW5VJDggRiokLh0qJjBELiMxHT04alU_PW5FfHshXTwkLVI0eyBZLTElHHo2dQMrYHEFYGdzBSl5dVZ_YmhVfWYgHixmJg1_Y3ACdTIhUm0p\" alt=\"Sandra Kubicka na Instagramie\"\/><figcaption class=\"wp-element-caption\">Sandra Kubicka na Instagramie&nbsp;<strong>\u00a9 Instagram<\/strong><\/figcaption><\/figure>\n","protected":false},"excerpt":{"rendered":"Sandra Kubicka\u00a0rozpocz\u0119\u0142a niedawno nowy etap w\u00a0\u017cyciu &#8211;\u00a0modelka wnios\u0142a pozew o\u00a0rozw\u00f3d z\u00a0Baronem\u00a0i wyprowadzi\u0142a si\u0119 z\u00a0domu.\u00a0, tymczasem modelka \u015bwi\u0119towa\u0142a swoje 31. urodziny podczas wyjazdu do \n<a class=\"moretag\" href=\"https:\/\/lifevery.biz.ua\/?p=692\"> [...]<\/a>","protected":false},"author":1,"featured_media":693,"comment_status":"open","ping_status":"open","sticky":false,"template":"","format":"standard","meta":{"footnotes":""},"categories":[1],"tags":[],"class_list":["post-692","post","type-post","status-publish","format-standard","has-post-thumbnail","hentry","category-blog"],"_links":{"self":[{"href":"https:\/\/lifevery.biz.ua\/index.php?rest_route=\/wp\/v2\/posts\/692","targetHints":{"allow":["GET"]}}],"collection":[{"href":"https:\/\/lifevery.biz.ua\/index.php?rest_route=\/wp\/v2\/posts"}],"about":[{"href":"https:\/\/lifevery.biz.ua\/index.php?rest_route=\/wp\/v2\/types\/post"}],"author":[{"embeddable":true,"href":"https:\/\/lifevery.biz.ua\/index.php?rest_route=\/wp\/v2\/users\/1"}],"replies":[{"embeddable":true,"href":"https:\/\/lifevery.biz.ua\/index.php?rest_route=%2Fwp%2Fv2%2Fcomments&post=692"}],"version-history":[{"count":1,"href":"https:\/\/lifevery.biz.ua\/index.php?rest_route=\/wp\/v2\/posts\/692\/revisions"}],"predecessor-version":[{"id":694,"href":"https:\/\/lifevery.biz.ua\/index.php?rest_route=\/wp\/v2\/posts\/692\/revisions\/694"}],"wp:featuredmedia":[{"embeddable":true,"href":"https:\/\/lifevery.biz.ua\/index.php?rest_route=\/wp\/v2\/media\/693"}],"wp:attachment":[{"href":"https:\/\/lifevery.biz.ua\/index.php?rest_route=%2Fwp%2Fv2%2Fmedia&parent=692"}],"wp:term":[{"taxonomy":"category","embeddable":true,"href":"https:\/\/lifevery.biz.ua\/index.php?rest_route=%2Fwp%2Fv2%2Fcategories&post=692"},{"taxonomy":"post_tag","embeddable":true,"href":"https:\/\/lifevery.biz.ua\/index.php?rest_route=%2Fwp%2Fv2%2Ftags&post=692"}],"curies":[{"name":"wp","href":"https:\/\/api.w.org\/{rel}","templated":true}]}}