{"id":689,"date":"2026-01-21T16:41:33","date_gmt":"2026-01-21T16:41:33","guid":{"rendered":"https:\/\/lifevery.biz.ua\/?p=689"},"modified":"2026-01-21T16:41:33","modified_gmt":"2026-01-21T16:41:33","slug":"goscie-weselni-opisuja-niestosowny-taniec-victorii-i-brooklyna-wtulila-sie-w-jego-szyje-nicola-miala-wybiec-z-placzem","status":"publish","type":"post","link":"https:\/\/lifevery.biz.ua\/?p=689","title":{"rendered":"Go\u015bcie weselni opisuj\u0105 &#8220;niestosowny&#8221; taniec Victorii i Brooklyna: &#8220;WTULI\u0141A SI\u0118 W JEGO SZYJ\u0118&#8221;. Nicola mia\u0142a WYBIEC Z P\u0141ACZEM"},"content":{"rendered":"\n<figure class=\"wp-block-image\"><img decoding=\"async\" src=\"https:\/\/v.wpimg.pl\/ZXJfd3AudTkrBBIAbg54LGhcRlAxHQUrPgJGH2MAeGJoSQ1eIBI_K2UHAEVuBTY5KQMMXC0RPyoVERQdMgM9ejc\" alt=\"\"\/><\/figure>\n\n\n\n<p>Po miesi\u0105cach spekulacji i&nbsp;plotek,&nbsp;<strong>Brooklyn Beckham<\/strong>&nbsp;postanowi\u0142 zdetonowa\u0107 prawdziw\u0105 medialn\u0105 bomb\u0119 i&nbsp;zabra\u0107 g\u0142os w&nbsp;sprawie konfliktu z&nbsp;<strong>Victori\u0105<\/strong>&nbsp;i&nbsp;<strong>Davidem<\/strong>. I&nbsp;nie bawi\u0142 si\u0119 w&nbsp;p\u00f3\u0142s\u0142\u00f3wka &#8211;&nbsp;<strong><a href=\"https:\/\/www.pudelek.pl\/brooklyn-beckham-uderza-w-rodzicow-moi-rodzice-od-dawna-probowali-zniszczyc-moj-zwiazek-7245228969162976a?pvclid=01KFFSXCXB97ES0ED5B68C1YPF\" rel=\"noreferrer noopener\" target=\"_blank\">Brooklyn oskar\u017cy\u0142 rodzic\u00f3w o&nbsp;pr\u00f3b\u0119 zniszczenia jego zwi\u0105zku z&nbsp;Nicol\u0105 Peltz<\/a><\/strong>, przybli\u017caj\u0105c milionom internaut\u00f3w szczeg\u00f3\u0142y rodzinnych awantur i&nbsp;\u017calu, kt\u00f3ry czuje do s\u0142awnych rodzic\u00f3w. Szczeg\u00f3lnie oberwa\u0142o si\u0119 Victorii, kt\u00f3rej&nbsp;<strong><a href=\"https:\/\/www.pudelek.pl\/tak-rodzice-brooklyna-beckhama-mieli-traktowac-nicole-peltz-mama-zapraszala-kobiety-z-mojej-przeszlosci-grubo-7245379761002720a?pvclid=01KFFSZH8GXB40D548MT7YRFJ4\" rel=\"noreferrer noopener\" target=\"_blank\">m\u0142ody Beckham zarzuci\u0142 m.in. zapraszanie &#8220;kobiet z&nbsp;jego przesz\u0142o\u015bci&#8221; na rodzinne sp\u0119dy<\/a><\/strong>, aby wprawi\u0107 w&nbsp;zak\u0142opotanie synow\u0105.<\/p>\n\n\n\n<p><strong>Zobacz tak\u017ce:&nbsp;<a href=\"https:\/\/www.pudelek.pl\/victoria-beckham-nadala-brooklynowi-i-nicoli-obrazliwe-ksywki-ta-dla-synowej-ponoc-nie-nadaje-sie-do-druku-milo-z-jej-strony-7245525040486592a\" rel=\"noreferrer noopener\" target=\"_blank\">Victoria Beckham nada\u0142a Brooklynowi i&nbsp;Nicoli OBRA\u0179LIWE KSYWKI. Ta dla synowej pono\u0107 nie nadaje si\u0119 do druku&#8230; Mi\u0142o z&nbsp;jej strony?<\/a><\/strong><\/p>\n\n\n\n<h2 class=\"wp-block-heading\" id=\"title-603064029346821231\">Brooklyn Beckham uderza w rodzic\u00f3w! O co ich oskar\u017ca?<\/h2>\n\n\n\n<figure class=\"wp-block-image\"><img decoding=\"async\" src=\"https:\/\/v.wpimg.pl\/ZXJfd3AudTkrBBIAbg54LGhcRlAxHQUrPgJGH2MAeGJoSQ1eIBI_K2UHAEVuBTY5KQMMXC0RPyoVERQdMgM9ejc\" alt=\"\"\/><\/figure>\n\n\n\n<h2 class=\"wp-block-heading\" id=\"title-603065542030421861\">Afera na \u015blubie Brooklyna Beckhama i Nicoli Peltz<\/h2>\n\n\n\n<p>Jeden z&nbsp;najbardziej kontrowersyjnych fragment\u00f3w o\u015bwiadczenia celebryty dotyczy\u0142 zachowania matki podczas wesela.&nbsp;<strong><a href=\"https:\/\/www.pudelek.pl\/brooklyn-beckham-twierdzi-ze-matka-ukradla-jego-pierwszy-taniec-z-zona-tanczyla-ze-mna-w-bardzo-niestosowny-sposob-czulem-sie-upokorzony-7245376334076128a?pvclid=01KFFTZF5AXV0GYHGZPFRY3S23\" rel=\"noreferrer noopener\" target=\"_blank\">Brooklyn twierdzi, \u017ce Victoria &#8220;ukrad\u0142a&#8221; Nicoli ich pierwszy taniec, ta\u0144cz\u0105c z&nbsp;nim w&nbsp;nieodpowiedni spos\u00f3b<\/a><\/strong>. Aspiruj\u0105cy kucharz pokusi\u0142 si\u0119 nawet o&nbsp;stwierdzenie, \u017ce&nbsp;<strong>&#8220;czu\u0142 si\u0119 upokorzony&#8221;<\/strong>&nbsp;i&nbsp;by\u0142 to &#8220;<strong>najbardziej zawstydzaj\u0105cy i&nbsp;traumatyczny moment w&nbsp;jego \u017cyciu&#8221;<\/strong>&nbsp;i&nbsp;jedna z&nbsp;przyczyn, dla kt\u00f3rych zdecydowali si\u0119 z&nbsp;Nicol\u0105 na odnowienie przysi\u0119gi &#8211;&nbsp;ju\u017c bez obecno\u015bci s\u0142awnej matki.<\/p>\n\n\n\n<p><strong>Zobacz tak\u017ce:&nbsp;<a href=\"https:\/\/www.pudelek.pl\/gosc-weselny-brooklyna-beckhama-i-nicoli-peltz-relacjonuje-jak-victoria-zachowywala-sie-na-weselu-syna-bylem-tam-i-ona-to-zrobila-7245443074508992a\" rel=\"noreferrer noopener\" target=\"_blank\">Go\u015b\u0107 weselny Brooklyna Beckhama i&nbsp;Nicoli Peltz relacjonuje, jak Victoria zachowywa\u0142a si\u0119 na weselu syna: &#8220;By\u0142em tam i&nbsp;ONA TO ZROBI\u0141A&#8221;<\/a><\/strong><\/p>\n\n\n\n<p>Ca\u0142ej sprawie postanowili si\u0119 przyjrze\u0107 dziennikarze&nbsp;<strong>&#8220;Page Six&#8221;<\/strong>, kt\u00f3rym uda\u0142o porozmawia\u0107 si\u0119 z&nbsp;go\u015b\u0107mi wesela Brooklyna i&nbsp;Nicoli. Jeden z&nbsp;informator\u00f3w twierdzi, \u017ce na konkretn\u0105 godzin\u0119 by\u0142 zaplanowany romantyczny taniec pary, kt\u00f3ry mia\u0142 zapowiedzie\u0107 wyst\u0119puj\u0105cy na wydarzeniu&nbsp;<strong><a href=\"https:\/\/www.pudelek.pl\/tag\/marc+anthony\/\" rel=\"noreferrer noopener\" target=\"_blank\">Marc Anthony<\/a><\/strong>. Latynoski wokalista jednak nie do ko\u0144ca dzia\u0142a\u0142 wed\u0142ug wcze\u015bniej ustalonego planu.<\/p>\n\n\n\n<figure class=\"wp-block-image\"><img decoding=\"async\" src=\"https:\/\/v.wpimg.pl\/ZXJfd3AudTkrBBIAbg54LGhcRlAxHQUrPgJGH2MAeGJoSQ1eIBI_K2UHAEVuBTY5KQMMXC0RPyoVERQdMgM9ejc\" alt=\"\"\/><\/figure>\n\n\n\n<p>Zamiast tego Marc Anthony, wieloletni przyjaciel rodziny Beckham\u00f3w, zaprosi\u0142 Brooklyna do ta\u0144ca z &#8220;najpi\u0119kniejsz\u0105 kobiet\u0105 na sali&#8221; &#8211; nie pann\u0105 m\u0142od\u0105, a Victori\u0105. Victoria wkroczy\u0142a na scen\u0119, obj\u0119\u0142a Brooklyna i wtuli\u0142a si\u0119 w jego szyj\u0119. Ta\u0144czy\u0142a z nim w bardzo niestosowny spos\u00f3b. Ukrad\u0142a ten moment Nicoli, to jest prawda. Nicola wybieg\u0142a, p\u0142acz\u0105c<\/p>\n\n\n\n<p><strong>&nbsp;&#8211; relacjonuje \u015bwiadek.<\/strong><\/p>\n\n\n\n<p>Tymczasem inny go\u015b\u0107 weselny, kt\u00f3ry wypowiedzia\u0142 si\u0119 dla&nbsp;<strong>&#8220;Page Six&#8221;<\/strong>&nbsp;podkre\u015bla, \u017ce&nbsp;<strong>&#8220;nie dosz\u0142o do przej\u0119cia pierwszego ta\u0144ca pary&#8221;<\/strong>&nbsp;z&nbsp;prostej przyczyny &#8211;&nbsp;Nicola i&nbsp;Brooklyn ta\u0144czyli ju\u017c razem, a&nbsp;ich solowy pierwszy taniec zosta\u0142 nawet uwieczniony przez fotografa&nbsp;<strong>&#8220;Vogue&#8217;a&#8221;<\/strong>. Co wi\u0119cej, Nicola ta\u0144czy\u0142a z&nbsp;ojcem, a&nbsp;do Victorii i&nbsp;Brooklyna mia\u0142 do\u0142\u0105czy\u0107 David i&nbsp;<strong>Harper<\/strong>. Informator podkre\u015bla r\u00f3wnie\u017c, \u017ce w&nbsp;sposobie w&nbsp;jaki projektantka ta\u0144czy\u0142a z&nbsp;synem,&nbsp;<strong>&#8220;nie by\u0142o nic niestosownego&#8221;<\/strong>.<\/p>\n\n\n\n<p>Nicola i Brooklyn ta\u0144czyli ju\u017c razem, a Nicola ta\u0144czy\u0142a z ojcem. David Beckham wkr\u00f3tce do\u0142\u0105czy\u0142 do swojej \u017cony Victorii i syna Brooklyna na scenie, podobnie jak c\u00f3rka Harper. To by\u0142 w zasadzie rodzinny taniec, w zachowaniu Victorii nie by\u0142o nic niestosownego<\/p>\n\n\n\n<p><strong>&nbsp;&#8211; upiera si\u0119 inny go\u015b\u0107 wesela.<\/strong><\/p>\n\n\n\n<p>Te\u017c chcieliby\u015bcie zobaczy\u0107 nagranie z&nbsp;tego ta\u0144ca, \u017ceby samemu oceni\u0107 jego &#8220;niestosowno\u015b\u0107&#8221;?<\/p>\n\n\n\n<p><\/p>\n\n\n\n<figure class=\"wp-block-image\"><img decoding=\"async\" src=\"https:\/\/v.wpimg.pl\/MzM5MTE5YhssVztnak5vDm8Pbz0sF2FYOBd3dmpWYkl_BX0sdwB0SGJTJDggRygKIhsqJjBFLA09Gz04alQ9E2JDfHshXD4KIVQ0eyBYLx8pGixjfQF-SHlUYGEmDXpXeQ0vMmgNKEh9GHk3fQZ-Q3wEdGR9Am8H\" alt=\"Brooklyn Beckham z rodzicami\"\/><figcaption class=\"wp-element-caption\">Brooklyn Beckham z rodzicami&nbsp;<strong>\u00a9 Getty Images | Karwai Tang<\/strong><\/figcaption><\/figure>\n\n\n\n<figure class=\"wp-block-image\"><img decoding=\"async\" src=\"https:\/\/v.wpimg.pl\/ZXJfd3AudTkrBBIAbg54LGhcRlAxHQUrPgJGH2MAeGJoSQ1eIBI_K2UHAEVuBTY5KQMMXC0RPyoVERQdMgM9ejc\" alt=\"\"\/><\/figure>\n\n\n\n<figure class=\"wp-block-image\"><img decoding=\"async\" src=\"https:\/\/v.wpimg.pl\/Yzg5Mzg0dhsGVztJSEt7DkUPbxMOEnVYEhd3WEhTdkhRAnUCUwNqSUhTJBYCQjwKCBsqCBJAOA0XGz0WSFEpE0hDfFUDWSoKC1Q0VQJdOx8DGixCXlI6TwMBYEkEBDxXU1YvQ0pROElQGCsYU1NhQ1QNeRtWAnsH\" alt=\"Victoria Beckham\"\/><figcaption class=\"wp-element-caption\">Victoria Beckham&nbsp;<strong>\u00a9 Getty Images | Karwai Tang<\/strong><\/figcaption><\/figure>\n\n\n\n<figure class=\"wp-block-image\"><img decoding=\"async\" src=\"https:\/\/v.wpimg.pl\/NjAwNWE0YQsgFThkaktsHmNNbD4sEmJINFV0dWpTYVl5RXwvdwV6Um4RJzsgQisaLlkpJTBALx0xWT47alE-A24Bf3ghWT0aLRY3eCBdLA8lWHo1cQUoXHYSY2AnCXtHdRN5NmgJK18iWnc1JwZ-WnQWem4jBWwX\" alt=\"Victoria Beckham i Brooklyn Beckham\"\/><figcaption class=\"wp-element-caption\">Victoria Beckham i Brooklyn Beckham&nbsp;<strong>\u00a9 Getty Images | 2024 Getty Images<\/strong><\/figcaption><\/figure>\n\n\n\n<figure class=\"wp-block-image\"><img decoding=\"async\" src=\"https:\/\/v.wpimg.pl\/NWM0MjBkYTYsUjtZbRBsI28KbwMrSWJ1OBJ3SG0IYWR9AH0ScFt-Z2JWJAYnGSsnIh4qGDcbLyA9Hj0GbQo-PmJGfEUmAj0nIVE0RScGLDIpH35eJlJ6YHgAYF0hCHp6eQN-XG9TK2V5HXxTJF4tY38AKVx3Wmwq\" alt=\"Brooklyn Beckham i Nicola Peltz\"\/><figcaption class=\"wp-element-caption\">Brooklyn Beckham i Nicola Peltz&nbsp;<strong>\u00a9 Getty Images | Marc Piasecki\/Getty Images<\/strong><\/figcaption><\/figure>\n\n\n\n<figure class=\"wp-block-image\"><img decoding=\"async\" src=\"https:\/\/v.wpimg.pl\/MjQwMThlYgswFTtnRxdvHnNNbz0BTmFIJFV3dkcPYl9lQXksUF10WH4RJDgNHigaPlkqJh0cLB0hWT04Rw09A34BfHsMBT4aPRY0ew0BLw81WHQ2XF0pXmJBYGdeVH9HZRF9YUUNfVpnWnw3XF55WmBPKGINW28X\" alt=\"Victoria Beckham i David Beckham\"\/><figcaption class=\"wp-element-caption\">Victoria Beckham i David Beckham&nbsp;<strong>\u00a9 Getty Images | 2025 Neil Mockford<\/strong><\/figcaption><\/figure>\n","protected":false},"excerpt":{"rendered":"Po miesi\u0105cach spekulacji i&nbsp;plotek,&nbsp;Brooklyn Beckham&nbsp;postanowi\u0142 zdetonowa\u0107 prawdziw\u0105 medialn\u0105 bomb\u0119 i&nbsp;zabra\u0107 g\u0142os w&nbsp;sprawie konfliktu z&nbsp;Victori\u0105&nbsp;i&nbsp;Davidem. I&nbsp;nie bawi\u0142 si\u0119 w&nbsp;p\u00f3\u0142s\u0142\u00f3wka &#8211;&nbsp;Brooklyn oskar\u017cy\u0142 rodzic\u00f3w o&nbsp;pr\u00f3b\u0119 zniszczenia \n<a class=\"moretag\" href=\"https:\/\/lifevery.biz.ua\/?p=689\"> [...]<\/a>","protected":false},"author":1,"featured_media":690,"comment_status":"open","ping_status":"open","sticky":false,"template":"","format":"standard","meta":{"footnotes":""},"categories":[1],"tags":[],"class_list":["post-689","post","type-post","status-publish","format-standard","has-post-thumbnail","hentry","category-blog"],"_links":{"self":[{"href":"https:\/\/lifevery.biz.ua\/index.php?rest_route=\/wp\/v2\/posts\/689","targetHints":{"allow":["GET"]}}],"collection":[{"href":"https:\/\/lifevery.biz.ua\/index.php?rest_route=\/wp\/v2\/posts"}],"about":[{"href":"https:\/\/lifevery.biz.ua\/index.php?rest_route=\/wp\/v2\/types\/post"}],"author":[{"embeddable":true,"href":"https:\/\/lifevery.biz.ua\/index.php?rest_route=\/wp\/v2\/users\/1"}],"replies":[{"embeddable":true,"href":"https:\/\/lifevery.biz.ua\/index.php?rest_route=%2Fwp%2Fv2%2Fcomments&post=689"}],"version-history":[{"count":1,"href":"https:\/\/lifevery.biz.ua\/index.php?rest_route=\/wp\/v2\/posts\/689\/revisions"}],"predecessor-version":[{"id":691,"href":"https:\/\/lifevery.biz.ua\/index.php?rest_route=\/wp\/v2\/posts\/689\/revisions\/691"}],"wp:featuredmedia":[{"embeddable":true,"href":"https:\/\/lifevery.biz.ua\/index.php?rest_route=\/wp\/v2\/media\/690"}],"wp:attachment":[{"href":"https:\/\/lifevery.biz.ua\/index.php?rest_route=%2Fwp%2Fv2%2Fmedia&parent=689"}],"wp:term":[{"taxonomy":"category","embeddable":true,"href":"https:\/\/lifevery.biz.ua\/index.php?rest_route=%2Fwp%2Fv2%2Fcategories&post=689"},{"taxonomy":"post_tag","embeddable":true,"href":"https:\/\/lifevery.biz.ua\/index.php?rest_route=%2Fwp%2Fv2%2Ftags&post=689"}],"curies":[{"name":"wp","href":"https:\/\/api.w.org\/{rel}","templated":true}]}}