{"id":676,"date":"2026-01-21T06:39:15","date_gmt":"2026-01-21T06:39:15","guid":{"rendered":"https:\/\/lifevery.biz.ua\/?p=676"},"modified":"2026-01-21T06:39:15","modified_gmt":"2026-01-21T06:39:15","slug":"doda-i-malgorzata-rozenek-wyglosily-przemowienia-podczas-sejmowej-komisji-celebrytki-nagrodzily-sie-brawami-wideo","status":"publish","type":"post","link":"https:\/\/lifevery.biz.ua\/?p=676","title":{"rendered":"Doda i Ma\u0142gorzata Rozenek wyg\u0142osi\u0142y przem\u00f3wienia podczas sejmowej komisji. Celebrytki NAGRODZI\u0141Y SI\u0118 BRAWAMI (WIDEO)"},"content":{"rendered":"\n<p>Doda i Ma\u0142gorzata Rozenek od kilkunastu lat tocz\u0105 ze sob\u0105 mniej lub bardziej wypowiedzian\u0105 &#8220;wojn\u0119&#8221;, nie szcz\u0119dz\u0105c sobie uszczypliwych komentarzy i z\u0142o\u015bliwo\u015bci, kt\u00f3rych g\u0142\u00f3wnym mianownikiem jest oczywi\u015bcie osoba Rados\u0142awa Majdana. Okazuje si\u0119 jednak, \u017ce i w ich przypadku s\u0105 sprawy, gdzie mog\u0105 zjednoczy\u0107 si\u0119 ponad podzia\u0142ami i zasi\u0105\u015b\u0107 do jednego sto\u0142u. Doda i Ma\u0142gorzata pojawi\u0142y si\u0119 we wtorek w Sejmie, gdzie wzi\u0119\u0142y udzia\u0142 w Komisji Nadzwyczajnej do spraw ochrony zwierz\u0105t.<\/p>\n\n\n\n<p>Zobacz tak\u017ce: Piek\u0142o zamarz\u0142o: Doda i Ma\u0142gorzata Rozenek spotka\u0142y si\u0119 w Sejmie przy JEDNYM STOLE (ZDJ\u0118CIA)<\/p>\n\n\n\n<h2 class=\"wp-block-heading\" id=\"title-602955163619651429\">Doda i Rozenek spotka\u0142y si\u0119 w Sejmie<\/h2>\n\n\n\n<p>Rozenek zapowiedzia\u0142a swoj\u0105 obecno\u015b\u0107 ju\u017c jaki\u015b czas temu, a&nbsp;tematem dyskusji mia\u0142y by\u0107 m.in. fajerwerki i&nbsp;ich op\u0142akane skutki dla zwierz\u0105t. Z&nbsp;kolei Doda, kt\u00f3ra w&nbsp;ostatnich tygodniach zaanga\u017cowa\u0142a si\u0119 w&nbsp;pomoc schroniskom dla ps\u00f3w, odkrywaj\u0105c przy okazji ogromne nieprawid\u0142owo\u015bci w&nbsp;ich dzia\u0142aniu oraz liczne nadu\u017cycia, kt\u00f3rych dopuszczaj\u0105 si\u0119 osoby je prowadz\u0105ce, zosta\u0142a zaproszona na obrady komisji nieco bardziej spontanicznie.&nbsp;<strong>Celebrytki zasiad\u0142y przy jednym stole i&nbsp;obie mia\u0142y szans\u0119 zabra\u0107 g\u0142os, wyg\u0142aszaj\u0105c kr\u00f3tkie przem\u00f3wienia.&nbsp;<\/strong>Rabczewska rozpocz\u0119\u0142a swoje od zganienia os\u00f3b wy\u015bmiewaj\u0105cych temat pomocy psom.<\/p>\n\n\n\n<p>Bardzo si\u0119 ciesz\u0119, \u017ce mog\u0105 tu dzisiaj by\u0107. Przede wszystkim, odnosz\u0105c si\u0119 do tej komisji &#8211; bo jestem pierwszy raz w takiej sytuacji &#8211; chcia\u0142abym powiedzie\u0107, \u017ce jestem w szoku. W szoku, poniewa\u017c widz\u0105c ten st\u00f3\u0142 za mn\u0105, widzia\u0142am g\u0142upie u\u015bmiechy, widzia\u0142am szydercze miny i \u015bmianie si\u0119 w momencie, kiedy m\u00f3wili\u015bcie pa\u0144stwo o \u015bmierci zwierz\u0105t czy reakcji chorych dzieci czy chorych ludzi. Ja rozumiem, \u017ce pieni\u0105dze to jest wszystko i walczycie o ka\u017cd\u0105 z\u0142ot\u00f3wk\u0119, ale troch\u0119 szacunku do tego sto\u0142u, kt\u00f3ry stara si\u0119 walczy\u0107 o kogo\u015b innego. Nawet udawajcie! Po prostu si\u0119 nie \u015bmiejcie, bo to \u015bwiadczy o zaburzeniach psychicznych. I to nie naszych, tylko waszych. Nie \u015bmiejcie si\u0119 w twarz, gdy m\u00f3wimy o \u015bmierci zwierz\u0105t i \u015bmierci ludzi<\/p>\n\n\n\n<p><strong>&nbsp;&#8211; pouczy\u0142a ostro obecnych na sali.<\/strong><\/p>\n\n\n\n<p>Doda w&nbsp;swojej przemowie zwr\u00f3ci\u0142a uwag\u0119 na m.in. problem braku kontroli prywatnie prowadzonych schronisk i&nbsp;tragedii, do kt\u00f3rych tam dochodzi. Rozenek za\u015b apelowa\u0142a do polityk\u00f3w, aby podczas obrad Sejmu procedowali projekty obywatelskie i&nbsp;<strong>szczeg\u00f3ln\u0105 uwag\u0119 po\u015bwi\u0119cili tematowi sterylizacji i&nbsp;kastracj\u0119, kt\u00f3r\u0105 okre\u015bli\u0142a jako &#8220;praprzyczyn\u0119 wszystkim problem\u00f3w&#8221; wok\u00f3\u0142 sytuacji zwierz\u0105t w&nbsp;Polsce<\/strong>. Dorota i&nbsp;Ma\u0142gosia nie wesz\u0142y wprawdzie w&nbsp;\u017cadn\u0105 interakcj\u0119, ale wzajemnie nagrodzi\u0142y swoje przemowy oklaskami.<\/p>\n\n\n\n<p>Fajnie, \u017ce schowa\u0142y do kieszeni prywatne niesnaski i&nbsp;zjednoczy\u0142y si\u0119 w&nbsp;s\u0142usznej sprawie?<\/p>\n\n\n\n\nDoda i Ma\u0142gorzata Rozenek od kilkunastu lat tocz\u0105 ze sob\u0105 mniej lub bardziej wypowiedzian\u0105 &#8220;wojn\u0119&#8221;, nie szcz\u0119dz\u0105c sobie uszczypliwych komentarzy i z\u0142o\u015bliwo\u015bci, kt\u00f3rych g\u0142\u00f3wnym mianownikiem jest oczywi\u015bcie osoba Rados\u0142awa Majdana. Okazuje si\u0119 jednak, \u017ce i w ich przypadku s\u0105 sprawy, gdzie mog\u0105 zjednoczy\u0107 si\u0119 ponad podzia\u0142ami i zasi\u0105\u015b\u0107 do jednego sto\u0142u. Doda i Ma\u0142gorzata pojawi\u0142y si\u0119 we wtorek w Sejmie, gdzie wzi\u0119\u0142y udzia\u0142 w Komisji Nadzwyczajnej do spraw ochrony zwierz\u0105t.\n\nZobacz tak\u017ce: Piek\u0142o zamarz\u0142o: Doda i Ma\u0142gorzata Rozenek spotka\u0142y si\u0119 w Sejmie przy JEDNYM STOLE (ZDJ\u0118CIA)\n\nDoda o koncercie na PGE Narodowym. Potrzebuje na niego 10 mln!\n\nDoda i Rozenek spotka\u0142y si\u0119 w Sejmie\nRozenek zapowiedzia\u0142a swoj\u0105 obecno\u015b\u0107 ju\u017c jaki\u015b czas temu, a tematem dyskusji mia\u0142y by\u0107 m.in. fajerwerki i ich op\u0142akane skutki dla zwierz\u0105t. Z kolei Doda, kt\u00f3ra w ostatnich tygodniach zaanga\u017cowa\u0142a si\u0119 w pomoc schroniskom dla ps\u00f3w, odkrywaj\u0105c przy okazji ogromne nieprawid\u0142owo\u015bci w ich dzia\u0142aniu oraz liczne nadu\u017cycia, kt\u00f3rych dopuszczaj\u0105 si\u0119 osoby je prowadz\u0105ce, zosta\u0142a zaproszona na obrady komisji nieco bardziej spontanicznie. Celebrytki zasiad\u0142y przy jednym stole i obie mia\u0142y szans\u0119 zabra\u0107 g\u0142os, wyg\u0142aszaj\u0105c kr\u00f3tkie przem\u00f3wienia. Rabczewska rozpocz\u0119\u0142a swoje od zganienia os\u00f3b wy\u015bmiewaj\u0105cych temat pomocy psom.\n\nBardzo si\u0119 ciesz\u0119, \u017ce mog\u0105 tu dzisiaj by\u0107. Przede wszystkim, odnosz\u0105c si\u0119 do tej komisji &#8211; bo jestem pierwszy raz w takiej sytuacji &#8211; chcia\u0142abym powiedzie\u0107, \u017ce jestem w szoku. W szoku, poniewa\u017c widz\u0105c ten st\u00f3\u0142 za mn\u0105, widzia\u0142am g\u0142upie u\u015bmiechy, widzia\u0142am szydercze miny i \u015bmianie si\u0119 w momencie, kiedy m\u00f3wili\u015bcie pa\u0144stwo o \u015bmierci zwierz\u0105t czy reakcji chorych dzieci czy chorych ludzi. Ja rozumiem, \u017ce pieni\u0105dze to jest wszystko i walczycie o ka\u017cd\u0105 z\u0142ot\u00f3wk\u0119, ale troch\u0119 szacunku do tego sto\u0142u, kt\u00f3ry stara si\u0119 walczy\u0107 o kogo\u015b innego. Nawet udawajcie! Po prostu si\u0119 nie \u015bmiejcie, bo to \u015bwiadczy o zaburzeniach psychicznych. I to nie naszych, tylko waszych. Nie \u015bmiejcie si\u0119 w twarz, gdy m\u00f3wimy o \u015bmierci zwierz\u0105t i \u015bmierci ludzi\n\n &#8211; pouczy\u0142a ostro obecnych na sali.\nDoda w swojej przemowie zwr\u00f3ci\u0142a uwag\u0119 na m.in. problem braku kontroli prywatnie prowadzonych schronisk i tragedii, do kt\u00f3rych tam dochodzi. Rozenek za\u015b apelowa\u0142a do polityk\u00f3w, aby podczas obrad Sejmu procedowali projekty obywatelskie i szczeg\u00f3ln\u0105 uwag\u0119 po\u015bwi\u0119cili tematowi sterylizacji i kastracj\u0119, kt\u00f3r\u0105 okre\u015bli\u0142a jako &#8220;praprzyczyn\u0119 wszystkim problem\u00f3w&#8221; wok\u00f3\u0142 sytuacji zwierz\u0105t w Polsce. Dorota i Ma\u0142gosia nie wesz\u0142y wprawdzie w \u017cadn\u0105 interakcj\u0119, ale wzajemnie nagrodzi\u0142y swoje przemowy oklaskami.\n\n\nFajnie, \u017ce schowa\u0142y do kieszeni prywatne niesnaski i zjednoczy\u0142y si\u0119 w s\u0142usznej sprawie?\n\nZobacz tak\u017ce: Doda ciep\u0142o o Smolastym: &#8220;TO JEST TCH\u00d3RZ&#8221;. Czy jeszcze kiedy\u015b za\u015bpiewa z nim w duecie? (WIDEO)\n\nDoda w emocjach w Sejmie. &#8220;Sukcesywnie b\u0119dziemy was demaskowa\u0107&#8221;\n\nDoda w Sejmie\nDoda w Sejmie \u00a9 sejm.gov.pl\nMa\u0142gorzata Rozenek-Majdan w Sejmie\nMa\u0142gorzata Rozenek-Majdan w Sejmie \u00a9 sejm.gov.pl\nDoda w Sejmie\nDoda w Sejmie \u00a9 sejm.gov.pl\n\nDoda w Sejmie\nDoda w Sejmie \u00a9 sejm.gov.pl\nMa\u0142gorzata Rozenek-Majdan w Sejmie\nMa\u0142gorzata Rozenek-Majdan w Sejmie \u00a9 sejm.gov.pl\nDoda w Sejmie\nDoda w Sejmie \u00a9 sejm.gov.pl\n","protected":false},"excerpt":{"rendered":"Doda i Ma\u0142gorzata Rozenek od kilkunastu lat tocz\u0105 ze sob\u0105 mniej lub bardziej wypowiedzian\u0105 &#8220;wojn\u0119&#8221;, nie szcz\u0119dz\u0105c sobie uszczypliwych komentarzy i z\u0142o\u015bliwo\u015bci, kt\u00f3rych \n<a class=\"moretag\" href=\"https:\/\/lifevery.biz.ua\/?p=676\"> [...]<\/a>","protected":false},"author":1,"featured_media":677,"comment_status":"open","ping_status":"open","sticky":false,"template":"","format":"standard","meta":{"footnotes":""},"categories":[1],"tags":[],"class_list":["post-676","post","type-post","status-publish","format-standard","has-post-thumbnail","hentry","category-blog"],"_links":{"self":[{"href":"https:\/\/lifevery.biz.ua\/index.php?rest_route=\/wp\/v2\/posts\/676","targetHints":{"allow":["GET"]}}],"collection":[{"href":"https:\/\/lifevery.biz.ua\/index.php?rest_route=\/wp\/v2\/posts"}],"about":[{"href":"https:\/\/lifevery.biz.ua\/index.php?rest_route=\/wp\/v2\/types\/post"}],"author":[{"embeddable":true,"href":"https:\/\/lifevery.biz.ua\/index.php?rest_route=\/wp\/v2\/users\/1"}],"replies":[{"embeddable":true,"href":"https:\/\/lifevery.biz.ua\/index.php?rest_route=%2Fwp%2Fv2%2Fcomments&post=676"}],"version-history":[{"count":1,"href":"https:\/\/lifevery.biz.ua\/index.php?rest_route=\/wp\/v2\/posts\/676\/revisions"}],"predecessor-version":[{"id":678,"href":"https:\/\/lifevery.biz.ua\/index.php?rest_route=\/wp\/v2\/posts\/676\/revisions\/678"}],"wp:featuredmedia":[{"embeddable":true,"href":"https:\/\/lifevery.biz.ua\/index.php?rest_route=\/wp\/v2\/media\/677"}],"wp:attachment":[{"href":"https:\/\/lifevery.biz.ua\/index.php?rest_route=%2Fwp%2Fv2%2Fmedia&parent=676"}],"wp:term":[{"taxonomy":"category","embeddable":true,"href":"https:\/\/lifevery.biz.ua\/index.php?rest_route=%2Fwp%2Fv2%2Fcategories&post=676"},{"taxonomy":"post_tag","embeddable":true,"href":"https:\/\/lifevery.biz.ua\/index.php?rest_route=%2Fwp%2Fv2%2Ftags&post=676"}],"curies":[{"name":"wp","href":"https:\/\/api.w.org\/{rel}","templated":true}]}}