{"id":670,"date":"2026-01-21T06:25:34","date_gmt":"2026-01-21T06:25:34","guid":{"rendered":"https:\/\/lifevery.biz.ua\/?p=670"},"modified":"2026-01-21T06:25:34","modified_gmt":"2026-01-21T06:25:34","slug":"pola-wisniewska-publikuje-niepokojacy-wpis-w-obliczu-kryzysu-z-michalem-koniec-to-inna-forma-poczatku","status":"publish","type":"post","link":"https:\/\/lifevery.biz.ua\/?p=670","title":{"rendered":"Pola Wi\u015bniewska publikuje niepokoj\u0105cy wpis w obliczu kryzysu z Micha\u0142em. &#8220;Koniec to inna forma pocz\u0105tku&#8221;"},"content":{"rendered":"\n<p>Mi\u0142osne perypetie Micha\u0142a Wi\u015bniewskich to wyj\u0105tkowo gor\u0105cy temat. Ostatnio w sieci huczy od informacji o kryzysie w jego ma\u0142\u017ce\u0144stwie z Pol\u0105, czyli \u017con\u0105 numer pi\u0119\u0107. Sam piosenkarz opowiedzia\u0142 o tym w trakcie specjalnego panelu. Jego zapis pojawi\u0142 si\u0119 na youtube&#8217;owy koncie 53-latka.<\/p>\n\n\n\n<p>Mamy bardzo powa\u017cny kryzys w zwi\u0105zku, bo nie sp\u0119dzamy ze sob\u0105 czasu &#8211; mo\u017cna by\u0142o us\u0142ysze\u0107 na wspomnianym nagraniu.<\/p>\n\n\n\n<p>: Micha\u0142 Wi\u015bniewski z zaskakuj\u0105c\u0105 szczero\u015bci\u0105 o PI\u0104TYM ma\u0142\u017ce\u0144stwie: &#8220;Czy ten zwi\u0105zek wytrzyma? OBY. Ale to nie jest oczywista oczywisto\u015b\u0107&#8221;<\/p>\n\n\n\n<p>Mi\u0142osne perypetie Micha\u0142a Wi\u015bniewskich to wyj\u0105tkowo gor\u0105cy temat. Ostatnio w sieci huczy od informacji o kryzysie w jego ma\u0142\u017ce\u0144stwie z Pol\u0105, czyli \u017con\u0105 numer pi\u0119\u0107. Sam piosenkarz opowiedzia\u0142 o tym w trakcie specjalnego panelu. Jego zapis pojawi\u0142 si\u0119 na youtube&#8217;owy koncie 53-latka.<\/p>\n\n\n\n<p>Mamy bardzo powa\u017cny kryzys w zwi\u0105zku, bo nie sp\u0119dzamy ze sob\u0105 czasu &#8211; mo\u017cna by\u0142o us\u0142ysze\u0107 na wspomnianym nagraniu.<\/p>\n\n\n\n<p>ZOBACZ TAK\u017bE: Micha\u0142 Wi\u015bniewski z zaskakuj\u0105c\u0105 szczero\u015bci\u0105 o PI\u0104TYM ma\u0142\u017ce\u0144stwie: &#8220;Czy ten zwi\u0105zek wytrzyma? OBY. Ale to nie jest oczywista oczywisto\u015b\u0107&#8221;<\/p>\n\n\n\n<p>Micha\u0142 Wi\u015bniewski: &#8220;Moje dzieci chc\u0105 wszystko zbudowa\u0107 od zera&#8221;<br>Po tym, jak Wi\u015bniewscy przyznali publicznie, \u017ce nad ich ma\u0142\u017ce\u0144stwem zawis\u0142y czarne chmury, internauta zapyta\u0142 celebrytki, dlaczego tak ma\u0142o udziela si\u0119 w sieci. Pola nie ukrywa\u0142a w\u00f3wczas, \u017ce w jej \u017cyciu obecnie sporo si\u0119 dzieje, dlatego ograniczy\u0142a swoj\u0105 internetow\u0105 aktywno\u015b\u0107. Ku uciesze fan\u00f3w \u017cona lidera Ich Troje wr\u00f3ci\u0142a do sieci.<\/p>\n\n\n\n<p>Pola Wi\u015bniewska opublikowa\u0142a wymowny wpis<br>Na instagramowym profilu Wi\u015bniewskiej pojawi\u0142a si\u0119 nowy wpis. Celebrytka podzieli\u0142a si\u0119 ze swoimi obserwatorami refleksj\u0105 na temat\u2026 pocz\u0105tku i ko\u0144ca. Jej zdaniem czas znacz\u0105co wp\u0142ywa na postrzeganie pewnych spraw.<\/p>\n\n\n\n<p>Pami\u0119taj, \u017ce koniec to inna forma pocz\u0105tku. Ile razy m\u00f3wi\u0142y\u015bmy sobie, \u017ce ju\u017c nie damy rady. \u017be to naprawd\u0119 koniec. \u017be ju\u017c nic si\u0119 nie wydarzy, nie zakochamy si\u0119, niczego nie zaczniemy, a to, co wa\u017cne, mamy ju\u017c za sob\u0105. A potem mija czas. Nie dzieje si\u0119 nic szczeg\u00f3lnego &#8211; napisa\u0142a.<\/p>\n\n\n\n<p>Po prostu kolejne dni przychodz\u0105 jeden po drugim. Czasem jest ci\u0119\u017cko, czasem nawet bardzo i d\u0142ugo nic si\u0119 nie poprawia. Ale! W ko\u0144cu wszystko nabiera sensu. Uczucie pora\u017cki i ko\u0144ca zmienia sie\u0328 w rado\u015bci i ekscytacj\u0119, kt\u00f3re niesie za sob\u0105 pocz\u0105tek. Pami\u0119tajcie o tym dziewczyny za ka\u017cdym razem, kiedy zw\u0105tpicie w siebie, w innych, w to, czy jeszcze cokolwiek dobrego Was spotka &#8211; doda\u0142a.<\/p>\n\n\n\n<p>Wymownie?<\/p>\n\n\n\n<figure class=\"wp-block-image\"><img decoding=\"async\" src=\"https:\/\/v.wpimg.pl\/NTAxNTk2YTUgGjhnRElsIGNCbD0CEGJ2NFp0dkRRYWJxTDZsWgNhMigUKyYOQiF6Jgo7JApFPnoxFGE1G1thInBXKj0YQiI1OFcrOQlXKnsnGnZgWVQrZmwbdzBfH3psc0hjNVJRLXkiHHdmXwd-ZXRBeGJJTw\" alt=\"Micha\u0142 Wi\u015bniewski i Pola Wi\u015bniewska\"\/><figcaption class=\"wp-element-caption\">Micha\u0142 Wi\u015bniewski i Pola Wi\u015bniewska&nbsp;<strong>\u00a9 Instgaram<\/strong><\/figcaption><\/figure>\n\n\n\n<figure class=\"wp-block-image\"><img decoding=\"async\" src=\"https:\/\/v.wpimg.pl\/YTU1YjBkdjU0Uy9ZbRB7IHcLewMrSXV2IBNjSG0IdmBsBiFce1h2MjxdPBgnGzZ6MkMsGiMcKXolXXYLMgJ2ImQePQMxGzU1LB48ByAOPXswAjhfclloZ3hXPA8gRm1sMwV0U3oJOnk2VToLdApsYTcBPQxgFg\" alt=\"Pola Wi\u015bniewska\n\"\/><figcaption class=\"wp-element-caption\">Pola Wi\u015bniewska&nbsp;<strong>\u00a9 Instgaram<\/strong><\/figcaption><\/figure>\n\n\n\n<figure class=\"wp-block-image\"><img decoding=\"async\" src=\"https:\/\/v.wpimg.pl\/NDM0Y2Y2YSUsUi8BdklsMG8Ke1swEGJmOBJjEHZRYXx9ACEFbQRhIiRcPEA8QiFqKkIsQjhFPmo9XHZTKVthMnwfPVsqQiIlNB88XztXKmt8ADpRPQR3cGADPVZoH3p2LAN0C21ReWl7A29UYAZ9cC5WbwR7Tw\" alt=\"Micha\u0142 Wi\u015bniewski i Pola Wi\u015bniewska\n\"\/><figcaption class=\"wp-element-caption\">Micha\u0142 Wi\u015bniewski i Pola Wi\u015bniewska&nbsp;<strong>\u00a9 Instgaram<\/strong><\/figcaption><\/figure>\n\n\n\n<figure class=\"wp-block-image\"><img decoding=\"async\" src=\"https:\/\/v.wpimg.pl\/ODAxMWQ4YCUgGjtkfk9tMGNCbz44FmNmNFp3dX5XYHJyQDVvYANgIigUKCU0RCBqJgo4JzBDP2oxFGI2IV1gMnBXKT4iRCMlOFcoOjNRK2twGXhjNQItIGxAKTJjGXt0JEBgNWgFKWl1SnlkMwx_dXAcdTNzSQ\" alt=\"Micha\u0142 Wi\u015bniewski i Pola Wi\u015bniewska\n\"\/><figcaption class=\"wp-element-caption\">Micha\u0142 Wi\u015bniewski i Pola Wi\u015bniewska&nbsp;<strong>\u00a9 Instgaram<\/strong><\/figcaption><\/figure>\n\n\n\n<figure class=\"wp-block-image\"><img decoding=\"async\" src=\"https:\/\/v.wpimg.pl\/NjQwYWY1YQswFS9kdkpsHnNNez4wE2JIJFVjdXZSYVhnQW4vbQF-Wn4RMDs8QysaPlk-JSxBLx0hWSk7dlA-A34BaHg9WD0aPRYgeDxcLA81WGphOFJ5XTcWdGE4VHdHZUVoYXRTLVgzWjs0agd6WjARbGVuAGwX\" alt=\"Micha\u0142 Wi\u015bniewski i Pola Wi\u015bniewska\"\/><figcaption class=\"wp-element-caption\">Micha\u0142 Wi\u015bniewski i Pola Wi\u015bniewska&nbsp;<strong>\u00a9 KAPiF<\/strong><\/figcaption><\/figure>\n","protected":false},"excerpt":{"rendered":"Mi\u0142osne perypetie Micha\u0142a Wi\u015bniewskich to wyj\u0105tkowo gor\u0105cy temat. Ostatnio w sieci huczy od informacji o kryzysie w jego ma\u0142\u017ce\u0144stwie z Pol\u0105, czyli \u017con\u0105 \n<a class=\"moretag\" href=\"https:\/\/lifevery.biz.ua\/?p=670\"> [...]<\/a>","protected":false},"author":1,"featured_media":671,"comment_status":"open","ping_status":"open","sticky":false,"template":"","format":"standard","meta":{"footnotes":""},"categories":[1],"tags":[],"class_list":["post-670","post","type-post","status-publish","format-standard","has-post-thumbnail","hentry","category-blog"],"_links":{"self":[{"href":"https:\/\/lifevery.biz.ua\/index.php?rest_route=\/wp\/v2\/posts\/670","targetHints":{"allow":["GET"]}}],"collection":[{"href":"https:\/\/lifevery.biz.ua\/index.php?rest_route=\/wp\/v2\/posts"}],"about":[{"href":"https:\/\/lifevery.biz.ua\/index.php?rest_route=\/wp\/v2\/types\/post"}],"author":[{"embeddable":true,"href":"https:\/\/lifevery.biz.ua\/index.php?rest_route=\/wp\/v2\/users\/1"}],"replies":[{"embeddable":true,"href":"https:\/\/lifevery.biz.ua\/index.php?rest_route=%2Fwp%2Fv2%2Fcomments&post=670"}],"version-history":[{"count":1,"href":"https:\/\/lifevery.biz.ua\/index.php?rest_route=\/wp\/v2\/posts\/670\/revisions"}],"predecessor-version":[{"id":672,"href":"https:\/\/lifevery.biz.ua\/index.php?rest_route=\/wp\/v2\/posts\/670\/revisions\/672"}],"wp:featuredmedia":[{"embeddable":true,"href":"https:\/\/lifevery.biz.ua\/index.php?rest_route=\/wp\/v2\/media\/671"}],"wp:attachment":[{"href":"https:\/\/lifevery.biz.ua\/index.php?rest_route=%2Fwp%2Fv2%2Fmedia&parent=670"}],"wp:term":[{"taxonomy":"category","embeddable":true,"href":"https:\/\/lifevery.biz.ua\/index.php?rest_route=%2Fwp%2Fv2%2Fcategories&post=670"},{"taxonomy":"post_tag","embeddable":true,"href":"https:\/\/lifevery.biz.ua\/index.php?rest_route=%2Fwp%2Fv2%2Ftags&post=670"}],"curies":[{"name":"wp","href":"https:\/\/api.w.org\/{rel}","templated":true}]}}