{"id":667,"date":"2026-01-21T06:14:04","date_gmt":"2026-01-21T06:14:04","guid":{"rendered":"https:\/\/lifevery.biz.ua\/?p=667"},"modified":"2026-01-21T06:14:04","modified_gmt":"2026-01-21T06:14:04","slug":"syn-malgorzaty-rozenek-pochwalil-sie-projektem-ktory-uszyl-na-renomowanej-uczelni-wrozycie-mu-kariere-w-swiecie-mody-foto","status":"publish","type":"post","link":"https:\/\/lifevery.biz.ua\/?p=667","title":{"rendered":"Syn Ma\u0142gorzaty Rozenek pochwali\u0142 si\u0119 projektem, kt\u00f3ry uszy\u0142 na RENOMOWANEJ uczelni. Wr\u00f3\u017cycie mu karier\u0119 w \u015bwiecie mody? (FOTO)"},"content":{"rendered":"\n<p>Ma\u0142gorzata Rozenek wielokrotnie udowadnia\u0142a, \u017ce jest kobiet\u0105 wielu talent\u00f3w, kt\u00f3ra stale poszukuje nowych zawodowych wyzwa\u0144. Jednym z nich jest rozkr\u0119canie autorskiej marki ubra\u0144 &#8220;Mrs. Drama&#8221;. Wygl\u0105da na to, \u017ce pasj\u0119 do mody z mlekiem wyssa\u0142 jej najstarszy syn Stanis\u0142aw.<\/p>\n\n\n\n<p>Ma\u0142gorzata Rozenek pokaza\u0142a wn\u0119trza luksusowego akademika Stasia W PARY\u017bU: maszyny do gier, sala kinowa i telewizor na ca\u0142ej \u015bcianie<\/p>\n\n\n\n<p>Pierworodny gwiazdy TVN w 2024 roku wyfrun\u0105\u0142 z rodzinnego gniazda. Stanis\u0142aw po uko\u0144czeniu elitarnego francuskiego liceum w Warszawie zdecydowa\u0142 si\u0119 na zagraniczne studia. Wyb\u00f3r pad\u0142 na presti\u017cow\u0105 uczelni\u0119 w Lyonie. Ostatecznie Stanis\u0142aw wola\u0142 przenie\u015b\u0107 si\u0119 do stolicy i podj\u0105\u0107 studia w Institut fran\u00e7ais de la mode, jednej z najlepszych szk\u00f3\u0142 mody na \u015bwiecie.<\/p>\n\n\n\n<p>Ma\u0142gorzata Rozenek wielokrotnie udowadnia\u0142a, \u017ce jest kobiet\u0105 wielu talent\u00f3w, kt\u00f3ra stale poszukuje nowych zawodowych wyzwa\u0144. Jednym z nich jest rozkr\u0119canie autorskiej marki ubra\u0144 &#8220;Mrs. Drama&#8221;. Wygl\u0105da na to, \u017ce pasj\u0119 do mody z mlekiem wyssa\u0142 jej najstarszy syn Stanis\u0142aw.<\/p>\n\n\n\n<p>Ma\u0142gorzata Rozenek pokaza\u0142a wn\u0119trza luksusowego akademika Stasia W PARY\u017bU: maszyny do gier, sala kinowa i telewizor na ca\u0142ej \u015bcianie<\/p>\n\n\n\n<p>Pierworodny gwiazdy TVN w 2024 roku wyfrun\u0105\u0142 z rodzinnego gniazda. Stanis\u0142aw po uko\u0144czeniu elitarnego francuskiego liceum w Warszawie zdecydowa\u0142 si\u0119 na zagraniczne studia. Wyb\u00f3r pad\u0142 na presti\u017cow\u0105 uczelni\u0119 w Lyonie. Ostatecznie Stanis\u0142aw wola\u0142 przenie\u015b\u0107 si\u0119 do stolicy i podj\u0105\u0107 studia w Institut fran\u00e7ais de la mode, jednej z najlepszych szk\u00f3\u0142 mody na \u015bwiecie.<\/p>\n\n\n\n<p>Wiemy, ile kosztuje akademik syna Ma\u0142gorzaty Rozenek. Nie b\u0119dzie narzeka\u0142 na brak udogodnie\u0144, ale wysoki standard ma swoj\u0105 cen\u0119<\/p>\n\n\n\n<p>Irena Kami\u0144ska-Radomska szczerze o relacjach z Ma\u0142gorzat\u0105 Rozenek-Majdan: &#8220;Nie obserwuj\u0119. Relacji nie ma\u2026&#8221;<br>Najnowszy projekt Stanis\u0142awa Rozenka<br>Sta\u015b ju\u017c od najm\u0142odszych wykazywa\u0142 zainteresowanie krawiectwem. W wieku zaledwie 14 lat ch\u0142opak bez niczyjej pomocy uszy\u0142 sobie spodnie, wywo\u0142uj\u0105c u Goni nieskrywany podziw. Innym razem sprezentowa\u0142 znanej rodzicielce kwiecist\u0105 marynark\u0119 w\u0142asnego autorstwa. Jako student renomowanej uczelni modowej, 20-latek podj\u0105\u0142 si\u0119 stworzenia bardziej ambitnego projektu. Rezultatami swojej pracy podzieli\u0142 si\u0119 za po\u015brednictwem Instagrama.<\/p>\n\n\n\n<p>IFM Paris Fashion design projekt drugoroczny. Kreacja na bazie ikonicznego elementu ubioru (kurtka uniwersytecka) z szablonu opakowania (Match Tonic Water). Ameryka\u0144ski kicz, nadmierna pewno\u015b\u0107 siebie &#8211; czytamy w opisie posta.<\/p>\n\n\n\n<p>Pod zdj\u0119ciami awangardowego stroju spod ig\u0142y Stasia, inspirowanego ameryka\u0144sk\u0105 kurtk\u0105 uniwersyteck\u0105, uaktywni\u0142a si\u0119 Ma\u0142gosia, pozostawiaj\u0105c emotikony serduszek.<\/p>\n\n\n\n<p>A Wam jak si\u0119 podoba projekt Stanis\u0142awa? B\u0119dzie z niego<\/p>\n\n\n\n<script async src=\"\/\/www.instagram.com\/embed.js\"><\/script>\n","protected":false},"excerpt":{"rendered":"Ma\u0142gorzata Rozenek wielokrotnie udowadnia\u0142a, \u017ce jest kobiet\u0105 wielu talent\u00f3w, kt\u00f3ra stale poszukuje nowych zawodowych wyzwa\u0144. Jednym z nich jest rozkr\u0119canie autorskiej marki ubra\u0144 \n<a class=\"moretag\" href=\"https:\/\/lifevery.biz.ua\/?p=667\"> [...]<\/a>","protected":false},"author":1,"featured_media":668,"comment_status":"open","ping_status":"open","sticky":false,"template":"","format":"standard","meta":{"footnotes":""},"categories":[1],"tags":[],"class_list":["post-667","post","type-post","status-publish","format-standard","has-post-thumbnail","hentry","category-blog"],"_links":{"self":[{"href":"https:\/\/lifevery.biz.ua\/index.php?rest_route=\/wp\/v2\/posts\/667","targetHints":{"allow":["GET"]}}],"collection":[{"href":"https:\/\/lifevery.biz.ua\/index.php?rest_route=\/wp\/v2\/posts"}],"about":[{"href":"https:\/\/lifevery.biz.ua\/index.php?rest_route=\/wp\/v2\/types\/post"}],"author":[{"embeddable":true,"href":"https:\/\/lifevery.biz.ua\/index.php?rest_route=\/wp\/v2\/users\/1"}],"replies":[{"embeddable":true,"href":"https:\/\/lifevery.biz.ua\/index.php?rest_route=%2Fwp%2Fv2%2Fcomments&post=667"}],"version-history":[{"count":1,"href":"https:\/\/lifevery.biz.ua\/index.php?rest_route=\/wp\/v2\/posts\/667\/revisions"}],"predecessor-version":[{"id":669,"href":"https:\/\/lifevery.biz.ua\/index.php?rest_route=\/wp\/v2\/posts\/667\/revisions\/669"}],"wp:featuredmedia":[{"embeddable":true,"href":"https:\/\/lifevery.biz.ua\/index.php?rest_route=\/wp\/v2\/media\/668"}],"wp:attachment":[{"href":"https:\/\/lifevery.biz.ua\/index.php?rest_route=%2Fwp%2Fv2%2Fmedia&parent=667"}],"wp:term":[{"taxonomy":"category","embeddable":true,"href":"https:\/\/lifevery.biz.ua\/index.php?rest_route=%2Fwp%2Fv2%2Fcategories&post=667"},{"taxonomy":"post_tag","embeddable":true,"href":"https:\/\/lifevery.biz.ua\/index.php?rest_route=%2Fwp%2Fv2%2Ftags&post=667"}],"curies":[{"name":"wp","href":"https:\/\/api.w.org\/{rel}","templated":true}]}}