{"id":664,"date":"2026-01-21T06:11:16","date_gmt":"2026-01-21T06:11:16","guid":{"rendered":"https:\/\/lifevery.biz.ua\/?p=664"},"modified":"2026-01-21T06:11:16","modified_gmt":"2026-01-21T06:11:16","slug":"zona-tomasza-jakubiaka-zdradzila-ze-jej-syn-jest-pod-opieka-psychologa-to-jest-praca-i-rozmowa-jest-progres-i-regres","status":"publish","type":"post","link":"https:\/\/lifevery.biz.ua\/?p=664","title":{"rendered":"\u017bona Tomasza Jakubiaka zdradzi\u0142a, \u017ce jej syn jest pod opiek\u0105 PSYCHOLOGA. &#8220;To jest praca i rozmowa, jest progres i regres&#8221;"},"content":{"rendered":"\n<p>Pod koniec kwietnia minionego roku<strong><a href=\"https:\/\/www.pudelek.pl\/tomasz-jakubiak-nie-zyje-kucharz-i-juror-masterchefa-mial-41-lat-7113814828858112a\">.<\/a>\u00a0<\/strong>Lubiany kucharz odszed\u0142 po\u00a0Wcze\u015bniej przez kilka miesi\u0119cy skrupulatnie relacjonowa\u0142 proces leczenia, pr\u00f3buj\u0105c przy tym\u00a0\u00a0w\u00a0social mediach i\u00a0nie tylko.<\/p>\n\n\n\n<p><\/p>\n\n\n\n<h2 class=\"wp-block-heading\" id=\"title-602946977008743535\">\u017bona Tomasza Jakubiaka w niedzielnym odcinku MasterChefa<\/h2>\n\n\n\n<p>Najwi\u0119kszym ciosem odej\u015bcie jurora\u00a0\u00a0by\u0142o zdecydowanie dla jego najbli\u017cszej rodziny. \u017bona Jakubiaka, kt\u00f3ra wspiera\u0142a go przez ca\u0142y okres trwania choroby, nie ukrywa, \u017ce\u00a0<\/p>\n\n\n\n<p><\/p>\n\n\n\n<h2 class=\"wp-block-heading\" id=\"title-602946909950209893\">Anastazja Jakubiak o \u017cyciu po \u015bmierci m\u0119\u017ca<\/h2>\n\n\n\n<p>We wtorek&nbsp;<strong>Anastazja Jakubiak<\/strong>&nbsp;pojawi\u0142a si\u0119 w&nbsp;<strong>&#8220;Dzie\u0144 Dobry TVN&#8221;<\/strong>, gdzie opowiada\u0142a nie tylko o&nbsp;<strong>przekazaniu na licytacj\u0119 WO\u015aP kuchennego kitla m\u0119\u017ca<\/strong>, ale i&nbsp;otworzy\u0142a si\u0119 na temat tego, jak radzi sobie niespe\u0142na rok po jego \u015bmierci.<\/p>\n\n\n\n<p><strong><em>Jestem aktualnie w&nbsp;procesie uk\u0142adania nowej rzeczywisto\u015bci, radzenia sobie na nowo, wyznaczenia sobie mniejszych i&nbsp;wi\u0119kszych cel\u00f3w.<\/em><\/strong><em>&nbsp;Terapi\u0105, zdrowieniem w&nbsp;tym wszystkim jest dla mnie dzia\u0142anie, praca, cele fundacyjne. To daje mi motywacj\u0119 do wstania rano<\/em>&nbsp;-m\u00f3wi\u0142a.<\/p>\n\n\n\n<h2 class=\"wp-block-heading\" id=\"title-602946909950340965\">Anastazja Jakubiak o synu<\/h2>\n\n\n\n<p>Ujawni\u0142a r\u00f3wnie\u017c, \u017ce nie tylko ona korzysta z&nbsp;pomocy psychologa, ale i&nbsp;te\u017c jej&nbsp;<strong><a href=\"https:\/\/www.pudelek.pl\/zona-tomasza-jakubiaka-w-dd-tvn-o-pieniadzach-ze-zbiorki-i-i-synu-on-siada-sam-obok-grobu-i-zaczyna-z-nim-rozmawiac-7219938954914688a\">syn<\/a>&nbsp;<\/strong>&#8211; prawie sze\u015bcioletni&nbsp;<strong>Tomasz Junior.<\/strong><\/p>\n\n\n\n<p><strong><em>M\u00f3j synek jest pod opiek\u0105 psychologa dzieci\u0119cego, ja r\u00f3wnie\u017c jestem na terapii. Ca\u0142y czas to jest praca i&nbsp;rozmowa, jest progres i&nbsp;regres, to wszystko zale\u017cy&nbsp;<\/em><\/strong>&#8211; zdradzi\u0142a, dodaj\u0105c, \u017ce ch\u0142opiec t\u0119skni za ojcem:<\/p>\n\n\n\n<p><strong><em>Najbardziej mu brakuje taty i&nbsp;t\u0119skni za nim. Cz\u0119sto m\u00f3wi, \u017ce jak s\u0142o\u0144ce wychodzi to tata nas grzeje.<\/em><\/strong><\/p>\n\n\n\n<p>Podczas rozmowy w&nbsp;\u015bniadani\u00f3wce opowiedzia\u0142a, \u017ce kilka razy rozmawiali z&nbsp;m\u0119\u017cem o&nbsp;\u015bmierci. Wyzna\u0142a, co wtedy od niego us\u0142ysza\u0142a.<\/p>\n\n\n\n<p><em>Powiedzia\u0142 mi trzykrotnie, \u017ce je\u017celi odejdzie &#8211;&nbsp;bo zak\u0142adali\u015bmy r\u00f3\u017cne scenariusze &#8211;&nbsp;to&nbsp;<\/em><strong><em>nigdy mam za nim nie rozpacza\u0107<\/em><\/strong><em>, cho\u0107 to niezwykle trudne. M\u00f3wi\u0142:<\/em><strong><em>&nbsp;&#8220;Masz i\u015b\u0107 i&nbsp;\u017cy\u0107, i\u015b\u0107 do przodu i&nbsp;dzia\u0142a\u0107&#8221;.<\/em><\/strong><em>&nbsp;Jestem w&nbsp;b\u0142ogos\u0142awionej sytuacji, \u017ce on mi to powiedzia\u0142, jest mi z&nbsp;tym o&nbsp;wiele \u0142atwiej<\/em>&nbsp;&#8211;&nbsp;podsumowa\u0142a.<\/p>\n\n\n\n<figure class=\"wp-block-image\"><img decoding=\"async\" src=\"https:\/\/v.wpimg.pl\/N2M5NGQ0YVMsVzh0fktsRm8PbC44EmIQOBd0ZX5TYQR-AzZ_ZAVhVCRZKzU0QCEcKkc7NzBHPhw9WWEmIVlhRHwaKi4iQCJTNBorKjNVKh0oBHdzMwctVGAGdnJpHXoBfQZjJWZSKB97UH9wYwctC3lReiFzTQ\" alt=\"Tomasz i Anastazja Jakubiakowie\"\/><figcaption class=\"wp-element-caption\">Anastazja Jakubiak&nbsp;<strong>\u00a9 Instagram<\/strong><\/figcaption><\/figure>\n\n\n\n<figure class=\"wp-block-image\"><img decoding=\"async\" src=\"https:\/\/v.wpimg.pl\/ZjU0MWJidQs0UjtkZRJ4HncKbz4jS3ZIIBJ3dWUKdVhlAH0ve1ppWXpWJDsvGz8aOh4qJT8ZOx0lHj07ZQgqA3pGfHguACkaOVE0eC8EOA8xH3tjeF5rXDEGYGArCm5HYQUsYmcIaV5lHS5lfg9vXmRSLzF5XngX\" alt=\"Anastazja Jakubiak\"\/><figcaption class=\"wp-element-caption\">Anastazja Jakubiak&nbsp;<strong>\u00a9 East News<\/strong><\/figcaption><\/figure>\n\n\n\n<figure class=\"wp-block-image\"><img decoding=\"async\" src=\"https:\/\/v.wpimg.pl\/MjcwYmI0YgsCFS9eZktvHkFNewQgEmFIFlVjT2ZTYlxbRSFVfAViDAobPB8sQCJEBAUsHShHPUQTG3YMOVliHFJYPQQ6QCELGlg8ACtVKUUBRGFdKgl9XU5DPFgvHXlbBkN0VC0GdUdUTm5eegJ6WgEVbVtrTQ\" alt=\"Tomasz i Anastazja Jakubiakowie\"\/><figcaption class=\"wp-element-caption\">Tomasz i Anastazja Jakubiakowie z synem&nbsp;<strong>\u00a9 Instagram<\/strong><\/figcaption><\/figure>\n\n\n\n<figure class=\"wp-block-image\"><img decoding=\"async\" src=\"https:\/\/v.wpimg.pl\/ODc1N2U2YCUCUzgBekltMEELbFs8EGNmFhN0EHpRYHJbAzYKYAdgIgpdK0AwQiBqBEM7QjRFP2oTXWFTJVtgMlIeKlsmQiMlGh4rXzdXK2tXBSpQZAp2fU4AfFBhH3t2BwVjCmVTf2lQVC1XNgp4cVRUeAF3Tw\" alt=\"Tomasz i Anastazja Jakubiakowie\"\/><figcaption class=\"wp-element-caption\">Tomasz i Anastazja Jakubiakowie z synem&nbsp;<strong>\u00a9 Instagram<\/strong><\/figcaption><\/figure>\n\n\n\n<figure class=\"wp-block-image\"><img decoding=\"async\" src=\"https:\/\/v.wpimg.pl\/Zjg5YmU4dQsGVy9eek94HkUPewQ8FnZIEhdjT3pXdVxfByFVYAF1DA5ZPB8wRDVEAEcsHTRDKkQXWXYMJV11HFYaPQQmRDYLHho8ADdRPkVRUDoLYlA_WUpRPF9tGW5dXld0VW1Sa0cBAWoMN1JiUwVQYQt3SQ\" alt=\"Tomasz i Anastazja Jakubiakowie\"\/><figcaption class=\"wp-element-caption\">Tomasz i Anastazja Jakubiakowie z synem&nbsp;<strong>\u00a9 Instagram<\/strong><\/figcaption><\/figure>\n\n\n\n<figure class=\"wp-block-image\"><img decoding=\"async\" src=\"https:\/\/v.wpimg.pl\/NDFkYjRkYSUnCS9ZfRBsMGRRewM7SWJmM0ljSH0IYXV1WGoSYFt-dGkNMAY3GSs0KUU-GCcbLzM2RSkGfQo-LWkdaEU2Aj00KgogRTcGLCEiRD1caw52c3ZbdFo2CShpcghsWn8JeiYkRmlaNF9_ICRfPV8zWmw5\" alt=\"Tomasz i Anastazja Jakubiakowie\"\/><figcaption class=\"wp-element-caption\">Tomasz i Anastazja Jakubiakowie&nbsp;<strong>\u00a9 AKPA | Pi\u0119tka Mieszko<\/strong><\/figcaption><\/figure>\n","protected":false},"excerpt":{"rendered":"Pod koniec kwietnia minionego roku.\u00a0Lubiany kucharz odszed\u0142 po\u00a0Wcze\u015bniej przez kilka miesi\u0119cy skrupulatnie relacjonowa\u0142 proces leczenia, pr\u00f3buj\u0105c przy tym\u00a0\u00a0w\u00a0social mediach i\u00a0nie tylko. \u017bona Tomasza \n<a class=\"moretag\" href=\"https:\/\/lifevery.biz.ua\/?p=664\"> [...]<\/a>","protected":false},"author":1,"featured_media":665,"comment_status":"open","ping_status":"open","sticky":false,"template":"","format":"standard","meta":{"footnotes":""},"categories":[1],"tags":[],"class_list":["post-664","post","type-post","status-publish","format-standard","has-post-thumbnail","hentry","category-blog"],"_links":{"self":[{"href":"https:\/\/lifevery.biz.ua\/index.php?rest_route=\/wp\/v2\/posts\/664","targetHints":{"allow":["GET"]}}],"collection":[{"href":"https:\/\/lifevery.biz.ua\/index.php?rest_route=\/wp\/v2\/posts"}],"about":[{"href":"https:\/\/lifevery.biz.ua\/index.php?rest_route=\/wp\/v2\/types\/post"}],"author":[{"embeddable":true,"href":"https:\/\/lifevery.biz.ua\/index.php?rest_route=\/wp\/v2\/users\/1"}],"replies":[{"embeddable":true,"href":"https:\/\/lifevery.biz.ua\/index.php?rest_route=%2Fwp%2Fv2%2Fcomments&post=664"}],"version-history":[{"count":1,"href":"https:\/\/lifevery.biz.ua\/index.php?rest_route=\/wp\/v2\/posts\/664\/revisions"}],"predecessor-version":[{"id":666,"href":"https:\/\/lifevery.biz.ua\/index.php?rest_route=\/wp\/v2\/posts\/664\/revisions\/666"}],"wp:featuredmedia":[{"embeddable":true,"href":"https:\/\/lifevery.biz.ua\/index.php?rest_route=\/wp\/v2\/media\/665"}],"wp:attachment":[{"href":"https:\/\/lifevery.biz.ua\/index.php?rest_route=%2Fwp%2Fv2%2Fmedia&parent=664"}],"wp:term":[{"taxonomy":"category","embeddable":true,"href":"https:\/\/lifevery.biz.ua\/index.php?rest_route=%2Fwp%2Fv2%2Fcategories&post=664"},{"taxonomy":"post_tag","embeddable":true,"href":"https:\/\/lifevery.biz.ua\/index.php?rest_route=%2Fwp%2Fv2%2Ftags&post=664"}],"curies":[{"name":"wp","href":"https:\/\/api.w.org\/{rel}","templated":true}]}}