{"id":64,"date":"2026-01-15T20:10:55","date_gmt":"2026-01-15T20:10:55","guid":{"rendered":"https:\/\/lifevery.biz.ua\/?p=64"},"modified":"2026-01-15T20:10:55","modified_gmt":"2026-01-15T20:10:55","slug":"katastrofalny-pozar-ogromny-sklep-caly-w-ogniu-czarny-dym-widac-z-daleka","status":"publish","type":"post","link":"https:\/\/lifevery.biz.ua\/?p=64","title":{"rendered":"Katastrofalny po\u017car, ogromny sklep ca\u0142y w ogniu. Czarny dym wida\u0107 z daleka"},"content":{"rendered":"\n<p>Poranek w jednym z dolno\u015bl\u0105skich miast zosta\u0142 nagle przerwany przez niepokoj\u0105ce sygna\u0142y s\u0142u\u017cb ratunkowych. Mieszka\u0144cy szybko zauwa\u017cyli dym i obecno\u015b\u0107 licznych woz\u00f3w stra\u017cy po\u017carnej, a okolica na pewien czas zosta\u0142a wy\u0142\u0105czona z normalnego funkcjonowania. Skala interwencji sugerowa\u0142a, \u017ce dosz\u0142o do powa\u017cnego zdarzenia, kt\u00f3re mo\u017ce mie\u0107 konsekwencje dla ca\u0142ej lokalnej spo\u0142eczno\u015bci.<\/p>\n\n\n\n<ul class=\"wp-block-list\">\n<li>Co dok\u0142adnie wydarzy\u0142o si\u0119 w Polkowicach<\/li>\n\n\n\n<li>Jak wygl\u0105da\u0142a akcja stra\u017cak\u00f3w<\/li>\n\n\n\n<li>Jakie s\u0105 skutki i co b\u0119dzie dalej<\/li>\n<\/ul>\n\n\n\n<p>Ogie\u0144 i dym nad miastem. Jak wygl\u0105da\u0142a sytuacja na miejscu?<br>Do gro\u017anego zdarzenia dosz\u0142o w rejonie ulicy Kolejowej w Polkowicach we wczesnych godzinach porannych. Jako pierwsi niepokoj\u0105ce oznaki zauwa\u017cyli okoliczni mieszka\u0144cy i przechodnie, kt\u00f3rzy dostrzegli g\u0119sty dym unosz\u0105cy si\u0119 nad jednym z budynk\u00f3w handlowych. W kr\u00f3tkim czasie do s\u0142u\u017cb ratunkowych zacz\u0119\u0142y nap\u0142ywa\u0107 kolejne zg\u0142oszenia, co potwierdzi\u0142o, \u017ce sytuacja jest powa\u017cna i wymaga natychmiastowej reakcji.<\/p>\n\n\n\n<p>Na miejsce skierowano liczne zast\u0119py stra\u017cy po\u017carnej z Polkowic oraz okolicznych miejscowo\u015bci. Obszar wok\u00f3\u0142 obiektu zosta\u0142 szybko zabezpieczony, a osoby przebywaj\u0105ce w pobli\u017cu poproszono o oddalenie si\u0119 na bezpieczn\u0105 odleg\u0142o\u015b\u0107. Stra\u017cacy musieli dzia\u0142a\u0107 w trudnych warunkach \u2013 widoczno\u015b\u0107 by\u0142a ograniczona, a intensywny dym utrudnia\u0142 ocen\u0119 sytuacji wewn\u0105trz budynku. Dodatkowym wyzwaniem by\u0142 charakter obiektu, w kt\u00f3rym znajdowa\u0142y si\u0119 r\u00f3\u017cnego rodzaju produkty i opakowania mog\u0105ce pot\u0119gowa\u0107 zagro\u017cenie.<\/p>\n\n\n\n<p>Walka z \u017cywio\u0142em. Kulisy akcji ratowniczo-ga\u015bniczej<br>Po przybyciu pierwszych jednostek rozpocz\u0119\u0142o si\u0119 dok\u0142adne rozpoznanie terenu. Dow\u00f3dcy musieli szybko zdecydowa\u0107, w jaki spos\u00f3b rozmie\u015bci\u0107 wozy bojowe, aby zapewni\u0107 sta\u0142y dost\u0119p do wody i jednocze\u015bnie zminimalizowa\u0107 ryzyko dla ratownik\u00f3w. Ogie\u0144 obj\u0105\u0142 znaczn\u0105 cz\u0119\u015b\u0107 budynku, dlatego konieczne by\u0142o u\u017cycie nie tylko wody, ale r\u00f3wnie\u017c \u015brodk\u00f3w pianotw\u00f3rczych, kt\u00f3re pozwalaj\u0105 skuteczniej t\u0142umi\u0107 p\u0142omienie w zamkni\u0119tych przestrzeniach.<\/p>\n\n\n\n<p>R\u00f3wnocze\u015bnie prowadzono dzia\u0142ania od wewn\u0105trz i z zewn\u0105trz obiektu. Stra\u017cacy pracowali w aparatach ochrony dr\u00f3g oddechowych, poniewa\u017c spalaj\u0105ce si\u0119 materia\u0142y wytwarza\u0142y szkodliwe opary. Zastosowano tak\u017ce sprz\u0119t do oddymiania i wentylacji, aby poprawi\u0107 warunki pracy wewn\u0105trz budynku i ograniczy\u0107 rozprzestrzenianie si\u0119 dymu na okolic\u0119.<\/p>\n\n\n\n<p>Kluczowym momentem by\u0142o odci\u0119cie medi\u00f3w \u2013 pr\u0105du i gazu \u2013 co zmniejszy\u0142o ryzyko eksplozji i pozwoli\u0142o bezpieczniej prowadzi\u0107 dalsze dzia\u0142ania. Po kilkudziesi\u0119ciu minutach intensywnej walki z \u017cywio\u0142em uda\u0142o si\u0119 zahamowa\u0107 jego rozw\u00f3j i zapobiec przeniesieniu si\u0119 ognia na s\u0105siednie zabudowania. Ca\u0142a akcja trwa\u0142a kilka godzin, a po ugaszeniu p\u0142omieni rozpocz\u0105\u0142 si\u0119 \u017cmudny etap dogaszania i sprawdzania, czy nie ma ukrytych zarzewi po\u017caru.<br><\/p>\n\n\n\n<p>Straty, dochodzenie i przysz\u0142o\u015b\u0107 sklepu<br>Cho\u0107 w zdarzeniu nikt nie odni\u00f3s\u0142 obra\u017ce\u0144, skutki materialne s\u0105 bardzo powa\u017cne. Budynek, w kt\u00f3rym mie\u015bci\u0142 si\u0119 sklep, zosta\u0142 mocno zniszczony przez ogie\u0144, wysok\u0105 temperatur\u0119 i dym. Towar znajduj\u0105cy si\u0119 wewn\u0105trz nie nadaje si\u0119 do dalszego u\u017cytku, co oznacza znaczne straty finansowe. Dla mieszka\u0144c\u00f3w okolicy to r\u00f3wnie\u017c du\u017ce utrudnienie \u2013 plac\u00f3wka by\u0142a wa\u017cnym punktem zakupowym dla wielu os\u00f3b.<\/p>\n\n\n\n<p>Po zako\u0144czeniu akcji teren zosta\u0142 zabezpieczony i przekazany odpowiednim s\u0142u\u017cbom. Rozpocz\u0119\u0142o si\u0119 dochodzenie, kt\u00f3re ma ustali\u0107 dok\u0142adne przyczyny po\u017caru. Jedn\u0105 z branych pod uwag\u0119 hipotez jest awaria instalacji elektrycznej, jednak na oficjalne ustalenia trzeba b\u0119dzie jeszcze poczeka\u0107.<\/p>\n\n\n\n<p>Przedstawiciele sieci handlowej zapowiedzieli ju\u017c, \u017ce zrobi\u0105 wszystko, aby jak najszybciej przywr\u00f3ci\u0107 dzia\u0142alno\u015b\u0107 sklepu w tym miejscu. W najbli\u017cszych tygodniach obiekt przejdzie ocen\u0119 techniczn\u0105, a nast\u0119pnie rozpoczn\u0105 si\u0119 prace porz\u0105dkowe i przygotowania do odbudowy.<\/p>\n\n\n\n<p>Poranny po\u017car w Polkowicach pokaza\u0142, jak wa\u017cna jest szybka reakcja s\u0142u\u017cb ratowniczych i sprawnie dzia\u0142aj\u0105cy system alarmowy. Dzi\u0119ki profesjonalizmowi stra\u017cak\u00f3w uda\u0142o si\u0119 unikn\u0105\u0107 ofiar i wi\u0119kszej tragedii, a miasto mo\u017ce teraz skupi\u0107 si\u0119 na powrocie do normalnego funkcjonowania.<br><\/p>\n","protected":false},"excerpt":{"rendered":"Poranek w jednym z dolno\u015bl\u0105skich miast zosta\u0142 nagle przerwany przez niepokoj\u0105ce sygna\u0142y s\u0142u\u017cb ratunkowych. Mieszka\u0144cy szybko zauwa\u017cyli dym i obecno\u015b\u0107 licznych woz\u00f3w stra\u017cy \n<a class=\"moretag\" href=\"https:\/\/lifevery.biz.ua\/?p=64\"> [...]<\/a>","protected":false},"author":1,"featured_media":65,"comment_status":"open","ping_status":"open","sticky":false,"template":"","format":"standard","meta":{"footnotes":""},"categories":[1],"tags":[],"class_list":["post-64","post","type-post","status-publish","format-standard","has-post-thumbnail","hentry","category-blog"],"_links":{"self":[{"href":"https:\/\/lifevery.biz.ua\/index.php?rest_route=\/wp\/v2\/posts\/64","targetHints":{"allow":["GET"]}}],"collection":[{"href":"https:\/\/lifevery.biz.ua\/index.php?rest_route=\/wp\/v2\/posts"}],"about":[{"href":"https:\/\/lifevery.biz.ua\/index.php?rest_route=\/wp\/v2\/types\/post"}],"author":[{"embeddable":true,"href":"https:\/\/lifevery.biz.ua\/index.php?rest_route=\/wp\/v2\/users\/1"}],"replies":[{"embeddable":true,"href":"https:\/\/lifevery.biz.ua\/index.php?rest_route=%2Fwp%2Fv2%2Fcomments&post=64"}],"version-history":[{"count":1,"href":"https:\/\/lifevery.biz.ua\/index.php?rest_route=\/wp\/v2\/posts\/64\/revisions"}],"predecessor-version":[{"id":66,"href":"https:\/\/lifevery.biz.ua\/index.php?rest_route=\/wp\/v2\/posts\/64\/revisions\/66"}],"wp:featuredmedia":[{"embeddable":true,"href":"https:\/\/lifevery.biz.ua\/index.php?rest_route=\/wp\/v2\/media\/65"}],"wp:attachment":[{"href":"https:\/\/lifevery.biz.ua\/index.php?rest_route=%2Fwp%2Fv2%2Fmedia&parent=64"}],"wp:term":[{"taxonomy":"category","embeddable":true,"href":"https:\/\/lifevery.biz.ua\/index.php?rest_route=%2Fwp%2Fv2%2Fcategories&post=64"},{"taxonomy":"post_tag","embeddable":true,"href":"https:\/\/lifevery.biz.ua\/index.php?rest_route=%2Fwp%2Fv2%2Ftags&post=64"}],"curies":[{"name":"wp","href":"https:\/\/api.w.org\/{rel}","templated":true}]}}