{"id":635,"date":"2026-01-20T18:11:15","date_gmt":"2026-01-20T18:11:15","guid":{"rendered":"https:\/\/lifevery.biz.ua\/?p=635"},"modified":"2026-01-20T18:11:15","modified_gmt":"2026-01-20T18:11:15","slug":"pieklo-zamarzlo-doda-i-malgorzata-rozenek-spotkaly-sie-w-sejmie-przy-jednym-stole-zdjecia","status":"publish","type":"post","link":"https:\/\/lifevery.biz.ua\/?p=635","title":{"rendered":"Piek\u0142o zamarz\u0142o: Doda i Ma\u0142gorzata Rozenek spotka\u0142y si\u0119 w Sejmie przy JEDNYM STOLE (ZDJ\u0118CIA)"},"content":{"rendered":"\n<p>Temat odpalania fajerwerk\u00f3w w&nbsp;sylwestrow\u0105 noc, jak zreszt\u0105 wiele innych, od lat polaryzuje nasze spo\u0142ecze\u0144stwo. Szacuje si\u0119, \u017ce ka\u017cdego roku przeznaczamy \u0142\u0105cznie nawet&nbsp;<strong>p\u00f3\u0142 miliarda z\u0142otych<\/strong>&nbsp;na r\u00f3\u017cnego rodzaju wyroby pirotechniczne. Pomimo sprzeciw\u00f3w obro\u0144c\u00f3w praw zwierz\u0105t, dla kt\u00f3rych ko\u0144c\u00f3wka grudnia wi\u0105\u017ce si\u0119 z&nbsp;panicznym l\u0119kiem, wiele os\u00f3b niestety wci\u0105\u017c nie wyobra\u017ca sobie hucznego (i to dos\u0142ownie) powitania nowego roku.<\/p>\n\n\n\n<p><\/p>\n\n\n\n<p>Przedstawiciele lewicowej cz\u0119\u015bci sceny politycznej ju\u017c od kilku miesi\u0119cy pracowali nad dwoma projektami dotycz\u0105cymi&nbsp;<strong>ca\u0142orocznego zakazu u\u017cywania fajerwerk\u00f3w<\/strong>. W&nbsp;tym celu w&nbsp;\u015brodowe po\u0142udnie odby\u0142o si\u0119 posiedzenie Komisji Nadzwyczajnej ds. Ochrony Zwierz\u0105t. Poza jej cz\u0142onkami sejmowymi korytarzami przechadza\u0142y si\u0119&#8230;&nbsp;<strong>Doda<\/strong>&nbsp;i&nbsp;<strong>Ma\u0142gorzata Rozenek<\/strong>. Panie zawiesi\u0142y top\u00f3r wojenny, maj\u0105c na uwadze dobro naszych braci mniejszych.<\/p>\n\n\n\n<h2 class=\"wp-block-heading\">Doda i Ma\u0142gorzata Rozenek mocno anga\u017cuj\u0105 si\u0119 na rzecz zwierz\u0105t<\/h2>\n\n\n\n<p>W ostatnim czasie profile instagramowe celebrytek zala\u0142y nagrania zwracaj\u0105ce uwag\u0119 na tragiczn\u0105 sytuacj\u0119 wielu bezpa\u0144skich ps\u00f3w i&nbsp;kot\u00f3w. Rabczewska nag\u0142o\u015bni\u0142a temat bestialskiego traktowania zwierz\u0105t w&nbsp;schronisku w&nbsp;Bytomiu. Osobi\u015bcie dotar\u0142a na miejsce, gdzie&nbsp;<strong><a href=\"https:\/\/jastrzabpost.pl\/doda-spotkala-sie-z-kierowniczka-schroniska-w-bytomiu-padly-mocne-slowa,7244362109020384a\">rozmawia\u0142a z&nbsp;w\u0142adzami&nbsp;plac\u00f3wki<\/a><\/strong><a href=\"https:\/\/jastrzabpost.pl\/doda-spotkala-sie-z-kierowniczka-schroniska-w-bytomiu-padly-mocne-slowa,7244362109020384a\">,<\/a>&nbsp;kt\u00f3re w&nbsp;jej opinii dopu\u015bci\u0142y si\u0119 nadu\u017cy\u0107 finansowych. W&nbsp;tym samym czasie Rozenek odwiedzi\u0142a fundacj\u0119 nios\u0105c\u0105 pomoc porzuconym szczeniakom. Wsp\u00f3lnie z&nbsp;jej dzia\u0142aczami pochyli\u0142a si\u0119 nad kastracj\u0105 i&nbsp;sterylizacj\u0105 zwierz\u0105t jako najlepsz\u0105 jej zdaniem metod\u0105 zachowania kontroli nad populacj\u0105.<\/p>\n\n\n\n<p>Dzi\u015b\u00a0<strong>zasiad\u0142y do jednego sto\u0142u<\/strong>\u00a0z\u00a0wielkimi nadziejami, \u017ce cho\u0107by cz\u0119\u015bciowo przys\u0142u\u017c\u0105 si\u0119 ul\u017ceniu w\u00a0cierpieniu zwierz\u0119tom. Naturalnie z\u00a0tej okazji zaprezentowa\u0142y si\u0119 w\u00a0eleganckich, od\u015bwi\u0119tnych wydaniach. Doda wkroczy\u0142a na sal\u0119 w\u00a0czekoladowym zestawie sk\u0142adaj\u0105cym si\u0119 z\u00a0<strong>dopasowanej sp\u00f3dnicy<\/strong>\u00a0i\u00a0<strong>bluzki ko<\/strong>, wybra\u0142a spodnie dzwony i\u00a0zbli\u017con\u0105 kolorystycznie\u00a0<strong>br\u0105zow\u0105 marynark\u0119<\/strong>.<\/p>\n\n\n\n<p>My\u015blicie, \u017ce poda\u0142y sobie r\u0119k\u0119 na przywitanie?<\/p>\n\n\n\n<p><\/p>\n\n\n\n<p>Ma\u0142gorzata Rozenek<\/p>\n\n\n\n<figure class=\"wp-block-image\"><img decoding=\"async\" src=\"https:\/\/v.wpimg.pl\/MjRmNzBhYgszDzhJbRNvHnBXbBMrSmFIJ090WG1fdV4qQigTLg0_DyICYB0wHT0LJR1gCi5HLBo7QjhLbQwkGSIBLwNtDSAINwlhG3BQfAw2VXdXe11-CH9Zf0pxRXRZNwljG3VcLlhmC3lKIwl7SC8\" alt=\"Ma\u0142gorzata Rozenek w drodze do Sejmu\"\/><\/figure>\n\n\n\n<p>118<\/p>\n\n\n\n<p><a href=\"https:\/\/www.pudelek.pl\/marianna-schreiber-znowu-rozstala-sie-korczarowskim-udostepnila-jego-wiadomosci-z-inna-kobieta-na-18-maja-mielismy-zaplanowany-slub-7245493482461408a\"><\/a><\/p>\n\n\n\n<p><a href=\"https:\/\/www.pudelek.pl\/marianna-schreiber-znowu-rozstala-sie-korczarowskim-udostepnila-jego-wiadomosci-z-inna-kobieta-na-18-maja-mielismy-zaplanowany-slub-7245493482461408a\"><\/a><\/p>\n\n\n\n<p><a href=\"https:\/\/www.pudelek.pl\/marianna-schreiber-znowu-rozstala-sie-korczarowskim-udostepnila-jego-wiadomosci-z-inna-kobieta-na-18-maja-mielismy-zaplanowany-slub-7245493482461408a\">M<\/a><\/p>\n\n\n\n<p>Ma\u0142gorzata Rozenek<\/p>\n\n\n\n<figure class=\"wp-block-image\"><img decoding=\"async\" src=\"https:\/\/v.wpimg.pl\/YmYwZTM3dgw4FSxnYkh7GXtNeD0kEXVPLFVgdmIEYVkhWDw9IVYrCCkYdDM_RikMLgd0JCEcOB0wWCxlYlcwHikbOy1iVjQPPBN1Zi4DaAk6Tm95eQdsXXRDa2F_HjhfbxF3ZXkCbg8_Rz9negE6TyQ\" alt=\"Ma\u0142gorzata Rozenek w drodze do Sejmu\"\/><\/figure>\n\n\n\n<p><\/p>\n\n\n\n<p>Doda<\/p>\n\n\n\n<figure class=\"wp-block-image\"><img decoding=\"async\" src=\"https:\/\/v.wpimg.pl\/ZWNlZjQwdTYvDixZfgx4I2xWeAM4VXZ1O05gSH5AYmM2QzwDPRIoMj4DdA0jAio2ORx0Gj1YOycnQyxbfhMzJD4AOxN-Ejc1Kwh1CWVPamYrWztHYhE7ZmNYaFlpWjhlfFt3WTBAYzItCTxeYRZtdTM\" alt=\"Doda w drodze do Sejmu\"\/><\/figure>\n\n\n\n<p>296<\/p>\n\n\n\n<p>Doda<\/p>\n\n\n\n<figure class=\"wp-block-image\"><img decoding=\"async\" src=\"https:\/\/v.wpimg.pl\/YWRiNzNidjYzCzhJYRJ7I3BTbBMnS3V1J0t0WGFeYWMqRigTIgwrMiIGYB08HCk2JRlgCiJGOCc7RjhLYQ0wJCIFLwNhDDQ1Nw1hTH1fazUzXy1XK1psZH9dfhx3RGBmNlhjQ3pfYTY2C3lJLFBpdS8\" alt=\"Doda w sejmie\"\/><\/figure>\n\n\n\n<p>390<\/p>\n\n\n\n<p>139<\/p>\n\n\n\n<p>Gwiazd\u0119 estrady niecz\u0119sto mo\u017cemy podziwia\u0107 w&nbsp;takim wydaniu.<\/p>\n\n\n\n<p>Zobacz tak\u017ce:&nbsp;Ma\u0142gorzata Rozenek zapytana o Dod\u0119. &#8220;Wol\u0119 te pytania, ni\u017c pytania o wygl\u0105d&#8221;<\/p>\n\n\n\n<p>Doda<\/p>\n\n\n\n<figure class=\"wp-block-image\"><img decoding=\"async\" src=\"https:\/\/v.wpimg.pl\/ZGNmMzhjdSYvDztJRxF4M2xXbxMBSHZlO093WEddYnM2QisTBA8oIj4CYx0aHyomOR1jCgRFOzcnQjtLRw4zND4BLANHDzclKwliGFoObXR4DitXUF1jIWNZfksNRzgje1RgSFhTaiMtC35CC1xpZTM\" alt=\"Doda w Sejmie\"\/><\/figure>\n\n\n\n<p><\/p>\n\n\n\n<p>Ma\u0142gorzata Rozenek<\/p>\n\n\n\n<figure class=\"wp-block-image\"><img decoding=\"async\" src=\"https:\/\/v.wpimg.pl\/YmQxNzBjdgwwGjhJbRF7GXNCbBMrSHVPJFp0WG1dYVkpVygTLg8rCCEXYB0wHykMJghgCi5FOB04VzhLbQ4wHiEULwNtDzQPNBxhTSBaPFg3TH1XeghgC3xMeUgmRzsJMBpjH3FcbA81SXlKIQ44Tyw\" alt=\"Ma\u0142gorzata Rozenek w Sejmie\"\/><\/figure>\n\n\n\n<p><\/p>\n\n\n\n<p>Doda i Ma\u0142gorzata Rozenek<\/p>\n\n\n\n<figure class=\"wp-block-image\"><img decoding=\"async\" src=\"https:\/\/v.wpimg.pl\/YzI0MzBidhsoUjtJbRJ7DmsKbxMrS3VYPBJ3WG1eYU4xHysTLgwrHzlfYx0wHCkbPkBjCi5GOAogHztLbQ0wCTlcLANtDDQYLFRiQ3VYbU1xCCxXIQ9sGWQEeB9zRDsfeQNgSSdbPRl7BH5KIAhsWDQ\" alt=\"Doda i Ma\u0142gorzata Rozenek w Sejmie\"\/><\/figure>\n\n\n\n<p><\/p>\n\n\n\n<p>Ma\u0142gorzata Rozenek<\/p>\n\n\n\n<figure class=\"wp-block-image\"><img decoding=\"async\" src=\"https:\/\/v.wpimg.pl\/ZDAzYzgzdSUgGC9JSAF4MGNAexMOWHZmNFhjWEhNYnA5VT8TCx8oITEVdx0VDyolNgp3CgtVOzQoVS9LSB4zNzEWOANIHzcmJB52TQROO3xxG25XA00-IWxOaRtWV2Jydk10HwJLbyBxSTpCVE5oZjw\" alt=\"Ma\u0142gorzata Rozenek w Sejmie\"\/><\/figure>\n\n\n\n<p><\/p>\n\n\n\n<p>Rozenek nieraz przemawia\u0142a z&nbsp;m\u00f3wnicy sejmowej. Przypomnijmy, \u017ce to m.in. dzi\u0119ki jej staraniom ponad dwa&nbsp;lata temu politycy przeg\u0142osowali ustaw\u0119 przywracaj\u0105c\u0105 dofinansowanie in vitro.<\/p>\n\n\n\n<p><\/p>\n\n\n\n<p>Doda<\/p>\n\n\n\n<figure class=\"wp-block-image\"><img decoding=\"async\" src=\"https:\/\/v.wpimg.pl\/YjM5MWRhdgssVztkfRN7Hm8Pbz47SnVIOBd3dX1fYV41Gis-Pg0rDz1aYzAgHSkLOkVjJz5HOBokGjtmfQwwGT1ZLC59DTQIKFFiZDRabFMsDS56MV1vWmABdDRgRWAMfFRgZTZZaAh-DHwzM1k8SDA\" alt=\"Doda w Sejmie\"\/><\/figure>\n\n\n\n<p>276<\/p>\n\n\n\n<p>131<\/p>\n\n\n\n<p>Doda r\u00f3wnie\u017c mo\u017ce przypisa\u0107 sobie spore zas\u0142ugi. Wielokrotnie podkre\u015bla\u0142a w&nbsp;swoich mediach spo\u0142eczno\u015bciowych rosn\u0105c\u0105 w&nbsp;ostatnim czasie liczb\u0119 adopcji zwierz\u0105t ze schronisk.<\/p>\n","protected":false},"excerpt":{"rendered":"Temat odpalania fajerwerk\u00f3w w&nbsp;sylwestrow\u0105 noc, jak zreszt\u0105 wiele innych, od lat polaryzuje nasze spo\u0142ecze\u0144stwo. Szacuje si\u0119, \u017ce ka\u017cdego roku przeznaczamy \u0142\u0105cznie nawet&nbsp;p\u00f3\u0142 miliarda \n<a class=\"moretag\" href=\"https:\/\/lifevery.biz.ua\/?p=635\"> [...]<\/a>","protected":false},"author":1,"featured_media":636,"comment_status":"open","ping_status":"open","sticky":false,"template":"","format":"standard","meta":{"footnotes":""},"categories":[1],"tags":[],"class_list":["post-635","post","type-post","status-publish","format-standard","has-post-thumbnail","hentry","category-blog"],"_links":{"self":[{"href":"https:\/\/lifevery.biz.ua\/index.php?rest_route=\/wp\/v2\/posts\/635","targetHints":{"allow":["GET"]}}],"collection":[{"href":"https:\/\/lifevery.biz.ua\/index.php?rest_route=\/wp\/v2\/posts"}],"about":[{"href":"https:\/\/lifevery.biz.ua\/index.php?rest_route=\/wp\/v2\/types\/post"}],"author":[{"embeddable":true,"href":"https:\/\/lifevery.biz.ua\/index.php?rest_route=\/wp\/v2\/users\/1"}],"replies":[{"embeddable":true,"href":"https:\/\/lifevery.biz.ua\/index.php?rest_route=%2Fwp%2Fv2%2Fcomments&post=635"}],"version-history":[{"count":1,"href":"https:\/\/lifevery.biz.ua\/index.php?rest_route=\/wp\/v2\/posts\/635\/revisions"}],"predecessor-version":[{"id":637,"href":"https:\/\/lifevery.biz.ua\/index.php?rest_route=\/wp\/v2\/posts\/635\/revisions\/637"}],"wp:featuredmedia":[{"embeddable":true,"href":"https:\/\/lifevery.biz.ua\/index.php?rest_route=\/wp\/v2\/media\/636"}],"wp:attachment":[{"href":"https:\/\/lifevery.biz.ua\/index.php?rest_route=%2Fwp%2Fv2%2Fmedia&parent=635"}],"wp:term":[{"taxonomy":"category","embeddable":true,"href":"https:\/\/lifevery.biz.ua\/index.php?rest_route=%2Fwp%2Fv2%2Fcategories&post=635"},{"taxonomy":"post_tag","embeddable":true,"href":"https:\/\/lifevery.biz.ua\/index.php?rest_route=%2Fwp%2Fv2%2Ftags&post=635"}],"curies":[{"name":"wp","href":"https:\/\/api.w.org\/{rel}","templated":true}]}}