{"id":632,"date":"2026-01-20T18:05:39","date_gmt":"2026-01-20T18:05:39","guid":{"rendered":"https:\/\/lifevery.biz.ua\/?p=632"},"modified":"2026-01-20T18:05:39","modified_gmt":"2026-01-20T18:05:39","slug":"14-letnia-natalia-umierala-pol-kilometra-od-komisariatu-zarzuty-dla-policjantow","status":"publish","type":"post","link":"https:\/\/lifevery.biz.ua\/?p=632","title":{"rendered":"14-letnia Natalia umiera\u0142a p\u00f3\u0142 kilometra od komisariatu. Zarzuty dla policjant\u00f3w"},"content":{"rendered":"\n<p>Prokuratura postanowi\u0142a postawi\u0107 zarzuty czterem policjantom, kt\u00f3rzy mieli nie dope\u0142ni\u0107 obowi\u0105zk\u00f3w w zwi\u0105zku z zagini\u0119ciem 14-letniej Natalii w Andrychowie (Ma\u0142opolska). Funkcjonariusze zwlekali z podj\u0119ciem dzia\u0142a\u0144 mimo zg\u0142oszenia ze strony rodzic\u00f3w. Dziewczynka zmar\u0142a z wych\u0142odzenia po tym, jak straci\u0142a przytomno\u015b\u0107 w pobli\u017cu sklepu. Przez kilka godzin le\u017ca\u0142a oko\u0142o p\u00f3\u0142 kilometra od komisariatu.<\/p>\n\n\n\n<p>Jak poinformowa\u0142a we wtorek prokurator Oliwia Bo\u017cek-Michalec, Prokuratura Okr\u0119gowa w Krakowie wyda\u0142a postanowienie o przedstawieniu zarzut\u00f3w wobec trzech funkcjonariuszy policji z Komisariatu Policji w Andrychowie oraz jednego funkcjonariusza z Komisariatu Policji w K\u0119tach.<\/p>\n\n\n\n<p>&#8220;Do chwili obecnej zarzuty og\u0142oszono i przes\u0142uchano w charakterze podejrzanych dwie osoby&#8221; &#8211; przekaza\u0142a rzeczniczka krakowskiej prokuratury okr\u0119gowej.<\/p>\n\n\n\n<p>Bo\u017cek-Michalec przekaza\u0142a, \u017ce policjanci s\u0105 podejrzani o przest\u0119pstwa niedope\u0142nienia obowi\u0105zk\u00f3w i nieumy\u015blnego nara\u017cenia cz\u0142owieka na niebezpiecze\u0144stwo utraty \u017cycia lub zdrowia. Pierwsze z tych przest\u0119pstw jest zagro\u017cone kar\u0105 do trzech lat wi\u0119zienia. Drugie &#8211; kar\u0105 grzywny, ograniczenia wolno\u015bci lub do roku pozbawienia wolno\u015bci.<\/p>\n\n\n\n<h2 class=\"wp-block-heading\">14-letnia Natalia zmar\u0142a z powodu wych\u0142odzenia<\/h2>\n\n\n\n<p>Zarzuty dotycz\u0105 wydarze\u0144, kt\u00f3re mia\u0142y miejsce pod koniec 2023 roku w Andrychowie. 14-letnia Natalia wysz\u0142a w\u00f3wczas z domu do szko\u0142y, jednak po drodze \u017ale si\u0119 poczu\u0142a. Zadzwoni\u0142a do taty, m\u00f3wi\u0105c, co si\u0119 dzieje, ale nie by\u0142a w stanie sprecyzowa\u0107, gdzie si\u0119 znajduje. Potem dziewczynka ju\u017c nie odbiera\u0142a.<\/p>\n\n\n\n<figure class=\"wp-block-image\"><img decoding=\"async\" src=\"https:\/\/tvn24.pl\/_e\/i\/krakow\/cdn-zdjecie-5umf4f-14-letnia-natalia-z-andrychowa-ph7512837\/alternates\/WEBP_FREE_320\" alt=\"14-letnia Natalia z Andrychowa\"\/><figcaption class=\"wp-element-caption\">14-letnia Natalia z Andrychowa\u0179r\u00f3d\u0142o: Archiwum prywatne<\/figcaption><\/figure>\n\n\n\n<p>Ojciec zg\u0142osi\u0142 spraw\u0119 na policj\u0119. Mia\u0142 czeka\u0107 oko\u0142o godziny na podj\u0119cie jakichkolwiek dzia\u0142a\u0144. Ostatecznie 14-latka zosta\u0142a znaleziona przez znajomego rodziny oko\u0142o godziny 13 tamtego feralnego dnia. Dziewczynka by\u0142a w pobli\u017cu supermarketu, p\u00f3\u0142 kilometra od komisariatu. By\u0142a w stanie hipotermii. Zosta\u0142a przewieziona do szpitala, ale nie uda\u0142o si\u0119 jej uratowa\u0107.<\/p>\n\n\n\n<p>DOWIEDZ SI\u0118 WI\u0118CEJ:<\/p>\n\n\n\n<figure class=\"wp-block-image\"><img decoding=\"async\" src=\"https:\/\/tvn24.pl\/_e\/i\/tvnwarszawa\/najnowsze\/cdn-zdjecie-6016641-blisko-godzine-walczyli-o-zycie-ciezko-wychlodzonego-mezczyzny-ph8851131\/alternates\/WEBP_LANDSCAPE_480\" alt=\"Blisko godzin\u0119 walczyli o \u017cycie ci\u0119\u017cko wych\u0142odzonego m\u0119\u017cczyzny\"\/><\/figure>\n\n\n\n<p><a href=\"https:\/\/tvn24.pl\/tvnwarszawa\/wawer\/warszawa-wawer-to-byly-minuty-a-wydawaly-sie-wiecznoscia-dramatyczna-walka-o-zycie-st8851138\"><\/a><\/p>\n\n\n\n<p><\/p>\n\n\n\n<figure class=\"wp-block-image\"><img decoding=\"async\" src=\"https:\/\/tvn24.pl\/_e\/i\/najnowsze\/cdn-zdjecie-2924965-82-latek-znajdowal-sie-w-porzuconym-jeepie-ph8845703\/alternates\/WEBP_LANDSCAPE_480\" alt=\"82-latek znajdowa\u0142 si\u0119 w porzuconym Jeepie\"\/><\/figure>\n\n\n\n<p><a href=\"https:\/\/tvn24.pl\/krakow\/niedzwiedz-porzucil-rozbite-auto-82-latek-prawie-zamarzl-kierowca-z-zarzutami-st8845686\"><\/a><\/p>\n\n\n\n<p><\/p>\n\n\n\n<figure class=\"wp-block-image\"><img decoding=\"async\" src=\"https:\/\/tvn24.pl\/_e\/i\/tvnwarszawa\/najnowsze\/cdn-zdjecie-7862728-policjanci-pomogli-wychlodzonemu-seniorowi-ph8843170\/alternates\/WEBP_LANDSCAPE_480\" alt=\"Policjanci pomogli wych\u0142odzonemu seniorowi\"\/><\/figure>\n\n\n\n<p><a href=\"https:\/\/tvn24.pl\/tvnwarszawa\/okolice\/brzeski-policjanci-rozpalili-w-piecu-w-domu-wychlodzonego-seniora-st8843191\"><\/a><\/p>\n\n\n\n<p><\/p>\n\n\n\n<p>Pod koniec 2024 roku prokuratura poinformowa\u0142a, \u017ceBiegli ustalili, \u017ce dziewczynka nie by\u0142a w stanie si\u0119 porusza\u0107 z powodu krwiaka prawej i lewej p\u00f3\u0142kuli m\u00f3\u017cd\u017cku, kt\u00f3ry skutkowa\u0142 krwawieniem podpaj\u0119czyn\u00f3wkowym.<\/p>\n\n\n\n<p>&#8211; Biegli ustalali te\u017c to, jaki by\u0142 przebieg powstania krwiaka. Wykluczono mechanizm urazowy i toksykologiczny. Zdecydowa\u0142y wzgl\u0119dy chorobowe. Jest to bardzo rzadka choroba, kt\u00f3ra wyst\u0119puje u dzieci i mo\u017ce nie dawa\u0107 specyficznych objaw\u00f3w, kt\u00f3re mog\u0105 by\u0107 niezauwa\u017cone przez cz\u0142onk\u00f3w rodziny &#8211; t\u0142umaczy\u0142a pod koniec 2024 roku prokurator Oliwia Bo\u017cek-Michalec.<\/p>\n\n\n\n<figure class=\"wp-block-image\"><img decoding=\"async\" src=\"https:\/\/tvn24.pl\/_e\/i\/najnowsze\/cdn-zdjecie-qn6a0t-mnoza-sie-pytania-po-smierci-14-latki-z-andrychowa-ph7465343\/alternates\/WEBP_FREE_320\" alt=\"Do tragicznych wydarze\u0144 dosz\u0142o pod koniec 2023 roku\"\/><figcaption class=\"wp-element-caption\">Do tragicznych wydarze\u0144 dosz\u0142o pod koniec 2023 roku\u0179r\u00f3d\u0142o: TVN24<\/figcaption><\/figure>\n\n\n\n<h2 class=\"wp-block-heading\">Post\u0119powania dyscyplinarne<\/h2>\n\n\n\n<p><\/p>\n\n\n\n<p>Oficer dy\u017curny z podleg\u0142ego komendzie w O\u015bwi\u0119cimiu komisariatu w K\u0119tach dobrowolnie podda\u0142 si\u0119 karze. Otrzyma\u0142 nagan\u0119 z powodu niedope\u0142nienia obowi\u0105zk\u00f3w.Policja o wynikach kontroli w Andrychowie (materia\u0142 z 5.12.2023)<\/p>\n\n\n\n<p>\u0179r\u00f3d\u0142o: TVN24<\/p>\n\n\n\n<p>Pozosta\u0142e post\u0119powania &#8211; jak informowa\u0142a rzeczniczka wadowickiej policji, st. asp. Agnieszka Petek &#8211; dotyczy\u0142y czterech policjant\u00f3w z Andrychowa i jednego z Wadowic.<\/p>\n\n\n\n<p>Oficerowi dy\u017curnemu andrychowskiego komisariatu przedstawiono zarzut niedope\u0142nienia obowi\u0105zk\u00f3w s\u0142u\u017cbowych, kt\u00f3ry si\u0119 potwierdzi\u0142. Otrzyma\u0142 on kar\u0119 dyscyplinarn\u0105 &#8211; ostrze\u017cenie.<\/p>\n\n\n\n<p>Post\u0119powanie wobec policjanta z Andrychowa, kt\u00f3ry przyj\u0105\u0142 zawiadomienie o zagini\u0119ciu, by\u0142o prowadzone pod k\u0105tem nieprawid\u0142owego wykonania czynno\u015bci s\u0142u\u017cbowej. Zosta\u0142 uniewinniony. Ten sam zarzut us\u0142ysza\u0142 funkcjonariusz z komendy w Wadowicach, kt\u00f3ry mia\u0142 skontrolowa\u0107 czynno\u015bci podj\u0119te przez policjant\u00f3w z Andrychowa. Nieprawid\u0142owo\u015bci si\u0119 potwierdzi\u0142y, ale odst\u0105piono od ukarania go.<\/p>\n\n\n\n<p>DOWIEDZ SI\u0118 WI\u0118CEJ:<\/p>\n\n\n\n<figure class=\"wp-block-image\"><img decoding=\"async\" src=\"https:\/\/tvn24.pl\/_e\/i\/najnowsze\/cdn-zdjecie-2117604-dunajec-ph8856278\/alternates\/WEBP_THIRTEEN_NINE_320\" alt=\"Wesz\u0142a za\u00a0psem na\u00a0zamarzni\u0119t\u0105 rzek\u0119. Wo\u0142anie o\u00a0pomoc us\u0142ysza\u0142 stra\u017cak\"\/><\/figure>\n\n\n\n<p><a href=\"https:\/\/tvn24.pl\/krakow\/ostrow-weszla-za-psem-na-zamarznieta-rzeke-wpadla-do-wody-st8856260\"><\/a><\/p>\n\n\n\n<h3 class=\"wp-block-heading\"><\/h3>\n\n\n\n<figure class=\"wp-block-image\"><img decoding=\"async\" src=\"https:\/\/tvn24.pl\/_e\/i\/najnowsze\/cdn-zdjecie-9203639-tragiczny-wypadek-w-lublinie-ph8853996\/alternates\/WEBP_THIRTEEN_NINE_320\" alt=\"M\u0119\u017cczyzna spad\u0142 z\u00a0dachu podczas od\u015bnie\u017cania, nie\u00a0prze\u017cy\u0142 \"\/><\/figure>\n\n\n\n<p><a href=\"https:\/\/tvn24.pl\/lublin\/lublin-41-latek-spadl-z-dachu-podczas-odsniezania-nie-przezyl-st8853955\"><\/a><\/p>\n\n\n\n<h3 class=\"wp-block-heading\"><\/h3>\n\n\n\n<p><a href=\"https:\/\/tvn24.pl\/lublin\">Lublin<\/a><\/p>\n\n\n\n<p>Zarzuty zaniechania czynno\u015bci s\u0142u\u017cbowej oraz niedope\u0142nienia obowi\u0105zk\u00f3w us\u0142ysza\u0142 komendant komisariatu w Andrychowie. Post\u0119powanie zosta\u0142o zawieszone z uwagi na jego stan zdrowia, a ostatecznie umorzone, poniewa\u017c policjant odszed\u0142 ze s\u0142u\u017cby.<\/p>\n\n\n\n<p>Funkcjonariusze badali tak\u017ce spraw\u0119 policjanta z wydzia\u0142u kryminalnego w Andrychowie, na kt\u00f3rym ci\u0105\u017cy\u0142 zarzut naruszenia dyscypliny s\u0142u\u017cbowej. Mia\u0142 odm\u00f3wi\u0107 wykonania polecenia s\u0142u\u017cbowego. Zosta\u0142 uniewinniony.<\/p>\n","protected":false},"excerpt":{"rendered":"Prokuratura postanowi\u0142a postawi\u0107 zarzuty czterem policjantom, kt\u00f3rzy mieli nie dope\u0142ni\u0107 obowi\u0105zk\u00f3w w zwi\u0105zku z zagini\u0119ciem 14-letniej Natalii w Andrychowie (Ma\u0142opolska). Funkcjonariusze zwlekali z \n<a class=\"moretag\" href=\"https:\/\/lifevery.biz.ua\/?p=632\"> [...]<\/a>","protected":false},"author":1,"featured_media":633,"comment_status":"open","ping_status":"open","sticky":false,"template":"","format":"standard","meta":{"footnotes":""},"categories":[1],"tags":[],"class_list":["post-632","post","type-post","status-publish","format-standard","has-post-thumbnail","hentry","category-blog"],"_links":{"self":[{"href":"https:\/\/lifevery.biz.ua\/index.php?rest_route=\/wp\/v2\/posts\/632","targetHints":{"allow":["GET"]}}],"collection":[{"href":"https:\/\/lifevery.biz.ua\/index.php?rest_route=\/wp\/v2\/posts"}],"about":[{"href":"https:\/\/lifevery.biz.ua\/index.php?rest_route=\/wp\/v2\/types\/post"}],"author":[{"embeddable":true,"href":"https:\/\/lifevery.biz.ua\/index.php?rest_route=\/wp\/v2\/users\/1"}],"replies":[{"embeddable":true,"href":"https:\/\/lifevery.biz.ua\/index.php?rest_route=%2Fwp%2Fv2%2Fcomments&post=632"}],"version-history":[{"count":1,"href":"https:\/\/lifevery.biz.ua\/index.php?rest_route=\/wp\/v2\/posts\/632\/revisions"}],"predecessor-version":[{"id":634,"href":"https:\/\/lifevery.biz.ua\/index.php?rest_route=\/wp\/v2\/posts\/632\/revisions\/634"}],"wp:featuredmedia":[{"embeddable":true,"href":"https:\/\/lifevery.biz.ua\/index.php?rest_route=\/wp\/v2\/media\/633"}],"wp:attachment":[{"href":"https:\/\/lifevery.biz.ua\/index.php?rest_route=%2Fwp%2Fv2%2Fmedia&parent=632"}],"wp:term":[{"taxonomy":"category","embeddable":true,"href":"https:\/\/lifevery.biz.ua\/index.php?rest_route=%2Fwp%2Fv2%2Fcategories&post=632"},{"taxonomy":"post_tag","embeddable":true,"href":"https:\/\/lifevery.biz.ua\/index.php?rest_route=%2Fwp%2Fv2%2Ftags&post=632"}],"curies":[{"name":"wp","href":"https:\/\/api.w.org\/{rel}","templated":true}]}}