{"id":625,"date":"2026-01-20T17:46:51","date_gmt":"2026-01-20T17:46:51","guid":{"rendered":"https:\/\/lifevery.biz.ua\/?p=625"},"modified":"2026-01-20T17:46:51","modified_gmt":"2026-01-20T17:46:51","slug":"turystyczny-raj-pod-woda-najwieksze-opady-od-ponad-70-lat","status":"publish","type":"post","link":"https:\/\/lifevery.biz.ua\/?p=625","title":{"rendered":"Turystyczny raj pod wod\u0105. Najwi\u0119ksze opady od ponad 70 lat"},"content":{"rendered":"\n<p><strong>Gwa\u0142towne powodzie nawiedzi\u0142y p\u00f3\u0142nocne regiony Tunezji. Na skutek \u017cywio\u0142u zgin\u0119\u0142y co najmniej cztery osoby. W\u0142adze kilku miast podj\u0119\u0142y decyzj\u0119, by odwo\u0142a\u0107 lekcje w szko\u0142ach.<\/strong><\/p>\n\n\n\n<p>W powodziach, kt\u00f3re by\u0142y nast\u0119pstwem ulewnych opad\u00f3w deszczu, zgin\u0119\u0142y w Tunezji co najmniej cztery osoby &#8211; poda\u0142y we wtorek lokalne w\u0142adze. Doda\u0142y, \u017ce liczba ofiar mo\u017ce jeszcze wzrosn\u0105.<\/p>\n\n\n\n<p>S\u0142u\u017cby meteorologiczne przekaza\u0142y, \u017ce w niekt\u00f3rych regionach kraju odnotowano najwy\u017csze sumy opad\u00f3w od 1950 roku.<\/p>\n\n\n\n<h2 class=\"wp-block-heading\">Parali\u017c komunikacyjny, zamkni\u0119te szko\u0142y<\/h2>\n\n\n\n<p>Pod wod\u0105 znalaz\u0142y si\u0119 domy i samochody, a ulice zmieni\u0142y w rw\u0105ce potoki. \u017bywio\u0142 zak\u0142\u00f3ci\u0142 codzienne \u017cycie mieszka\u0144c\u00f3w wielu prowincji tego p\u00f3\u0142nocnoafryka\u0144skiego kraju. S\u0142u\u017cby ratunkowe z trudem radzi\u0142y sobie z reagowaniem na du\u017c\u0105 liczb\u0119 interwencji.<\/p>\n\n\n\n<p>Pow\u00f3d\u017a w Tunisie w Tunezji<\/p>\n\n\n\n<figure class=\"wp-block-image\"><img decoding=\"async\" src=\"https:\/\/tvn24.pl\/_e\/i\/tvnmeteo\/najnowsze\/cdn-zdjecie-6099942-powodz-w-tunisie-w-tunezji-ph8859242\/alternates\/WEBP_LANDSCAPE_320\" alt=\"Pow\u00f3d\u017a w Tunisie w Tunezji\"\/><figcaption class=\"wp-element-caption\">Pow\u00f3d\u017a w Tunisie w Tunezji\u0179r\u00f3d\u0142o: PAP\/EPA\/MOHAMED MESSARA<\/figcaption><\/figure>\n\n\n\n<figure class=\"wp-block-image\"><img decoding=\"async\" src=\"https:\/\/tvn24.pl\/_e\/i\/tvnmeteo\/najnowsze\/cdn-zdjecie-1062953-powodz-w-tunisie-w-tunezji-ph8859245\/alternates\/WEBP_LANDSCAPE_320\" alt=\"Pow\u00f3d\u017a w Tunisie w Tunezji\"\/><figcaption class=\"wp-element-caption\">Pow\u00f3d\u017a w Tunisie w Tunezji\u0179r\u00f3d\u0142o: PAP\/EPA\/MOHAMED MESSARA<\/figcaption><\/figure>\n\n\n\n<figure class=\"wp-block-image\"><img decoding=\"async\" src=\"https:\/\/tvn24.pl\/_e\/i\/tvnmeteo\/najnowsze\/cdn-zdjecie-760106-powodz-w-tunisie-w-tunezji-ph8859243\/alternates\/WEBP_LANDSCAPE_320\" alt=\"Pow\u00f3d\u017a w Tunisie w Tunezji\"\/><figcaption class=\"wp-element-caption\">Pow\u00f3d\u017a w Tunisie w Tunezji\u0179r\u00f3d\u0142o: PAP\/EPA\/MOHAMED MESSARA<\/figcaption><\/figure>\n\n\n\n<figure class=\"wp-block-image\"><img decoding=\"async\" src=\"https:\/\/tvn24.pl\/_e\/i\/tvnmeteo\/najnowsze\/cdn-zdjecie-2849-powodz-w-tunisie-w-tunezji-ph8859241\/alternates\/WEBP_LANDSCAPE_320\" alt=\"Pow\u00f3d\u017a w Tunisie w Tunezji\"\/><figcaption class=\"wp-element-caption\">Pow\u00f3d\u017a w Tunisie w Tunezji\u0179r\u00f3d\u0142o: PAP\/EPA\/MOHAMED MESSARA<\/figcaption><\/figure>\n\n\n\n<figure class=\"wp-block-image\"><img decoding=\"async\" src=\"https:\/\/tvn24.pl\/_e\/i\/tvnmeteo\/najnowsze\/cdn-zdjecie-9071655-powodz-w-tunisie-w-tunezji-ph8859244\/alternates\/WEBP_LANDSCAPE_320\" alt=\"Pow\u00f3d\u017a w Tunisie w Tunezji\"\/><figcaption class=\"wp-element-caption\">Pow\u00f3d\u017a w Tunisie w Tunezji\u0179r\u00f3d\u0142o: PAP\/EPA\/MOHAMED MESSARA<\/figcaption><\/figure>\n\n\n\n<figure class=\"wp-block-image\"><img decoding=\"async\" src=\"https:\/\/tvn24.pl\/_e\/i\/tvnmeteo\/najnowsze\/cdn-zdjecie-4657263-powodz-w-tunisie-w-tunezji-ph8859246\/alternates\/WEBP_LANDSCAPE_320\" alt=\"Pow\u00f3d\u017a w Tunisie w Tunezji\"\/><figcaption class=\"wp-element-caption\">Pow\u00f3d\u017a w Tunisie w Tunezji\u0179r\u00f3d\u0142o: PAP\/EPA\/MOHAMED MESSARA<\/figcaption><\/figure>\n\n\n\n<figure class=\"wp-block-image\"><img decoding=\"async\" src=\"https:\/\/tvn24.pl\/_e\/i\/tvnmeteo\/najnowsze\/cdn-zdjecie-1120125-powodz-w-tunisie-w-tunezji-ph8859249\/alternates\/WEBP_LANDSCAPE_320\" alt=\"Pow\u00f3d\u017a w Tunisie w Tunezji\"\/><figcaption class=\"wp-element-caption\">Pow\u00f3d\u017a w Tunisie w Tunezji\u0179r\u00f3d\u0142o: PAP\/EPA\/MOHAMED MESSARA<\/figcaption><\/figure>\n\n\n\n<figure class=\"wp-block-image\"><img decoding=\"async\" src=\"https:\/\/tvn24.pl\/_e\/i\/tvnmeteo\/najnowsze\/cdn-zdjecie-9011245-powodz-w-tunisie-w-tunezji-ph8859248\/alternates\/WEBP_LANDSCAPE_320\" alt=\"Pow\u00f3d\u017a w Tunisie w Tunezji\"\/><figcaption class=\"wp-element-caption\">Pow\u00f3d\u017a w Tunisie w Tunezji\u0179r\u00f3d\u0142o: PAP\/EPA\/MOHAMED MESSARA<\/figcaption><\/figure>\n\n\n\n<figure class=\"wp-block-image\"><img decoding=\"async\" src=\"https:\/\/tvn24.pl\/_e\/i\/tvnmeteo\/najnowsze\/cdn-zdjecie-2498127-powodz-w-tunisie-w-tunezji-ph8859250\/alternates\/WEBP_LANDSCAPE_320\" alt=\"Pow\u00f3d\u017a w Tunisie w Tunezji\"\/><figcaption class=\"wp-element-caption\">Pow\u00f3d\u017a w Tunisie w Tunezji\u0179r\u00f3d\u0142o: PAP\/EPA\/MOHAMED MESSARA<\/figcaption><\/figure>\n\n\n\n<figure class=\"wp-block-image\"><img decoding=\"async\" src=\"https:\/\/tvn24.pl\/_e\/i\/tvnmeteo\/najnowsze\/cdn-zdjecie-8791221-powodz-w-tunisie-w-tunezji-ph8859247\/alternates\/WEBP_LANDSCAPE_320\" alt=\"Pow\u00f3d\u017a w Tunisie w Tunezji\"\/><figcaption class=\"wp-element-caption\">Pow\u00f3d\u017a w Tunisie w Tunezji\u0179r\u00f3d\u0142o: PAP\/EPA\/MOHAMED MESSARA<\/figcaption><\/figure>\n\n\n\n<figure class=\"wp-block-image\"><img decoding=\"async\" src=\"https:\/\/tvn24.pl\/_e\/i\/tvnmeteo\/najnowsze\/cdn-zdjecie-3598385-powodz-w-tunisie-w-tunezji-ph8859251\/alternates\/WEBP_LANDSCAPE_320\" alt=\"Pow\u00f3d\u017a w Tunisie w Tunezji\"\/><figcaption class=\"wp-element-caption\">Pow\u00f3d\u017a w Tunisie w Tunezji\u0179r\u00f3d\u0142o: PAP\/EPA\/MOHAMED MESSARA<\/figcaption><\/figure>\n\n\n\n<figure class=\"wp-block-image\"><img decoding=\"async\" src=\"https:\/\/tvn24.pl\/_e\/i\/tvnmeteo\/najnowsze\/cdn-zdjecie-5372496-powodz-w-tunisie-w-tunezji-ph8859252\/alternates\/WEBP_LANDSCAPE_320\" alt=\"Pow\u00f3d\u017a w Tunisie w Tunezji\"\/><figcaption class=\"wp-element-caption\">Pow\u00f3d\u017a w Tunisie w Tunezji\u0179r\u00f3d\u0142o: PAP\/EPA\/MOHAMED MESSARA<\/figcaption><\/figure>\n\n\n\n<figure class=\"wp-block-image\"><img decoding=\"async\" src=\"https:\/\/tvn24.pl\/_e\/i\/tvnmeteo\/najnowsze\/cdn-zdjecie-763262-powodz-w-tunisie-w-tunezji-ph8859253\/alternates\/WEBP_LANDSCAPE_320\" alt=\"Pow\u00f3d\u017a w Tunisie w Tunezji\"\/><figcaption class=\"wp-element-caption\">Pow\u00f3d\u017a w Tunisie w Tunezji\u0179r\u00f3d\u0142o: PAP\/EPA\/MOHAMED MESSARA<\/figcaption><\/figure>\n\n\n\n<figure class=\"wp-block-image\"><img decoding=\"async\" src=\"https:\/\/tvn24.pl\/_e\/i\/tvnmeteo\/najnowsze\/cdn-zdjecie-4411135-powodz-w-tunisie-w-tunezji-ph8859254\/alternates\/WEBP_LANDSCAPE_320\" alt=\"Pow\u00f3d\u017a w Tunisie w Tunezji\"\/><figcaption class=\"wp-element-caption\">Pow\u00f3d\u017a w Tunisie w Tunezji\u0179r\u00f3d\u0142o: PAP\/EPA\/MOHAMED MESSARA<\/figcaption><\/figure>\n\n\n\n<p>W Tunisie zamkni\u0119to szko\u0142y, podobn\u0105 decyzj\u0119 podj\u0119to te\u017c w miastach Nabul, Susa i Beja. Ponadto zawieszono posiedzenia s\u0105d\u00f3w, a transport publiczny w niekt\u00f3rych dzielnicach by\u0142 sparali\u017cowany.<\/p>\n\n\n\n<p>&#8211; W Tunezji zwykle cieszymy si\u0119 z deszczu, potrzebujemy go, ale infrastruktura sobie z nim nie radzi, dochodzi do podtopie\u0144 i powodzi. Sp\u00f3jrzmy na obecn\u0105 sytuacj\u0119, nawet je\u015bli kto\u015b chce po prostu i\u015b\u0107 do pracy, wr\u00f3ci\u0107 do domu lub wykonywa\u0107 codzienne czynno\u015bci, zostaje ca\u0142kowicie zablokowany, przez co nie mo\u017ce pracowa\u0107, a nasza gospodarka ponosi ogromne straty &#8211; powiedzia\u0142 Mohamed Ghdira, mieszkaniec Tunisu, stolicy Tunezji.<\/p>\n\n\n\n<p>Autorka\/Autor:&nbsp;anw<\/p>\n\n\n\n<p>\u0179r\u00f3d\u0142o:&nbsp;Reuters<\/p>\n","protected":false},"excerpt":{"rendered":"Gwa\u0142towne powodzie nawiedzi\u0142y p\u00f3\u0142nocne regiony Tunezji. Na skutek \u017cywio\u0142u zgin\u0119\u0142y co najmniej cztery osoby. W\u0142adze kilku miast podj\u0119\u0142y decyzj\u0119, by odwo\u0142a\u0107 lekcje w \n<a class=\"moretag\" href=\"https:\/\/lifevery.biz.ua\/?p=625\"> [...]<\/a>","protected":false},"author":1,"featured_media":626,"comment_status":"open","ping_status":"open","sticky":false,"template":"","format":"standard","meta":{"footnotes":""},"categories":[1],"tags":[],"class_list":["post-625","post","type-post","status-publish","format-standard","has-post-thumbnail","hentry","category-blog"],"_links":{"self":[{"href":"https:\/\/lifevery.biz.ua\/index.php?rest_route=\/wp\/v2\/posts\/625","targetHints":{"allow":["GET"]}}],"collection":[{"href":"https:\/\/lifevery.biz.ua\/index.php?rest_route=\/wp\/v2\/posts"}],"about":[{"href":"https:\/\/lifevery.biz.ua\/index.php?rest_route=\/wp\/v2\/types\/post"}],"author":[{"embeddable":true,"href":"https:\/\/lifevery.biz.ua\/index.php?rest_route=\/wp\/v2\/users\/1"}],"replies":[{"embeddable":true,"href":"https:\/\/lifevery.biz.ua\/index.php?rest_route=%2Fwp%2Fv2%2Fcomments&post=625"}],"version-history":[{"count":1,"href":"https:\/\/lifevery.biz.ua\/index.php?rest_route=\/wp\/v2\/posts\/625\/revisions"}],"predecessor-version":[{"id":627,"href":"https:\/\/lifevery.biz.ua\/index.php?rest_route=\/wp\/v2\/posts\/625\/revisions\/627"}],"wp:featuredmedia":[{"embeddable":true,"href":"https:\/\/lifevery.biz.ua\/index.php?rest_route=\/wp\/v2\/media\/626"}],"wp:attachment":[{"href":"https:\/\/lifevery.biz.ua\/index.php?rest_route=%2Fwp%2Fv2%2Fmedia&parent=625"}],"wp:term":[{"taxonomy":"category","embeddable":true,"href":"https:\/\/lifevery.biz.ua\/index.php?rest_route=%2Fwp%2Fv2%2Fcategories&post=625"},{"taxonomy":"post_tag","embeddable":true,"href":"https:\/\/lifevery.biz.ua\/index.php?rest_route=%2Fwp%2Fv2%2Ftags&post=625"}],"curies":[{"name":"wp","href":"https:\/\/api.w.org\/{rel}","templated":true}]}}