{"id":61,"date":"2026-01-15T20:09:15","date_gmt":"2026-01-15T20:09:15","guid":{"rendered":"https:\/\/lifevery.biz.ua\/?p=61"},"modified":"2026-01-15T20:09:15","modified_gmt":"2026-01-15T20:09:15","slug":"decyzja-ws-aresztu-dla-zbigniewa-ziobry-jest-stanowisko-w-sprawie","status":"publish","type":"post","link":"https:\/\/lifevery.biz.ua\/?p=61","title":{"rendered":"Decyzja ws. aresztu dla Zbigniewa Ziobry. Jest stanowisko w sprawie"},"content":{"rendered":"\n<p>Decyzja, na kt\u00f3r\u0105 czeka\u0142a zar\u00f3wno polityczna Warszawa, jak i opinia publiczna, nie zapad\u0142a dzi\u015b. W sprawie jednego z najbardziej kontrowersyjnych polityk\u00f3w ostatnich lat s\u0105d wykona\u0142 ruch, kt\u00f3ry zmienia kalendarz ca\u0142ego post\u0119powania. To jednak wcale nie studzi emocji \u2013 wr\u0119cz przeciwnie, napi\u0119cie tylko ro\u015bnie.<\/p>\n\n\n\n<p>Sprawa aresztu dla Zbigniewa Ziobry. S\u0105d i polityka w jednym post\u0119powaniu<br>Wniosek o tymczasowy areszt. Prokuratura wskazuje na ryzyko utrudniania \u015bledztwa<br>Decyzja s\u0105du odroczona. Wiadomo, kiedy zapadnie rozstrzygni\u0119cie ws. Ziobry<br>Sprawa aresztu dla Zbigniewa Ziobry. S\u0105d i polityka w jednym post\u0119powaniu<br>Sprawa Zbigniewa Ziobry od dawna przesta\u0142a by\u0107 wy\u0142\u0105cznie kwesti\u0105 prawn\u0105. W jednym z warszawskich s\u0105d\u00f3w wa\u017c\u0105 si\u0119 decyzje, kt\u00f3re mog\u0105 wp\u0142yn\u0105\u0107 nie tylko na los by\u0142ego ministra sprawiedliwo\u015bci, ale te\u017c na dynamik\u0119 ca\u0142ej sceny politycznej. Ju\u017c sam fakt rozpoznawania wniosku o tymczasowe aresztowanie uruchomi\u0142 lawin\u0119 komentarzy w\u015br\u00f3d prawnik\u00f3w, polityk\u00f3w i komentator\u00f3w \u017cycia publicznego.<\/p>\n\n\n\n<p>Jeszcze przed rozpocz\u0119ciem posiedzenia obro\u0144ca Ziobry, mecenas Bartosz Lewandowski, ostro skrytykowa\u0142 dzia\u0142ania prokuratury. Przekonywa\u0142, \u017ce post\u0119powanie prowadzone jest w spos\u00f3b naruszaj\u0105cy prawo do obrony. Wed\u0142ug adwokata jego zesp\u00f3\u0142 nie mia\u0142 dost\u0119pu do pe\u0142nej dokumentacji sprawy, mimo \u017ce \u2013 jak podkre\u015bla\u0142 \u2013 znajduj\u0105 si\u0119 tam materia\u0142y mog\u0105ce dzia\u0142a\u0107 na korzy\u015b\u0107 by\u0142ego ministra.<\/p>\n\n\n\n<p>Lewandowski zwraca\u0142 uwag\u0119, \u017ce w tej samej sprawie inny obro\u0144ca uzyska\u0142 wgl\u0105d do akt, kt\u00f3rych jemu odm\u00f3wiono. W jego ocenie prokuratura przedstawia s\u0105dowi jedynie wybrane fragmenty materia\u0142u dowodowego, co zaburza r\u00f3wnowag\u0119 procesow\u0105 i utrudnia rzeteln\u0105 ocen\u0119 wniosku o areszt.<br><\/p>\n\n\n\n<p>Wniosek o tymczasowy areszt. Prokuratura wskazuje na ryzyko utrudniania \u015bledztwa<br>Prokuratura Krajowa z\u0142o\u017cy\u0142a wniosek o zastosowanie wobec Zbigniewa Ziobry tymczasowego aresztowania na trzy miesi\u0105ce. \u015aledczy argumentuj\u0105, \u017ce istnieje ryzyko utrudniania post\u0119powania dotycz\u0105cego nieprawid\u0142owo\u015bci wok\u00f3\u0142 Funduszu Sprawiedliwo\u015bci. Wskazuj\u0105 przy tym na pozycj\u0119 by\u0142ego ministra, jego kontakty oraz potencjalny wp\u0142yw na \u015bwiadk\u00f3w.<\/p>\n\n\n\n<p>Obrona odpiera te zarzuty, przypominaj\u0105c, \u017ce wcze\u015bniejsze kierownictwo prokuratury nie widzia\u0142o potrzeby si\u0119gania po najbardziej restrykcyjne \u015brodki zapobiegawcze. Zdaniem mecenas\u00f3w dopiero po zmianach personalnych na najwy\u017cszych szczeblach organ\u00f3w \u015bcigania podej\u015bcie do sprawy mia\u0142o si\u0119 wyra\u017anie zaostrzy\u0107. Jak podkre\u015bla obrona, na obecnym etapie post\u0119powania zarzuty wobec Ziobry nie zosta\u0142y nawet dostatecznie uprawdopodobnione, co \u2013 w ich ocenie \u2013 wyklucza pozbawienie go wolno\u015bci.<\/p>\n\n\n\n<p>Dodatkowym elementem ca\u0142ej sprawy jest fakt, \u017ce Ziobro od miesi\u0119cy przebywa poza Polsk\u0105, korzystaj\u0105c z ochrony udzielonej mu przez w\u0142adze W\u0119gier. Tamtejszy rz\u0105d uzna\u0142, \u017ce by\u0142y minister mo\u017ce by\u0107 nara\u017cony na prze\u015bladowanie polityczne, co nada\u0142o sprawie mi\u0119dzynarodowy wymiar i jeszcze bardziej spolaryzowa\u0142o opinie.<br><\/p>\n\n\n\n<p>Decyzja s\u0105du odroczona. Wiadomo, kiedy zapadnie rozstrzygni\u0119cie ws. Ziobry<br>Najwa\u017cniejsza informacja pojawi\u0142a si\u0119 po zako\u0144czeniu dzisiejszych czynno\u015bci s\u0105du. Jak przekaza\u0142 jeden z obro\u0144c\u00f3w polityka, posiedzenie w sprawie wniosku o areszt nie zako\u0144czy\u0142o si\u0119 rozstrzygni\u0119ciem.&nbsp;<\/p>\n\n\n\n<p>\u2013 S\u0105d odroczy\u0142 posiedzenie dotycz\u0105ce wniosku o areszt dla by\u0142ego ministra sprawiedliwo\u015bci Zbigniewa Ziobry do 5 lutego 2026 r. \u2013 poinformowa\u0142 mecenas Bartosz Lewandowski, wyst\u0119puj\u0105c przed dziennikarzami.<\/p>\n\n\n\n<p>Adwokat wyja\u015bni\u0142, \u017ce decyzja s\u0105du by\u0142a poprzedzona wnioskiem obrony o odroczenie.&nbsp;<\/p>\n\n\n\n<p>\u2013 Wniosek o odroczenie opiera\u0142 si\u0119 na do\u015b\u0107 obszernej argumentacji dotycz\u0105cej dotychczasowego przebiegu post\u0119powania oraz dotyczy\u0142 przynale\u017cno\u015bci pani s\u0119dzi do stowarzyszenia &#8220;Iustitia&#8221; \u2013 powiedzia\u0142 mecenas Lewandowski, odnosz\u0105c si\u0119 do sk\u0142adu orzekaj\u0105cego.<\/p>\n\n\n\n<p>Jak doda\u0142 obro\u0144ca Zbigniewa Ziobry, argumentacja nie ogranicza\u0142a si\u0119 wy\u0142\u0105cznie do kwestii formalnych.&nbsp;<\/p>\n\n\n\n<p>\u2013 Dotyczy\u0142 r\u00f3wnie\u017c jednoznacznie deklarowanego przez pani\u0105 s\u0119dzi\u0119 stanowiska w kwestii kierunk\u00f3w politycznych naszego klienta \u2013 podkre\u015bli\u0142 Lewandowski.<\/p>\n\n\n\n<p>Oznacza to, \u017ce odpowied\u017a na pytanie, czy by\u0142y minister sprawiedliwo\u015bci trafi do aresztu, zosta\u0142a od\u0142o\u017cona w czasie. Do 5 lutego 2026 roku sprawa nadal b\u0119dzie jednym z najbardziej zapalnych punkt\u00f3w na styku prawa i polityki, a ka\u017cda kolejna decyzja s\u0105du z pewno\u015bci\u0105 wywo\u0142a dalsz\u0105 fal\u0119 komentarzy i spor\u00f3w.<br><\/p>\n","protected":false},"excerpt":{"rendered":"Decyzja, na kt\u00f3r\u0105 czeka\u0142a zar\u00f3wno polityczna Warszawa, jak i opinia publiczna, nie zapad\u0142a dzi\u015b. W sprawie jednego z najbardziej kontrowersyjnych polityk\u00f3w ostatnich lat \n<a class=\"moretag\" href=\"https:\/\/lifevery.biz.ua\/?p=61\"> [...]<\/a>","protected":false},"author":1,"featured_media":62,"comment_status":"open","ping_status":"open","sticky":false,"template":"","format":"standard","meta":{"footnotes":""},"categories":[1],"tags":[],"class_list":["post-61","post","type-post","status-publish","format-standard","has-post-thumbnail","hentry","category-blog"],"_links":{"self":[{"href":"https:\/\/lifevery.biz.ua\/index.php?rest_route=\/wp\/v2\/posts\/61","targetHints":{"allow":["GET"]}}],"collection":[{"href":"https:\/\/lifevery.biz.ua\/index.php?rest_route=\/wp\/v2\/posts"}],"about":[{"href":"https:\/\/lifevery.biz.ua\/index.php?rest_route=\/wp\/v2\/types\/post"}],"author":[{"embeddable":true,"href":"https:\/\/lifevery.biz.ua\/index.php?rest_route=\/wp\/v2\/users\/1"}],"replies":[{"embeddable":true,"href":"https:\/\/lifevery.biz.ua\/index.php?rest_route=%2Fwp%2Fv2%2Fcomments&post=61"}],"version-history":[{"count":1,"href":"https:\/\/lifevery.biz.ua\/index.php?rest_route=\/wp\/v2\/posts\/61\/revisions"}],"predecessor-version":[{"id":63,"href":"https:\/\/lifevery.biz.ua\/index.php?rest_route=\/wp\/v2\/posts\/61\/revisions\/63"}],"wp:featuredmedia":[{"embeddable":true,"href":"https:\/\/lifevery.biz.ua\/index.php?rest_route=\/wp\/v2\/media\/62"}],"wp:attachment":[{"href":"https:\/\/lifevery.biz.ua\/index.php?rest_route=%2Fwp%2Fv2%2Fmedia&parent=61"}],"wp:term":[{"taxonomy":"category","embeddable":true,"href":"https:\/\/lifevery.biz.ua\/index.php?rest_route=%2Fwp%2Fv2%2Fcategories&post=61"},{"taxonomy":"post_tag","embeddable":true,"href":"https:\/\/lifevery.biz.ua\/index.php?rest_route=%2Fwp%2Fv2%2Ftags&post=61"}],"curies":[{"name":"wp","href":"https:\/\/api.w.org\/{rel}","templated":true}]}}