{"id":6081,"date":"2026-03-20T04:49:31","date_gmt":"2026-03-20T04:49:31","guid":{"rendered":"https:\/\/lifevery.biz.ua\/?p=6081"},"modified":"2026-03-20T04:49:31","modified_gmt":"2026-03-20T04:49:31","slug":"nie-zyje-legendarny-polski-sportowiec-dlugo-walczyl-z-choroba","status":"publish","type":"post","link":"https:\/\/lifevery.biz.ua\/?p=6081","title":{"rendered":"Nie \u017cyje legendarny polski sportowiec. D\u0142ugo walczy\u0142 z chorob\u0105"},"content":{"rendered":"\n<p>\u015awiat polskiego sportu pogr\u0105\u017cy\u0142 si\u0119 w \u017ca\u0142obie po doniesieniach o \u015bmierci jednego z najwybitniejszych kolarzy lat 60. Odej\u015bcie triumfatora Tour de Pologne i reprezentanta kraju na igrzyskach olimpijskich potwierdzi\u0142a rodzina oraz lokalne media. Ta strata ko\u0144czy pewn\u0105 epok\u0119 w historii polskiego kolarstwa szosowego.<\/p>\n\n\n\n<p>Sukcesy na krajowych i mi\u0119dzynarodowych trasach<br>Olimpijski debiut i pechowy brak paszportu<br>Droga ze Wschodu na Dolny \u015al\u0105sk<br>Walka o zdrowie i szczeg\u00f3\u0142y pogrzebu<br>Sukcesy na krajowych i mi\u0119dzynarodowych trasach<br>J\u00f3zef Beker zmar\u0142 18 marca 2026 roku w wieku 88 lat, o czym poinformowa\u0142a jego c\u00f3rka. Najwi\u0119kszym indywidualnym sukcesem w jego karierze by\u0142o zwyci\u0119stwo w klasyfikacji generalnej wy\u015bcigu Tour de Pologne w 1965 roku. Rok 1961 przyni\u00f3s\u0142 mu tytu\u0142 mistrza Polski w wy\u015bcigu dru\u017cynowym oraz uznanie za najlepszego kolarza szosowego w kraju.&nbsp;<\/p>\n\n\n\n<p>Beker z powodzeniem startowa\u0142 r\u00f3wnie\u017c w Wy\u015bcigu Pokoju oraz mistrzostwach \u015bwiata, gdzie w 1963 roku zaj\u0105\u0142 5. miejsce w wy\u015bcigu dru\u017cynowym na 100 km. Jego wszechstronno\u015b\u0107 potwierdza tytu\u0142 wicemistrza Polski w wy\u015bcigu g\u00f3rskim zdobyty w 1966 roku.<br><\/p>\n\n\n\n<p>Olimpijski debiut i pechowy brak paszportu<br>Wa\u017cnym rozdzia\u0142em w \u017cyciorysie sportowca by\u0142 start na Igrzyskach Olimpijskich w Tokio w 1964 roku. Wyst\u0105pi\u0142 tam w wy\u015bcigu dru\u017cynowym na 100 km, w kt\u00f3rym polski zesp\u00f3\u0142 zaj\u0105\u0142 11. miejsce. Partnerami Bekera byli w\u00f3wczas Andrzej B\u0142awdzin, Jan Magiera oraz Rajmund Zieli\u0144ski.&nbsp;<\/p>\n\n\n\n<p>Niewiele brakowa\u0142o, a kolarz zadebiutowa\u0142by na najwa\u017cniejszej imprezie sportowej \u015bwiata cztery lata wcze\u015bniej. Mia\u0142 szans\u0119 na wyjazd na igrzyska w Rzymie w 1960 roku, b\u0119d\u0105c w wysokiej formie, jednak ostatecznie uniemo\u017cliwi\u0142 mu to brak paszportu. Na olimpijski debiut musia\u0142 poczeka\u0107 kolejny cykl przygotowa\u0144.<br>Czytaj wi\u0119cej: https:\/\/goniec.pl\/nie-zyje-legendarny-polski-sportowiec-dlugo-walczyl-z-choroba-ki-wwi-190326<\/p>\n\n\n\n<p>Droga ze Wschodu na Dolny \u015al\u0105sk<br>J\u00f3zef Beker urodzi\u0142 si\u0119 28 marca 1937 roku w Starym Mie\u015bcie w pobli\u017cu Tarnopola. Swoj\u0105 karier\u0119 sportow\u0105 oraz wi\u0119kszo\u015b\u0107 \u017cycia zwi\u0105za\u0142 jednak z Dolnym \u015al\u0105skiem. Reprezentowa\u0142 barwy klub\u00f3w Odra Brzeg oraz LZS Mokrzesz\u00f3w. Lokalna spo\u0142eczno\u015b\u0107 \u015awidnicy, z kt\u00f3r\u0105 by\u0142 blisko zwi\u0105zany, upami\u0119tni\u0142a jego posta\u0107 muralem autorstwa Roberta Kukli.&nbsp;<\/p>\n\n\n\n<p>Dzie\u0142o to znajduje si\u0119 w tunelu na \u015bcie\u017cce rowerowej (Aleja Kolarska) pomi\u0119dzy ulicami Kraszowick\u0105 i Westerplatte, o czym przypomnia\u0142 portal swidnica24.pl. Po zako\u0144czeniu kariery sportowej zajmowa\u0142 si\u0119 prowadzeniem w\u0142asnej dzia\u0142alno\u015bci gospodarczej, w tym kwiaciarni i lodziarni.<\/p>\n\n\n\n<p>Walka o zdrowie i szczeg\u00f3\u0142y pogrzebu<br>Mimo zako\u0144czenia kariery, Beker pozostawa\u0142 w doskona\u0142ej formie fizycznej, kt\u00f3r\u0105 wystawi\u0142 na pr\u00f3b\u0119 tragiczny upadek z drabiny w 2008 roku. Jak wspomina\u0142 kolarz w rozmowie z serwisem Onet, po zdarzeniu dosz\u0142o do powstania gro\u017anego krwiaka, co wymaga\u0142o natychmiastowej reanimacji i trepanacji czaszki. Sportowiec sp\u0119dzi\u0142 w\u00f3wczas miesi\u0105c w \u015bpi\u0105czce m\u00f3zgowej, jednak dzi\u0119ki determinacji i opiece \u017cony zdo\u0142a\u0142 powr\u00f3ci\u0107 do sprawno\u015bci, a nawet rozwija\u0107 now\u0105 pasj\u0119, jak\u0105 sta\u0142 si\u0119 tenis.<\/p>\n\n\n\n<p>Jak poda\u0142 profil \u201e\u015awidnica na rowery\u201d, powo\u0142uj\u0105c si\u0119 na informacje od rodziny, ostatnie po\u017cegnanie dla najbli\u017cszych odb\u0119dzie si\u0119 20 marca w \u015awiebodzicach. Msza \u015bwi\u0119ta pogrzebowa zostanie odprawiona 27 marca 2026 roku o godzinie 14:00 na cmentarzu w Mokrzeszowie.<br><\/p>\n","protected":false},"excerpt":{"rendered":"\u015awiat polskiego sportu pogr\u0105\u017cy\u0142 si\u0119 w \u017ca\u0142obie po doniesieniach o \u015bmierci jednego z najwybitniejszych kolarzy lat 60. Odej\u015bcie triumfatora Tour de Pologne i \n<a class=\"moretag\" href=\"https:\/\/lifevery.biz.ua\/?p=6081\"> [...]<\/a>","protected":false},"author":1,"featured_media":6082,"comment_status":"open","ping_status":"open","sticky":false,"template":"","format":"standard","meta":{"footnotes":""},"categories":[1],"tags":[],"class_list":["post-6081","post","type-post","status-publish","format-standard","has-post-thumbnail","hentry","category-blog"],"_links":{"self":[{"href":"https:\/\/lifevery.biz.ua\/index.php?rest_route=\/wp\/v2\/posts\/6081","targetHints":{"allow":["GET"]}}],"collection":[{"href":"https:\/\/lifevery.biz.ua\/index.php?rest_route=\/wp\/v2\/posts"}],"about":[{"href":"https:\/\/lifevery.biz.ua\/index.php?rest_route=\/wp\/v2\/types\/post"}],"author":[{"embeddable":true,"href":"https:\/\/lifevery.biz.ua\/index.php?rest_route=\/wp\/v2\/users\/1"}],"replies":[{"embeddable":true,"href":"https:\/\/lifevery.biz.ua\/index.php?rest_route=%2Fwp%2Fv2%2Fcomments&post=6081"}],"version-history":[{"count":1,"href":"https:\/\/lifevery.biz.ua\/index.php?rest_route=\/wp\/v2\/posts\/6081\/revisions"}],"predecessor-version":[{"id":6083,"href":"https:\/\/lifevery.biz.ua\/index.php?rest_route=\/wp\/v2\/posts\/6081\/revisions\/6083"}],"wp:featuredmedia":[{"embeddable":true,"href":"https:\/\/lifevery.biz.ua\/index.php?rest_route=\/wp\/v2\/media\/6082"}],"wp:attachment":[{"href":"https:\/\/lifevery.biz.ua\/index.php?rest_route=%2Fwp%2Fv2%2Fmedia&parent=6081"}],"wp:term":[{"taxonomy":"category","embeddable":true,"href":"https:\/\/lifevery.biz.ua\/index.php?rest_route=%2Fwp%2Fv2%2Fcategories&post=6081"},{"taxonomy":"post_tag","embeddable":true,"href":"https:\/\/lifevery.biz.ua\/index.php?rest_route=%2Fwp%2Fv2%2Ftags&post=6081"}],"curies":[{"name":"wp","href":"https:\/\/api.w.org\/{rel}","templated":true}]}}