{"id":6068,"date":"2026-03-19T21:03:02","date_gmt":"2026-03-19T21:03:02","guid":{"rendered":"https:\/\/lifevery.biz.ua\/?p=6068"},"modified":"2026-03-19T21:03:02","modified_gmt":"2026-03-19T21:03:02","slug":"nie-zyje-zona-polskiego-polityka-kondolencje-splywaja-z-calej-polski","status":"publish","type":"post","link":"https:\/\/lifevery.biz.ua\/?p=6068","title":{"rendered":"Nie \u017cyje \u017cona polskiego polityka. Kondolencje sp\u0142ywaj\u0105 z ca\u0142ej Polski"},"content":{"rendered":"\n<p>Nie \u017cyje \u017cona jednego z polskich polityk\u00f3w zwi\u0105zanych z Koalicj\u0105 Obywatelsk\u0105. Informacja o jej \u015bmierci poruszy\u0142a \u015brodowisko polityczne i szybko obieg\u0142a media oraz sie\u0107, wywo\u0142uj\u0105c fal\u0119 reakcji. W mediach spo\u0142eczno\u015bciowych pojawi\u0142y si\u0119 liczne kondolencje, s\u0142owa wsparcia i wyrazy wsp\u00f3\u0142czucia kierowane do pogr\u0105\u017conej w \u017ca\u0142obie rodziny. G\u0142os zabierali tak\u017ce wsp\u00f3\u0142pracownicy z \u015brodowiska polityka.<\/p>\n\n\n\n<p>Dramat w rodzinie europos\u0142a. Kim by\u0142a zmar\u0142a \u017cona polityka?<br>Politycy Koalicji Obywatelskiej reaguj\u0105<br>Polityk z Warmii i Mazur. Lata pracy w samorz\u0105dzie i Europie<br>Dramat w rodzinie europos\u0142a. Kim by\u0142a zmar\u0142a \u017cona polityka?<br>Nie \u017cyje Eleonora Protas \u2013 \u017cona europos\u0142a Koalicji Obywatelskiej, Jacka Protasa. Informacja o jej \u015bmierci obieg\u0142a media i szybko zosta\u0142a potwierdzona przez polityk\u00f3w oraz osoby zwi\u0105zane z \u017cyciem publicznym. W sieci pojawi\u0142y si\u0119 liczne wpisy kondolencyjne, w kt\u00f3rych podkre\u015blano smutek i wsp\u00f3\u0142czucie dla rodziny zmar\u0142ej.<\/p>\n\n\n\n<p>Eleonora Protas by\u0142a osob\u0105 znan\u0105 przede wszystkim w \u015brodowisku lokalnym Warmii i Mazur. W przesz\u0142o\u015bci by\u0142a aktywna zawodowo, m.in. prowadz\u0105c dzia\u0142alno\u015b\u0107 zwi\u0105zan\u0105 z us\u0142ugami kosmetycznymi. Jej nazwisko pojawia\u0142o si\u0119 r\u00f3wnie\u017c w przestrzeni publicznej przy okazji dzia\u0142alno\u015bci jej m\u0119\u017ca, kt\u00f3ry przez lata pe\u0142ni\u0142 wa\u017cne funkcje samorz\u0105dowe, a nast\u0119pnie zosta\u0142 europos\u0142em.<\/p>\n\n\n\n<p>\u015amier\u0107 Eleonory Protas zosta\u0142a przyj\u0119ta z du\u017cym poruszeniem. Jak wynika z publikacji medialnych, informacja ta by\u0142a dla wielu os\u00f3b zaskoczeniem, a szczeg\u00f3\u0142y dotycz\u0105ce okoliczno\u015bci zgonu nie zosta\u0142y szeroko ujawnione. W oficjalnych komunikatach dominuj\u0105 przede wszystkim wyrazy wsp\u00f3\u0142czucia i solidarno\u015bci z rodzin\u0105.<br><\/p>\n\n\n\n<p>Politycy Koalicji Obywatelskiej reaguj\u0105<br>\u015amier\u0107 \u017cony Jacka Protasa wywo\u0142a\u0142a natychmiastow\u0105 reakcj\u0119 w \u015brodowisku politycznym, szczeg\u00f3lnie w\u015br\u00f3d przedstawicieli Koalicji Obywatelskiej. Wielu polityk\u00f3w opublikowa\u0142o w mediach spo\u0142eczno\u015bciowych kondolencje, podkre\u015blaj\u0105c zar\u00f3wno osobisty wymiar tragedii, jak i ogromn\u0105 strat\u0119 dla bliskich.<\/p>\n\n\n\n<p>Politycy nie ograniczali si\u0119 do oficjalnych formu\u0142ek, ale cz\u0119sto odnosili si\u0119 do relacji kole\u017ce\u0144skich i wieloletniej wsp\u00f3\u0142pracy z Jackiem Protasem. W ich wypowiedziach pojawia\u0142y si\u0119 s\u0142owa wsparcia, otuchy i solidarno\u015bci w obliczu tragedii.<\/p>\n\n\n\n<p>Wiadomo\u015b\u0107 o \u015bmierci Pani Eleonory Protas przyj\u0105\u0142em z wielkim smutkiem. Panu Jackowi Protasowi &#8211; Pos\u0142owi do Parlamentu Europejskiego oraz Jego Bliskim sk\u0142adam szczere wyrazy wsp\u00f3\u0142czucia<\/p>\n\n\n\n<p>\u2013napisali na platformie Facebook senator Maciej \u017bywno, pose\u0142 Krzysztof Truskolaski, oraz marsza\u0142ek wojew\u00f3dztwa podlaskiego, \u0141ukasz Prokorym<\/p>\n\n\n\n<p>Co istotne, reakcje nie ograniczy\u0142y si\u0119 wy\u0142\u0105cznie do polityk\u00f3w z jednego \u015brodowiska. Kondolencje nap\u0142ywa\u0142y tak\u017ce od samorz\u0105dowc\u00f3w oraz os\u00f3b publicznych z ca\u0142ej Polski. Jak wskazuj\u0105 media regionalne, skala wsparcia pokazuje, jak du\u017ce poruszenie wywo\u0142a\u0142a ta wiadomo\u015b\u0107 w ca\u0142ym kraju.<\/p>\n\n\n\n<p>Polityk z Warmii i Mazur. Lata pracy w samorz\u0105dzie i Europie<br>Jacek Protas to jeden z najbardziej rozpoznawalnych polityk\u00f3w zwi\u0105zanych z Warmi\u0105 i Mazurami. Urodzi\u0142 si\u0119 w 1964 roku w Lidzbarku Warmi\u0144skim i od lat pozostaje aktywny w \u017cyciu publicznym regionu. Swoj\u0105 karier\u0119 budowa\u0142 przede wszystkim w samorz\u0105dzie, gdzie zdoby\u0142 du\u017ce do\u015bwiadczenie i rozpoznawalno\u015b\u0107.<\/p>\n\n\n\n<p>Przez wiele lat pe\u0142ni\u0142 funkcj\u0119 marsza\u0142ka wojew\u00f3dztwa warmi\u0144sko-mazurskiego, odpowiadaj\u0105c za rozw\u00f3j regionu i realizacj\u0119 projekt\u00f3w finansowanych m.in. ze \u015brodk\u00f3w unijnych. Od 2006 roku kieruje tak\u017ce regionalnymi strukturami Platformy Obywatelskiej. W 2024 roku zosta\u0142 wybrany do Parlamentu Europejskiego, gdzie kontynuuje dzia\u0142alno\u015b\u0107 polityczn\u0105 na szczeblu mi\u0119dzynarodowym.<\/p>\n\n\n\n<p>Jego aktywno\u015b\u0107 koncentruje si\u0119 g\u0142\u00f3wnie na kwestiach rozwoju regionalnego, samorz\u0105du oraz funduszy europejskich. Dzi\u0119ki temu uchodzi za jednego z kluczowych polityk\u00f3w reprezentuj\u0105cych p\u00f3\u0142nocno-wschodni\u0105 Polsk\u0119.<\/p>\n\n\n\n<p>W \u017cyciu prywatnym pozostawa\u0142 raczej pow\u015bci\u0105gliwy. Wiadomo jednak, \u017ce jego \u017cona by\u0142a wa\u017cn\u0105 cz\u0119\u015bci\u0105 jego \u017cycia i wsparciem przez wiele lat. Jej \u015bmier\u0107 to dla niego ogromna strata osobista, a \u2013 jak podkre\u015blaj\u0105 komentatorzy \u2013 obecnie najwa\u017cniejsze jest zapewnienie rodzinie przestrzeni do prze\u017cywania \u017ca\u0142oby.<br><\/p>\n","protected":false},"excerpt":{"rendered":"Nie \u017cyje \u017cona jednego z polskich polityk\u00f3w zwi\u0105zanych z Koalicj\u0105 Obywatelsk\u0105. Informacja o jej \u015bmierci poruszy\u0142a \u015brodowisko polityczne i szybko obieg\u0142a media oraz \n<a class=\"moretag\" href=\"https:\/\/lifevery.biz.ua\/?p=6068\"> [...]<\/a>","protected":false},"author":1,"featured_media":6069,"comment_status":"open","ping_status":"open","sticky":false,"template":"","format":"standard","meta":{"footnotes":""},"categories":[1],"tags":[],"class_list":["post-6068","post","type-post","status-publish","format-standard","has-post-thumbnail","hentry","category-blog"],"_links":{"self":[{"href":"https:\/\/lifevery.biz.ua\/index.php?rest_route=\/wp\/v2\/posts\/6068","targetHints":{"allow":["GET"]}}],"collection":[{"href":"https:\/\/lifevery.biz.ua\/index.php?rest_route=\/wp\/v2\/posts"}],"about":[{"href":"https:\/\/lifevery.biz.ua\/index.php?rest_route=\/wp\/v2\/types\/post"}],"author":[{"embeddable":true,"href":"https:\/\/lifevery.biz.ua\/index.php?rest_route=\/wp\/v2\/users\/1"}],"replies":[{"embeddable":true,"href":"https:\/\/lifevery.biz.ua\/index.php?rest_route=%2Fwp%2Fv2%2Fcomments&post=6068"}],"version-history":[{"count":1,"href":"https:\/\/lifevery.biz.ua\/index.php?rest_route=\/wp\/v2\/posts\/6068\/revisions"}],"predecessor-version":[{"id":6070,"href":"https:\/\/lifevery.biz.ua\/index.php?rest_route=\/wp\/v2\/posts\/6068\/revisions\/6070"}],"wp:featuredmedia":[{"embeddable":true,"href":"https:\/\/lifevery.biz.ua\/index.php?rest_route=\/wp\/v2\/media\/6069"}],"wp:attachment":[{"href":"https:\/\/lifevery.biz.ua\/index.php?rest_route=%2Fwp%2Fv2%2Fmedia&parent=6068"}],"wp:term":[{"taxonomy":"category","embeddable":true,"href":"https:\/\/lifevery.biz.ua\/index.php?rest_route=%2Fwp%2Fv2%2Fcategories&post=6068"},{"taxonomy":"post_tag","embeddable":true,"href":"https:\/\/lifevery.biz.ua\/index.php?rest_route=%2Fwp%2Fv2%2Ftags&post=6068"}],"curies":[{"name":"wp","href":"https:\/\/api.w.org\/{rel}","templated":true}]}}